{"id":202051,"date":"2025-06-25T01:13:11","date_gmt":"2025-06-25T01:13:11","guid":{"rendered":"https:\/\/www.europesays.com\/fr\/202051\/"},"modified":"2025-06-25T01:13:11","modified_gmt":"2025-06-25T01:13:11","slug":"selfie-rate-un-touriste-endommage-une-peinture-du-xviiie-siecle-a-la-galerie-des-offices-de-florence","status":"publish","type":"post","link":"https:\/\/www.europesays.com\/fr\/202051\/","title":{"rendered":"Selfie rat\u00e9 : un touriste endommage une peinture du XVIIIe si\u00e8cle \u00e0 la Galerie des Offices de Florence"},"content":{"rendered":"<p>  Par&amp;nbsp<a href=\"https:\/\/fr.euronews.com\/profils\/2538\" rel=\"nofollow noopener\" target=\"_blank\">David Mouriquand<\/a>&amp;nbsp&amp;&amp;nbsp<b>Jean-Philippe LIABOT<\/b><\/p>\n<p>\n                    Publi\u00e9 le                 24\/06\/2025 &#8211; 11:35 UTC+2\u2022Mis \u00e0 jour<br \/>\n                                     12:20<\/p>\n<p><img decoding=\"async\" class=\"c-ad__placeholder__logo\" src=\"https:\/\/static.euronews.com\/website\/images\/logos\/logo-euronews-grey-6-180x22.svg\" width=\"180\" height=\"22\" alt=\"\" loading=\"lazy\"\/>PUBLICIT\u00c9<\/p>\n<p>Un touriste tentant de se prendre en photo devant un portrait du XVIIIe si\u00e8cle dans les galeries des Offices \u00e0 Florence a tr\u00e9buch\u00e9 et laiss\u00e9 un trou dans l&rsquo;\u0153uvre d&rsquo;art.<\/p>\n<p>L&rsquo;homme qui prenait un selfie a tr\u00e9buch\u00e9 sur la plate-forme destin\u00e9e \u00e0 maintenir les visiteurs \u00e0 distance du portrait de Ferdinand de M\u00e9dicis, \u00ab\u00a0Grand Duc de Toscane\u00a0\u00bb (vers 1695-1700), r\u00e9alis\u00e9 par le peintre baroque italien <strong>Anton Domenico Gabbiani<\/strong>.<\/p>\n<p>Les images de l&rsquo;incident ont \u00e9t\u00e9 publi\u00e9es sur les r\u00e9seaux sociaux et sur toutes les chaines italiennes. <\/p>\n<p>La toile, qui fait partie de l&rsquo;exposition \u00ab\u00a0<a href=\"https:\/\/www.uffizi.it\/en\/events\/florence-and-europe\" target=\"_blank\" rel=\"noreferrer nofollow noopener\"><strong>Florence et l&rsquo;Europe : Arts du XVIIIe si\u00e8cle<\/strong><\/a>\u00a0\u00bb aux Offices, a depuis \u00e9t\u00e9 retir\u00e9e pour \u00eatre r\u00e9par\u00e9e.<\/p>\n<p>Le mus\u00e9e a conclu que les dommages \u00e9taient relativement mineurs. N\u00e9anmoins, l&rsquo;exposition est d\u00e9sormais ferm\u00e9e jusqu&rsquo;au 2 juillet \u00e0 la suite de cet incident. Le tableau sera r\u00e9par\u00e9 entre-temps afin qu&rsquo;il soit pr\u00eat \u00e0 \u00eatre expos\u00e9 \u00e0 nouveau. L&rsquo;exposition se poursuivra ensuite, comme pr\u00e9vu, jusqu&rsquo;au 28 novembre.<\/p>\n<p><strong>Simone Verde<\/strong>, directeur des galeries des Offices, a d\u00e9clar\u00e9 dans un communiqu\u00e9 : \u00ab\u00a0Le probl\u00e8me des visiteurs qui viennent dans les mus\u00e9es pour faire des m\u00e8mes ou prendre des selfies pour les m\u00e9dias sociaux est end\u00e9mique : nous fixerons des limites tr\u00e8s pr\u00e9cises, emp\u00eachant les comportements qui ne sont pas compatibles avec le sens de nos institutions et le respect du patrimoine culturel.\u00a0\u00bb<\/p>\n<p>M. Verde a ajout\u00e9 : \u00ab\u00a0Le touriste, qui a \u00e9t\u00e9 imm\u00e9diatement identifi\u00e9, sera poursuivi en justice\u00a0\u00bb.<\/p>\n<p>Les visiteurs de mus\u00e9es \u00e0 la recherche de la photo parfaite et qui endommagent accidentellement les objets expos\u00e9s sont un probl\u00e8me croissant.<\/p>\n<p>Cet incident fait suite \u00e0 un autre dommage r\u00e9cent caus\u00e9 par un touriste au Palazzo Maffei de V\u00e9rone. Un visiteur <a href=\"https:\/\/www.euronews.com\/culture\/2025\/06\/16\/italian-museum-reports-couple-to-police-for-damaging-precious-van-gogh-chair\" rel=\"nofollow noopener\" target=\"_blank\"><strong>a endommag\u00e9 une \u0153uvre sertie de cristaux intitul\u00e9e \u00ab\u00a0La chaise de Van Gogh\u00a0\u00bb<\/strong><\/a> (2006-2007) de l&rsquo;artiste Nicola Bolla. (article en anglais) <\/p>\n<p>Ces images de vid\u00e9osurveillance montre l&rsquo;homme assis sur la chaise et posant pour une photo avant que le si\u00e8ge ne se d\u00e9forme sous son poids. Le mus\u00e9e a d\u00e9clar\u00e9 que l&rsquo;incident avait \u00e9t\u00e9 signal\u00e9 \u00e0 la police.<\/p>\n<p>En avril, <a href=\"https:\/\/fr.euronews.com\/culture\/2025\/04\/29\/pays-bas-un-enfant-endommage-un-tableau-de-mark-rothko-estime-a-50-millions-deuros\" rel=\"nofollow noopener\" target=\"_blank\"><strong>une peinture de Mark Rothko a \u00e9t\u00e9 endommag\u00e9e par un enfant<\/strong><\/a> lors d&rsquo;un \u00ab\u00a0moment sans surveillance\u00a0\u00bb au mus\u00e9e n\u00e9erlandais Boijmans Van Beuningen.<\/p>\n<p>La peinture abstraite de 1960, \u00ab\u00a0<strong>Grey, Orange on Maroon, No. 8<\/strong>\u00ab\u00a0, a \u00e9t\u00e9 \u00ab\u00a0griff\u00e9e\u00a0\u00bb par l&rsquo;enfant qui visitait la galerie de Rotterdam o\u00f9 elle \u00e9tait expos\u00e9e. Le journal n\u00e9erlandais Algemeen Dagblad (AD) a estim\u00e9 que le tableau valait jusqu&rsquo;\u00e0 <strong>50 millions d&rsquo;euros<\/strong>.<\/p>\n","protected":false},"excerpt":{"rendered":"Par&amp;nbspDavid Mouriquand&amp;nbsp&amp;&amp;nbspJean-Philippe LIABOT Publi\u00e9 le 24\/06\/2025 &#8211; 11:35 UTC+2\u2022Mis \u00e0 jour 12:20 PUBLICIT\u00c9 Un touriste tentant de se&hellip;\n","protected":false},"author":2,"featured_media":202052,"comment_status":"","ping_status":"","sticky":false,"template":"","format":"standard","meta":{"footnotes":""},"categories":[1358],"tags":[1348,1384,1385,1386,58,59,33984,1011,27,3048,1585,1062],"class_list":{"0":"post-202051","1":"post","2":"type-post","3":"status-publish","4":"format-standard","5":"has-post-thumbnail","7":"category-arts-et-design","8":"tag-arts","9":"tag-arts-and-design","10":"tag-arts-et-design","11":"tag-design","12":"tag-divertissement","13":"tag-entertainment","14":"tag-florence","15":"tag-fr","16":"tag-france","17":"tag-musee","18":"tag-peinture","19":"tag-polemique"},"share_on_mastodon":{"url":"https:\/\/pubeurope.com\/@fr\/114741353308794911","error":""},"_links":{"self":[{"href":"https:\/\/www.europesays.com\/fr\/wp-json\/wp\/v2\/posts\/202051","targetHints":{"allow":["GET"]}}],"collection":[{"href":"https:\/\/www.europesays.com\/fr\/wp-json\/wp\/v2\/posts"}],"about":[{"href":"https:\/\/www.europesays.com\/fr\/wp-json\/wp\/v2\/types\/post"}],"author":[{"embeddable":true,"href":"https:\/\/www.europesays.com\/fr\/wp-json\/wp\/v2\/users\/2"}],"replies":[{"embeddable":true,"href":"https:\/\/www.europesays.com\/fr\/wp-json\/wp\/v2\/comments?post=202051"}],"version-history":[{"count":0,"href":"https:\/\/www.europesays.com\/fr\/wp-json\/wp\/v2\/posts\/202051\/revisions"}],"wp:featuredmedia":[{"embeddable":true,"href":"https:\/\/www.europesays.com\/fr\/wp-json\/wp\/v2\/media\/202052"}],"wp:attachment":[{"href":"https:\/\/www.europesays.com\/fr\/wp-json\/wp\/v2\/media?parent=202051"}],"wp:term":[{"taxonomy":"category","embeddable":true,"href":"https:\/\/www.europesays.com\/fr\/wp-json\/wp\/v2\/categories?post=202051"},{"taxonomy":"post_tag","embeddable":true,"href":"https:\/\/www.europesays.com\/fr\/wp-json\/wp\/v2\/tags?post=202051"}],"curies":[{"name":"wp","href":"https:\/\/api.w.org\/{rel}","templated":true}]}}