{"id":202055,"date":"2025-06-25T01:15:12","date_gmt":"2025-06-25T01:15:12","guid":{"rendered":"https:\/\/www.europesays.com\/fr\/202055\/"},"modified":"2025-06-25T01:15:12","modified_gmt":"2025-06-25T01:15:12","slug":"koh-lanta-2025-qui-est-le-grand-gagnant-de-koh-lanta-la-revanche-des-4-terres-koh-lanta","status":"publish","type":"post","link":"https:\/\/www.europesays.com\/fr\/202055\/","title":{"rendered":"Koh-Lanta 2025 &#8211; Qui est le grand gagnant de Koh-Lanta La Revanche des 4 Terres ? &#8211; Koh-Lanta"},"content":{"rendered":"<p id=\"descriptionPanel\" aria-labelledby=\"descriptionArrow\" aria-expanded=\"false\" class=\"mr-2 line-clamp-2 pr-2.5 text-secondary overflow-visible\">La grande Finale de \u00a0\u00bb Koh-Lanta, la Revanche des 4 Terres \u00a0\u00bb a sonn\u00e9 !&#13;Dans une saison marqu\u00e9e par \u00ab\u00a0le plus grand coup de bluff de toute l&rsquo;histoire de Koh-Lanta\u00a0\u00bb et apr\u00e8s une course d&rsquo;orientation palpitante, ils seront 3 finalistes \u00e0 affronter la mythique \u00e9preuve des Poteaux.&#13;Mais \u00ab\u00a0\u00e0 la fin, il n&rsquo;en restera qu&rsquo;un !\u00a0\u00bb&#13;Alors, qui restera en \u00e9quilibre le plus longtemps et pourra choisir son co-finaliste ?&#13;Qui des deux Finalistes sera sacr\u00e9 vainqueur de cette \u00e9dition par le Jury Final ?&#13;Quelle terre sera sacr\u00e9e grande gagnante par la m\u00eame occasion ?&#13;L&rsquo;ultime aventurier, qui remportera les 100 000 euros apr\u00e8s plus de 40 jours d&rsquo;efforts et de privations, sera-t-il du Nord, du Sud, de l&rsquo;Est ou de l&rsquo;Ouest ?&#13;Ne manquez pas la Finale de \u00a0\u00bb Koh-Lanta, la Revanche des 4 Terres \u00ab\u00a0,&#13;le mardi 24 juin d\u00e8s 21h10 sur TF1 et TF1+ !<br \/>En savoir plus sur <a class=\"text-white hover:text-blue-500\" href=\"https:\/\/www.tf1.fr\/dossier\/gaelle-koh-lanta-la-revanche-des-4-terres-38856247\" target=\"_blank\" rel=\"noopener\">Ga\u00eblle<\/a>, <a class=\"text-white hover:text-blue-500\" href=\"https:\/\/www.tf1.fr\/dossier\/mael-koh-lanta-la-revanche-des-4-terres-35254443\" target=\"_blank\" rel=\"noopener\">Ma\u00ebl<\/a> ou <a class=\"text-white hover:text-blue-500\" href=\"https:\/\/www.tf1.fr\/dossier\/denis-brogniart\" target=\"_blank\" rel=\"noopener\">Denis Brogniart<\/a><\/p>\n<p><a class=\"shrink-0\" href=\"https:\/\/www.tf1.fr\/tf1\/koh-lanta\" target=\"_blank\" rel=\"noopener\"><img decoding=\"async\" src=\"https:\/\/www.europesays.com\/fr\/wp-content\/uploads\/2025\/06\/program-card-portrait-1-koh-lanta-la-finale-c0e925-522e7a-0@1x.jpg\" width=\"138\" height=\"184\" alt=\"\" loading=\"eager\" fetchpriority=\"auto\" class=\"aspect-[3\/4] h-24 w-auto rounded-3px\" aria-hidden=\"true\"\/><\/a><\/p>\n","protected":false},"excerpt":{"rendered":"La grande Finale de \u00a0\u00bb Koh-Lanta, la Revanche des 4 Terres \u00a0\u00bb a sonn\u00e9 !&#13;Dans une saison marqu\u00e9e&hellip;\n","protected":false},"author":2,"featured_media":202056,"comment_status":"","ping_status":"","sticky":false,"template":"","format":"standard","meta":{"footnotes":""},"categories":[1356],"tags":[58,59,3483,34135,1011,27,680,34136,13316,252,1364,13317,13315],"class_list":{"0":"post-202055","1":"post","2":"type-post","3":"status-publish","4":"format-standard","5":"has-post-thumbnail","7":"category-television","8":"tag-divertissement","9":"tag-entertainment","10":"tag-extrait","11":"tag-extrait-koh-lanta","12":"tag-fr","13":"tag-france","14":"tag-koh-lanta","15":"tag-koh-lanta-extrait","16":"tag-streaming-koh-lanta","17":"tag-television","18":"tag-tv","19":"tag-video-en-streaming-koh-lanta","20":"tag-video-koh-lanta"},"share_on_mastodon":{"url":"https:\/\/pubeurope.com\/@fr\/114741361133577026","error":""},"_links":{"self":[{"href":"https:\/\/www.europesays.com\/fr\/wp-json\/wp\/v2\/posts\/202055","targetHints":{"allow":["GET"]}}],"collection":[{"href":"https:\/\/www.europesays.com\/fr\/wp-json\/wp\/v2\/posts"}],"about":[{"href":"https:\/\/www.europesays.com\/fr\/wp-json\/wp\/v2\/types\/post"}],"author":[{"embeddable":true,"href":"https:\/\/www.europesays.com\/fr\/wp-json\/wp\/v2\/users\/2"}],"replies":[{"embeddable":true,"href":"https:\/\/www.europesays.com\/fr\/wp-json\/wp\/v2\/comments?post=202055"}],"version-history":[{"count":0,"href":"https:\/\/www.europesays.com\/fr\/wp-json\/wp\/v2\/posts\/202055\/revisions"}],"wp:featuredmedia":[{"embeddable":true,"href":"https:\/\/www.europesays.com\/fr\/wp-json\/wp\/v2\/media\/202056"}],"wp:attachment":[{"href":"https:\/\/www.europesays.com\/fr\/wp-json\/wp\/v2\/media?parent=202055"}],"wp:term":[{"taxonomy":"category","embeddable":true,"href":"https:\/\/www.europesays.com\/fr\/wp-json\/wp\/v2\/categories?post=202055"},{"taxonomy":"post_tag","embeddable":true,"href":"https:\/\/www.europesays.com\/fr\/wp-json\/wp\/v2\/tags?post=202055"}],"curies":[{"name":"wp","href":"https:\/\/api.w.org\/{rel}","templated":true}]}}