{"id":2021,"date":"2025-04-04T06:01:10","date_gmt":"2025-04-04T06:01:10","guid":{"rendered":"https:\/\/www.europesays.com\/fr\/2021\/"},"modified":"2025-04-04T06:01:10","modified_gmt":"2025-04-04T06:01:10","slug":"un-tableau-redecouvert-de-william-turner-mis-en-vente-a-38-millions-deuros","status":"publish","type":"post","link":"https:\/\/www.europesays.com\/fr\/2021\/","title":{"rendered":"Un tableau red\u00e9couvert de William Turner mis en vente \u00e0 38 millions d\u2019euros"},"content":{"rendered":"<p>Depuis le 31 mars, la galerie autrichienne Artziwna de Vienne expose et vend une \u0153uvre oubli\u00e9e du ma\u00eetre anglais. Peint durant les ann\u00e9es 1840, il a \u00e9t\u00e9 expertis\u00e9 puis attribu\u00e9 au pr\u00e9curseur de l\u2019impressionnisme en octobre 2024.<\/p>\n<p class=\"fig-paragraph\">Une peinture perdue qui vaut d\u00e9sormais de l\u2019or. Lundi 31 mars, la galerie viennoise Artziwna a mis en vente, un tableau r\u00e9cemment attribu\u00e9 au\u00a0<a href=\"https:\/\/www.lefigaro.fr\/arts-expositions\/william-turner-l-obsession-du-soleil-20230313\" data-fig-type=\"Article\" data-gtm-custom-categorie=\"navigation\" data-gtm-custom-action=\"crossclick\" data-gtm-custom-label=\"Contextuel\" data-gtm-event=\"customEventSPE\" data-fig-domain=\"LEFIGARO\" target=\"_blank\" rel=\"noopener\">peintre anglais William Turner\u00a0<\/a>(1775-1851). D\u2019une dimension de 60 sur 90 centim\u00e8tres, la valeur de la toile est estim\u00e9e \u00e0 38 millions d\u2019euros, rapporte\u00a0<a href=\"https:\/\/wien.orf.at\/stories\/3299282\/\" target=\"_blank\" rel=\"nofollow noopener\" data-gtm-custom-categorie=\"navigation\" data-gtm-custom-action=\"crossclick\" data-gtm-custom-label=\"Contextuel\" data-gtm-event=\"customEventSPE\">la radio autrichienne ORF<\/a> . Identifi\u00e9e en octobre dernier, l\u2019\u0153uvre est une autre version du tableau Venise, vue depuis le canal de la Giudecca, avec l\u2019\u00e9glise de Santa Maria della Salute, expos\u00e9 au\u00a0<a href=\"http:\/\/www.lefigaro.fr\/culture\/le-victoria-and-albert-museum-annonce-une-exposition-gratuite-sur-taylor-swift-20240702\" data-fig-type=\"Article\" data-gtm-custom-categorie=\"navigation\" data-gtm-custom-action=\"crossclick\" data-gtm-custom-label=\"Contextuel\" data-gtm-event=\"customEventSPE\" data-fig-domain=\"LEFIGARO\" target=\"_blank\" rel=\"noopener\">Victoria &amp; Albert Mus\u00e9um de Londres<\/a>. Sur cette peinture, r\u00e9alis\u00e9 vers 1840, on y admire la cit\u00e9 des Doges et ses c\u00e9l\u00e8bres gondoles, au milieu d\u2019une l\u00e9g\u00e8re brume, un \u00e9l\u00e9ment caract\u00e9ristique du peintre.<\/p>\n<p>Une \u0153uvre qui aurait vagabond\u00e9 en Autriche depuis les ann\u00e9es 1950<\/p>\n<p class=\"fig-paragraph\">L\u2019actuel propri\u00e9taire de l\u2019\u0153uvre, qui n\u2019a pas r\u00e9v\u00e9l\u00e9 son nom, a achet\u00e9 le tableau en 2005 aupr\u00e8s d\u2019un collectionneur priv\u00e9 autrichien. Intrigu\u00e9 par la signature du peintre, l\u2019acheteur a command\u00e9 une enqu\u00eate aupr\u00e8s d\u2019experts scientifiques. Apr\u00e8s plusieurs mois d\u2019analyses, l\u2019\u00e9quipe de sp\u00e9cialistes, men\u00e9e par le conservateur du Belv\u00e9d\u00e8re Frank Smola et la codirectrice de l\u2019Acad\u00e9mie des Beaux-arts de\u00a0<a href=\"https:\/\/www.lefigaro.fr\/voyages\/dossier\/autriche-de-vienne-a-salzbourg-le-guide-de-voyage-du-figaro\" data-fig-type=\"Topic\" data-gtm-custom-categorie=\"navigation\" data-gtm-custom-action=\"crossclick\" data-gtm-custom-label=\"Contextuel\" data-gtm-event=\"customEventSPE\" data-fig-domain=\"LEFIGARO\" target=\"_blank\" rel=\"noopener\">Vienne<\/a>\u00a0Katja Sterflinger, a conclu en octobre 2024, que \u00ab\u00a0Toutes les recherches scientifiques prouvent qu\u2019il ne peut s\u2019agir que d\u2019un tableau de William Turner\u00a0\u00bb. Selon eux l\u2019\u0153uvre\u00a0: \u00ab se trouvait en Autriche depuis les ann\u00e9es 1950\u00a0\u00bb. Plut\u00f4t que de le proposer aux ench\u00e8res, le propri\u00e9taire actuel pr\u00e9f\u00e8re le vendre par le biais de la galerie d\u2019art Artziwna.<\/p>\n<p class=\"fig-paragraph\">Grand peintre\u00a0<a href=\"https:\/\/www.lefigaro.fr\/arts-expositions\/volee-en-france-en-1973-une-toile-du-peintre-romantique-chasseriau-ressurgit-en-allemagne-20190712\" data-fig-type=\"Article\" data-gtm-custom-categorie=\"navigation\" data-gtm-custom-action=\"crossclick\" data-gtm-custom-label=\"Contextuel\" data-gtm-event=\"customEventSPE\" data-fig-domain=\"LEFIGARO\" target=\"_blank\" rel=\"noopener\">romantique\u00a0<\/a>du XIXe si\u00e8cle, puis consid\u00e9r\u00e9 un pr\u00e9curseur de l\u2019impressionnisme, le britannique William Turner est admir\u00e9 pour des toiles de paysages et de marine. Son art se caract\u00e9rise par des formes sugg\u00e9r\u00e9es par la couleur plut\u00f4t que par les traits du dessin. Surnomm\u00e9 le \u00ab peintre de la lumi\u00e8re\u00a0\u00bb, il a r\u00e9alis\u00e9 durant sa carri\u00e8re, plus de 20 000 aquarelles, peintures ou carnets de croquis. L\u2019artiste aura aussi influenc\u00e9 de nombreux peintres comme\u00a0<a href=\"http:\/\/www.lefigaro.fr\/arts-expositions\/un-tableau-de-claude-monet-lie-a-la-persecution-nazie-mis-en-vente-par-le-kunsthaus-de-zurich-20240623\" data-fig-type=\"NewsFlash\" data-gtm-custom-categorie=\"navigation\" data-gtm-custom-action=\"crossclick\" data-gtm-custom-label=\"Contextuel\" data-gtm-event=\"customEventSPE\" data-fig-domain=\"LEFIGARO\" target=\"_blank\" rel=\"noopener\">Claude Monet<\/a>\u00a0ou Gustave Moreau.<\/p>\n","protected":false},"excerpt":{"rendered":"Depuis le 31 mars, la galerie autrichienne Artziwna de Vienne expose et vend une \u0153uvre oubli\u00e9e du ma\u00eetre&hellip;\n","protected":false},"author":2,"featured_media":2022,"comment_status":"","ping_status":"","sticky":false,"template":"","format":"standard","meta":{"footnotes":""},"categories":[1358],"tags":[47,1350,1348,1384,1385,1345,650,251,1386,58,59,1349,1346,1011,27,1351,873,1585,252,1347,1352,1584,1583],"class_list":{"0":"post-2021","1":"post","2":"type-post","3":"status-publish","4":"format-standard","5":"has-post-thumbnail","7":"category-arts-et-design","8":"tag-actualite","9":"tag-architecture","10":"tag-arts","11":"tag-arts-and-design","12":"tag-arts-et-design","13":"tag-cine","14":"tag-cinema","15":"tag-culture","16":"tag-design","17":"tag-divertissement","18":"tag-entertainment","19":"tag-expositions","20":"tag-films","21":"tag-fr","22":"tag-france","23":"tag-litterature","24":"tag-musique","25":"tag-peinture","26":"tag-television","27":"tag-theatre","28":"tag-urbanisme","29":"tag-vienne","30":"tag-william-turner"},"share_on_mastodon":{"url":"https:\/\/pubeurope.com\/@fr\/114278176108421373","error":""},"_links":{"self":[{"href":"https:\/\/www.europesays.com\/fr\/wp-json\/wp\/v2\/posts\/2021","targetHints":{"allow":["GET"]}}],"collection":[{"href":"https:\/\/www.europesays.com\/fr\/wp-json\/wp\/v2\/posts"}],"about":[{"href":"https:\/\/www.europesays.com\/fr\/wp-json\/wp\/v2\/types\/post"}],"author":[{"embeddable":true,"href":"https:\/\/www.europesays.com\/fr\/wp-json\/wp\/v2\/users\/2"}],"replies":[{"embeddable":true,"href":"https:\/\/www.europesays.com\/fr\/wp-json\/wp\/v2\/comments?post=2021"}],"version-history":[{"count":0,"href":"https:\/\/www.europesays.com\/fr\/wp-json\/wp\/v2\/posts\/2021\/revisions"}],"wp:featuredmedia":[{"embeddable":true,"href":"https:\/\/www.europesays.com\/fr\/wp-json\/wp\/v2\/media\/2022"}],"wp:attachment":[{"href":"https:\/\/www.europesays.com\/fr\/wp-json\/wp\/v2\/media?parent=2021"}],"wp:term":[{"taxonomy":"category","embeddable":true,"href":"https:\/\/www.europesays.com\/fr\/wp-json\/wp\/v2\/categories?post=2021"},{"taxonomy":"post_tag","embeddable":true,"href":"https:\/\/www.europesays.com\/fr\/wp-json\/wp\/v2\/tags?post=2021"}],"curies":[{"name":"wp","href":"https:\/\/api.w.org\/{rel}","templated":true}]}}