{"id":202107,"date":"2025-06-25T01:48:19","date_gmt":"2025-06-25T01:48:19","guid":{"rendered":"https:\/\/www.europesays.com\/fr\/202107\/"},"modified":"2025-06-25T01:48:19","modified_gmt":"2025-06-25T01:48:19","slug":"les-girondins-de-bordeaux-echappent-a-la-liquidation-judiciaire-et-restent-en-national-2","status":"publish","type":"post","link":"https:\/\/www.europesays.com\/fr\/202107\/","title":{"rendered":"les Girondins de Bordeaux \u00e9chappent \u00e0 la liquidation judiciaire et restent en National 2"},"content":{"rendered":"<p>Le tribunal de commerce de Bordeaux a valid\u00e9 ce mardi matin le plan de continuation des Girondins, mettant fin au redressement judiciaire. La DNCG a, ensuite, d\u00e9cid\u00e9 d\u2019encadrer la masse salariale du club.<\/p>\n<p class=\"fig-paragraph\">En homologuant mardi le plan de continuation d\u2019activit\u00e9 des Girondins, la justice a mis\u00a0<a href=\"http:\/\/www.lefigaro.fr\/sports\/football\/girondins-de-bordeaux-l-avenir-du-club-tranche-le-24-juin-apres-l-etude-de-recours-20250613\" target=\"_blank\" data-fig-type=\"NewsFlash\" rel=\"noopener\" data-gtm-custom-categorie=\"navigation\" data-gtm-custom-action=\"crossclick\" data-gtm-custom-label=\"Contextuel\" data-gtm-event=\"customEventSPE\" data-fig-domain=\"LEFIGARO\">fin \u00e0 un an de proc\u00e9dure de redressement judiciaire du club<\/a>, \u00e9galement autoris\u00e9 \u00e0 poursuivre en National 2 par la DNCG F\u00e9d\u00e9rale, qui demande toutefois l\u2019encadrement de la masse salariale.<\/p>\n<p class=\"fig-paragraph\">\u00abLes Girondins poursuivent leur route\u00bb, s\u2019est f\u00e9licit\u00e9 sur ses r\u00e9seaux le club au scapulaire, r\u00e9trograd\u00e9 administrativement en National 2 (4e division) depuis l\u2019an dernier. La d\u00e9cision du tribunal de commerce de Bordeaux lui permet \u00abde franchir une \u00e9tape essentielle dans sa reconstruction\u00bb, en \u00e9chappant \u00e0 une liquidation judiciaire qui l\u2019aurait plong\u00e9 en division r\u00e9gionale.<\/p>\n<p class=\"fig-paragraph\">Le plan de continuation d\u2019activit\u00e9, dont l\u2019ex\u00e9cution sera surveill\u00e9e par un commissaire d\u00e9sign\u00e9 par le tribunal, pr\u00e9voit une importante r\u00e9duction de la dette des Girondins, ramen\u00e9e d\u2019environ 100 millions d\u2019euros \u00e0 26 millions d\u2019euros, et rembours\u00e9e sur onze ans. Il y avait peu de suspense apr\u00e8s le vote des 431 cr\u00e9anciers du club, r\u00e9partis en 15 classes de parties affect\u00e9es (regroupement par statut, prioritaire ou pas, et par int\u00e9r\u00eat \u00e9conomique commun).<\/p>\n<p>La M\u00e9tropole (un peu) soulag\u00e9e<\/p>\n<p class=\"fig-paragraph\">Ils ont exprim\u00e9 un avis favorable \u00e0 69,87% au plan propos\u00e9, le seul examin\u00e9 apr\u00e8s que l\u2019ancien gardien international allemand Oliver Kahn, un temps int\u00e9ress\u00e9 par une reprise des Girondins, eut jet\u00e9 l\u2019\u00e9ponge d\u00e9but juin apr\u00e8s avoir consult\u00e9 leurs donn\u00e9es comptables de le data room. Ont vot\u00e9 contre, notamment, des clubs r\u00e9clamant des reliquats sur des transferts de joueurs &#8212; dont Amiens, Guingamp et Lille &#8212; ainsi que les collectivit\u00e9s locales, principalement la M\u00e9tropole de Bordeaux.<\/p>\n<p class=\"fig-paragraph\">Sur les 20 millions d\u2019euros de loyers impay\u00e9s au stade Matmut Atlantique, que la M\u00e9tropole va reprendre en r\u00e9gie publique cet \u00e9t\u00e9, seuls 15% doivent \u00eatre rembours\u00e9s par les Girondins selon le plan valid\u00e9 par le tribunal.<\/p>\n<p class=\"fig-paragraph\">Interrog\u00e9e par l\u2019AFP, la collectivit\u00e9 a r\u00e9pondu qu\u2019elle ne ferait pas appel du jugement, en d\u00e9pit de l\u2019abandon de 85% de sa cr\u00e9ance. \u00abDifficile de s\u2019en r\u00e9jouir mais une liquidation aurait signifi\u00e9 un \u00e9crasement total de celle-ci et surtout la rel\u00e9gation du club en r\u00e9gional, voire sa disparition\u00bb, a comment\u00e9 Christine Bost, pr\u00e9sidente de Bordeaux M\u00e9tropole, souhaitant \u00abqu\u2019enfin le volet sportif reprenne le dessus pour pr\u00e9parer la saison prochaine\u00bb.<\/p>\n<p>La DNCG encadre la masse salariale des Girondins<\/p>\n<p class=\"fig-paragraph\">Le feu vert du tribunal, tr\u00e8s attendu, est intervenu juste avant que le sextuple champion de France ne passe devant la DNCG f\u00e9d\u00e9rale. Le gendarme financier du football fran\u00e7ais a valid\u00e9 le budget pour la saison 2025\/2026 mais demand\u00e9 l\u2019encadrement de la masse salariale. Les Girondins restent en 4e division &#8212; ils ont termin\u00e9 4e de leur poule lors du dernier exercice, manquant ainsi la remont\u00e9e.<\/p>\n<p class=\"fig-paragraph\">Leur propri\u00e9taire depuis quatre ans, Gerard Lopez, s\u2019est pr\u00e9sent\u00e9 devant la Direction nationale de contr\u00f4le et de gestion apr\u00e8s avoir effectu\u00e9 dans les derni\u00e8res heures un virement de l\u2019ordre de neuf millions d\u2019euros, n\u00e9cessaires pour assurer le prochain budget de fonctionnement et rembourser les premi\u00e8res dettes. Pendant les dix prochaines ann\u00e9es, l\u2019homme d\u2019affaires hispano-luxembourgeois a promis d\u2019assumer son r\u00f4le d\u2019actionnaire et d\u2019injecter entre 33 et 69 millions d\u2019euros d\u2019ici 2036 selon les r\u00e9sultats sportifs et les trois sc\u00e9narios pr\u00e9sent\u00e9s au tribunal de commerce (remont\u00e9e en Ligue 1 en 2031, en L2 en 2033 ou plafonnement en National).<\/p>\n<p class=\"fig-paragraph\">Les Girondins, qui avaient \u00e9t\u00e9 rel\u00e9gu\u00e9s en L2 en 2022 apr\u00e8s trois d\u00e9cennies ininterrompues dans l\u2019\u00e9lite et n\u2019avaient pu remonter la saison suivante, avaient \u00e9t\u00e9 plac\u00e9s en redressement judiciaire le 30 juillet dernier. Abandonnant alors leur statut professionnel et leur centre de formation, ils avaient \u00e9t\u00e9 r\u00e9trograd\u00e9s administrativement en National 2.<\/p>\n","protected":false},"excerpt":{"rendered":"Le tribunal de commerce de Bordeaux a valid\u00e9 ce mardi matin le plan de continuation des Girondins, mettant&hellip;\n","protected":false},"author":2,"featured_media":202108,"comment_status":"","ping_status":"","sticky":false,"template":"","format":"standard","meta":{"footnotes":""},"categories":[2817],"tags":[1111,11,454,1997,69,448,83,451,64,1777,450,449,674,1011,27,2908,452,453,66,446,447,12,2219,70,25,455],"class_list":{"0":"post-202107","1":"post","2":"type-post","3":"status-publish","4":"format-standard","5":"has-post-thumbnail","7":"category-bordeaux","8":"tag-actu","9":"tag-actualites","10":"tag-ballon-dor","11":"tag-bordeaux","12":"tag-bundesliga","13":"tag-champions-league","14":"tag-coupe-de-france","15":"tag-coupe-du-monde","16":"tag-equipe-de-france","17":"tag-eu","18":"tag-euro","19":"tag-europa-league","20":"tag-europe","21":"tag-fr","22":"tag-france","23":"tag-girondins-de-bordeaux","24":"tag-italie","25":"tag-liga","26":"tag-ligue-1","27":"tag-ligue-2","28":"tag-ligue-des-champions","29":"tag-news","30":"tag-nouvelle-aquitaine","31":"tag-premier-league","32":"tag-republique-francaise","33":"tag-uefa"},"share_on_mastodon":{"url":"https:\/\/pubeurope.com\/@fr\/114741490781045800","error":""},"_links":{"self":[{"href":"https:\/\/www.europesays.com\/fr\/wp-json\/wp\/v2\/posts\/202107","targetHints":{"allow":["GET"]}}],"collection":[{"href":"https:\/\/www.europesays.com\/fr\/wp-json\/wp\/v2\/posts"}],"about":[{"href":"https:\/\/www.europesays.com\/fr\/wp-json\/wp\/v2\/types\/post"}],"author":[{"embeddable":true,"href":"https:\/\/www.europesays.com\/fr\/wp-json\/wp\/v2\/users\/2"}],"replies":[{"embeddable":true,"href":"https:\/\/www.europesays.com\/fr\/wp-json\/wp\/v2\/comments?post=202107"}],"version-history":[{"count":0,"href":"https:\/\/www.europesays.com\/fr\/wp-json\/wp\/v2\/posts\/202107\/revisions"}],"wp:featuredmedia":[{"embeddable":true,"href":"https:\/\/www.europesays.com\/fr\/wp-json\/wp\/v2\/media\/202108"}],"wp:attachment":[{"href":"https:\/\/www.europesays.com\/fr\/wp-json\/wp\/v2\/media?parent=202107"}],"wp:term":[{"taxonomy":"category","embeddable":true,"href":"https:\/\/www.europesays.com\/fr\/wp-json\/wp\/v2\/categories?post=202107"},{"taxonomy":"post_tag","embeddable":true,"href":"https:\/\/www.europesays.com\/fr\/wp-json\/wp\/v2\/tags?post=202107"}],"curies":[{"name":"wp","href":"https:\/\/api.w.org\/{rel}","templated":true}]}}