{"id":202109,"date":"2025-06-25T01:49:13","date_gmt":"2025-06-25T01:49:13","guid":{"rendered":"https:\/\/www.europesays.com\/fr\/202109\/"},"modified":"2025-06-25T01:49:13","modified_gmt":"2025-06-25T01:49:13","slug":"a-deux-pas-du-peripherique-de-toulouse-un-fourgon-en-feu-engendre-des-bouchons","status":"publish","type":"post","link":"https:\/\/www.europesays.com\/fr\/202109\/","title":{"rendered":"A deux pas du p\u00e9riph\u00e9rique de Toulouse, un fourgon en feu engendre des bouchons"},"content":{"rendered":"<p>            Par<br \/>\n        <strong><br \/>\n            <a href=\"https:\/\/actu.fr\/auteur\/mareva-laville-actu-fr\" title=\"Consulter tous les articles de Mar\u00e9va Laville\" rel=\"nofollow noopener\" target=\"_blank\">Mar\u00e9va Laville<\/a><br \/>\n        <\/strong><\/p>\n<p>        Publi\u00e9 le<\/p>\n<p>            24 juin 2025 \u00e0 17h43        <\/p>\n<p>C\u2019est un v\u00e9hicule peu ordinaire \u00e0 d\u00e9passer\u2026 Ce mardi 24\u00a0juin 2025, vers 16h30, pompiers et policiers se sont d\u00e9plac\u00e9s \u00e0 <a href=\"https:\/\/actu.fr\/occitanie\/balma_31044\" rel=\"nofollow noopener\" target=\"_blank\">Balma<\/a>, sur le pont traversant le <strong><a href=\"https:\/\/actu.fr\/tag\/peripherique-de-toulouse\" rel=\"nofollow noopener\" target=\"_blank\">p\u00e9riph\u00e9rique de Toulouse<\/a>,<\/strong> au niveau de la sortie 17 Cit\u00e9 de l\u2019Espace.<\/p>\n<p>    <a href=\"https:\/\/www.google.com\/maps\/embed?pb=!1m18!1m12!1m3!1d5779.178912510178!2d1.4907227954172502!3d43.594266981742734!2m3!1f0!2f0!3f0!3m2!1i1024!2i768!4f13.1!3m3!1m2!1s0x12aebd0eb51b954d%3A0x1a8f0a97cdb993cb!2sM826%2C%2031130%20Balma!5e0!3m2!1sfr!2sfr!4v1750779042809!5m2!1sfr!2sfr\" title=\"Ouvrie le lien\" rel=\"nofollow noopener\" target=\"_blank\">Cliquez ici pour visualiser le contenu<\/a><\/p>\n<p>Un fourgon s\u2019enflamme<\/p>\n<p class=\" wall-content\">Sur cet \u00e9changeur de Lasbordes, c\u00f4t\u00e9 p\u00e9riph\u00e9rique ext\u00e9rieur, <strong>un utilitaire a pris feu<\/strong>, indique les soldats du feu. \u00ab\u2009L\u2019extinction est au cours au moyen d\u2019une lance sur engin \u00e0 incendie\u2009\u00bb, explique le Sdis 31. Selon notre journaliste pr\u00e9sente sur place, le feu \u00e9tait d\u00e9j\u00e0 \u00e9teint vers 17h, mais il fallait encore le noyer.<\/p>\n<p>    <img   decoding=\"async\" loading=\"lazy\" src=\"https:\/\/www.europesays.com\/fr\/wp-content\/uploads\/2025\/06\/utilitaire-feu-960x640.jpeg\" alt=\"Les pompiers sont sur place depuis 16h30 environ.\" width=\"960\" height=\"640\"\/><br \/>\n    Les pompiers sont sur place depuis 16h30 environ. (\u00a9Marie Lamarque \/ Actu Toulouse)<\/p>\n<p class=\" wall-content\">La raison du d\u00e9part du feu est, pour l\u2019heure, inconnue. Mais la fum\u00e9e \u00e9tait visible \u00e0 plusieurs kilom\u00e8tres \u00e0 la ronde, notamment depuis la Cit\u00e9 de l\u2019espace.<\/p>\n<p class=\" wall-content\">Le <strong>conducteur du v\u00e9hicule<\/strong> a \u00e9t\u00e9 pris en charge par les secours pour un bilan de sant\u00e9. Selon notre source, il ne pr\u00e9senterait pas de blessures graves.<\/p>\n<p>Vid\u00e9os : en ce moment sur Actu<\/p>\n<p class=\" wall-content\"><a href=\"https:\/\/www.instagram.com\/p\/DLSsXKHA5A7\/embed\" title=\"Ouvrir le lien sur Instagram\" rel=\"nofollow noopener\" target=\"_blank\">Visualiser le contenu sur Instagram<\/a><\/p>\n<p>La circulation perturb\u00e9e sur le pont<\/p>\n<p class=\" wall-content\">Autant d\u2019agitation qui perturbe fortement la circulation. Selon Google Trafic, des bouchons s\u2019\u00e9tendent jusqu\u2019au <a href=\"https:\/\/actu.fr\/occitanie\/balma_31044\/pres-de-toulouse-ivre-un-homme-seme-le-trouble-dans-un-magasin-de-bricolage_62620094.html\" rel=\"nofollow noopener\" target=\"_blank\">Leroy Merlin de Balma<\/a>, en direction du pont surplombant le p\u00e9riph\u00e9rique de Toulouse, mais aussi sur la <strong>sortie 17 du p\u00e9riph\u00e9rique ext\u00e9rieur.<\/strong><\/p>\n<p class=\" wall-content\">La route n\u2019est, en revanche, pas coup\u00e9e.<\/p>\n<p>    <img   decoding=\"async\" loading=\"lazy\" src=\"https:\/\/www.europesays.com\/fr\/wp-content\/uploads\/2025\/06\/capture-decran-2025-06-24-172941-960x640.png\" alt=\"Le trafic est perturb\u00e9 en heure de pointe, ici \u00e0 17h25 ce mardi 24 juin.\" width=\"960\" height=\"640\"\/><br \/>\n    Le trafic est perturb\u00e9 en heure de pointe, ici \u00e0 17h25 ce mardi 24\u00a0juin. (\u00a9Capture d\u2019\u00e9cran Google)<\/p>\n<p class=\" wall-content\">Suivez toute l\u2019actualit\u00e9 de vos villes et m\u00e9dias favoris en vous inscrivant \u00e0 <a href=\"https:\/\/moncompte.actu.fr\" title=\"D\u00e9couvez Mon Actu\" rel=\"nofollow noopener\" data-trk=\"{&quot;cta&quot;:{&quot;action&quot;:&quot;https:\\\/\\\/moncompte.actu.fr&quot;,&quot;category&quot;:&quot;mon compte&quot;,&quot;from&quot;:&quot;article footer&quot;,&quot;name&quot;:&quot;Mon actu&quot;,&quot;type&quot;:&quot;cta&quot;}}\" target=\"_blank\">Mon Actu<\/a>.<\/p>\n<p>                    <script async src=\"\/\/www.instagram.com\/embed.js\"><\/script><\/p>\n","protected":false},"excerpt":{"rendered":"Par Mar\u00e9va Laville Publi\u00e9 le 24 juin 2025 \u00e0 17h43 C\u2019est un v\u00e9hicule peu ordinaire \u00e0 d\u00e9passer\u2026 Ce&hellip;\n","protected":false},"author":2,"featured_media":202110,"comment_status":"","ping_status":"","sticky":false,"template":"","format":"standard","meta":{"footnotes":""},"categories":[2816],"tags":[1111,11,1777,674,118,1011,27,1310,12,2680,1072,1311,25,2312],"class_list":{"0":"post-202109","1":"post","2":"type-post","3":"status-publish","4":"format-standard","5":"has-post-thumbnail","7":"category-toulouse","8":"tag-actu","9":"tag-actualites","10":"tag-eu","11":"tag-europe","12":"tag-faits-divers","13":"tag-fr","14":"tag-france","15":"tag-incendie","16":"tag-news","17":"tag-occitanie","18":"tag-police","19":"tag-pompiers","20":"tag-republique-francaise","21":"tag-toulouse"},"share_on_mastodon":{"url":"https:\/\/pubeurope.com\/@fr\/114741494746488169","error":""},"_links":{"self":[{"href":"https:\/\/www.europesays.com\/fr\/wp-json\/wp\/v2\/posts\/202109","targetHints":{"allow":["GET"]}}],"collection":[{"href":"https:\/\/www.europesays.com\/fr\/wp-json\/wp\/v2\/posts"}],"about":[{"href":"https:\/\/www.europesays.com\/fr\/wp-json\/wp\/v2\/types\/post"}],"author":[{"embeddable":true,"href":"https:\/\/www.europesays.com\/fr\/wp-json\/wp\/v2\/users\/2"}],"replies":[{"embeddable":true,"href":"https:\/\/www.europesays.com\/fr\/wp-json\/wp\/v2\/comments?post=202109"}],"version-history":[{"count":0,"href":"https:\/\/www.europesays.com\/fr\/wp-json\/wp\/v2\/posts\/202109\/revisions"}],"wp:featuredmedia":[{"embeddable":true,"href":"https:\/\/www.europesays.com\/fr\/wp-json\/wp\/v2\/media\/202110"}],"wp:attachment":[{"href":"https:\/\/www.europesays.com\/fr\/wp-json\/wp\/v2\/media?parent=202109"}],"wp:term":[{"taxonomy":"category","embeddable":true,"href":"https:\/\/www.europesays.com\/fr\/wp-json\/wp\/v2\/categories?post=202109"},{"taxonomy":"post_tag","embeddable":true,"href":"https:\/\/www.europesays.com\/fr\/wp-json\/wp\/v2\/tags?post=202109"}],"curies":[{"name":"wp","href":"https:\/\/api.w.org\/{rel}","templated":true}]}}