{"id":202113,"date":"2025-06-25T01:51:11","date_gmt":"2025-06-25T01:51:11","guid":{"rendered":"https:\/\/www.europesays.com\/fr\/202113\/"},"modified":"2025-06-25T01:51:11","modified_gmt":"2025-06-25T01:51:11","slug":"les-billets-de-train-a-1-e-de-retour-dans-les-hauts-de-france-voici-comment-se-les-procurer","status":"publish","type":"post","link":"https:\/\/www.europesays.com\/fr\/202113\/","title":{"rendered":"Les billets de train \u00e0 1\u00a0\u20ac de retour dans les Hauts-de-France, voici comment se les procurer"},"content":{"rendered":"<p>D\u00e9couvrir le nord de la France pour seulement 1\u00a0\u20ac cet \u00e9t\u00e9\u00a0? C\u2019est ce que proposent la SNCF et la r\u00e9gion Hauts-de-France en renouvelant l\u2019op\u00e9ration \u00e9TER pour les vacances. Du 5\u00a0juillet au 24\u00a0ao\u00fbt, les voyageurs pourront se rendre dans une s\u00e9lection\u00a0de\u00a0destinations \u00ab\u00a0ville, mer ou nature\u00a0\u00bb,\u00a0sans contrainte de faire l\u2019aller-retour dans la journ\u00e9e. Il faudra simplement avoir r\u00e9serv\u00e9 un billet dans l\u2019un des TER propos\u00e9s durant les 51\u00a0jours du dispositif.<\/p>\n<p>Plage, patrimoine et culture<\/p>\n<p><strong>\u00ab\u00a0Avec \u00e9TER, la R\u00e9gion Hauts-de-France confirme sa volont\u00e9 de favoriser une mobilit\u00e9 accessible, durable et solidaire, tout en valorisant les richesses naturelles et culturelles du territoire<\/strong>, <a href=\"https:\/\/www.hautsdefrance.fr\/eter2025\/\" target=\"_blank\" rel=\"noopener\">explique la collectivit\u00e9<\/a>.<strong>\u00a0En famille, entre amis ou en solo, c\u2019est le moment id\u00e9al pour explorer les Hauts-de-France autrement\u00a0\u00bb<\/strong>.<\/p>\n<p>Parmi les villes \u00e0 d\u00e9couvrir, on retrouve 9\u00a0stations baln\u00e9aires (Boulogne-sur-Mer, Calais-ville, Dunkerque, \u00c9taples \u2013 le-Touquet, Noyelles, Rang-du-Fliers, Rue, Le Tr\u00e9port Mers-les-Bains et Wimille \u2013 Wimereux) et 29\u00a0destinations nature et patrimoine, comme Amiens, Beauvais, Lille, Arras, Lens ou Roubaix.\u00a0D\u2019autre\u00a0part, la R\u00e9gion des Hauts-de-France \u00e9tend son dispositif de train pas cher pour profiter des festivals de l\u2019\u00e9t\u00e9, comme \u00ab\u00a0Les Nuits Secr\u00e8tes\u00a0\u00bb \u00e0 Aulnoye-Aymeries, du 11 au 13\u00a0juillet (2\u00a0400\u00a0titres mis en vente).<\/p>\n<p>Deux dates de mise en vente<\/p>\n<p>Deux salves de ventes de tickets sont pr\u00e9vues\u00a0: le\u00a024\u00a0juin pour les trajets en juillet et le 22\u00a0juillet pour ceux du mois d\u2019ao\u00fbt. Au total, 200\u00a0000\u00a0billets seront \u00e9coul\u00e9s via cette op\u00e9ration. Pour les obtenir, les voyageurs pourront se rendre directement aux guichets dans les gares,\u00a0aux distributeurs de billets r\u00e9gionaux ou <a href=\"https:\/\/www.ter.sncf.com\/hauts-de-france\/bons-plans\/-eter-le-trajet\" target=\"_blank\" rel=\"noopener\">sur le site d\u00e9di\u00e9<\/a>. Il sera possible d\u2019acheter le billet retour juste apr\u00e8s avoir r\u00e9gl\u00e9 l\u2019aller. En revanche, les tickets \u00e9tant horodat\u00e9s, ils ne seront valables que sur le train et l\u2019horaire choisis.<\/p>\n<p>Du lundi au vendredi, les clients pourront emprunter gratuitement les bus interurbains pour rejoindre les plages, depuis certaines gares du littoral (Dunkerque, Calais Ville, Boulogne, \u00c9taples, Rang-du-Fliers et Le Tr\u00e9port). Le week-end, il faudra s\u2019acquitter d\u2019un euro suppl\u00e9mentaire, \u00e0 payer en esp\u00e8ces au conducteur de car. Dans tous les cas, il faudra pr\u00e9senter son billet \u00e9TER pour profiter de l\u2019offre.\u00a0<\/p>\n<p>\u00a0<\/p>\n","protected":false},"excerpt":{"rendered":"D\u00e9couvrir le nord de la France pour seulement 1\u00a0\u20ac cet \u00e9t\u00e9\u00a0? C\u2019est ce que proposent la SNCF et&hellip;\n","protected":false},"author":2,"featured_media":202114,"comment_status":"","ping_status":"","sticky":false,"template":"","format":"standard","meta":{"footnotes":""},"categories":[2815],"tags":[12106,1111,11,16106,1777,674,1011,27,811,1307,12,34140,25,8133,926],"class_list":{"0":"post-202113","1":"post","2":"type-post","3":"status-publish","4":"format-standard","5":"has-post-thumbnail","7":"category-lille","8":"tag-12106","9":"tag-actu","10":"tag-actualites","11":"tag-billets","12":"tag-eu","13":"tag-europe","14":"tag-fr","15":"tag-france","16":"tag-hauts-de-france","17":"tag-lille","18":"tag-news","19":"tag-procurer","20":"tag-republique-francaise","21":"tag-retour","22":"tag-train"},"share_on_mastodon":{"url":"https:\/\/pubeurope.com\/@fr\/114741503575392382","error":""},"_links":{"self":[{"href":"https:\/\/www.europesays.com\/fr\/wp-json\/wp\/v2\/posts\/202113","targetHints":{"allow":["GET"]}}],"collection":[{"href":"https:\/\/www.europesays.com\/fr\/wp-json\/wp\/v2\/posts"}],"about":[{"href":"https:\/\/www.europesays.com\/fr\/wp-json\/wp\/v2\/types\/post"}],"author":[{"embeddable":true,"href":"https:\/\/www.europesays.com\/fr\/wp-json\/wp\/v2\/users\/2"}],"replies":[{"embeddable":true,"href":"https:\/\/www.europesays.com\/fr\/wp-json\/wp\/v2\/comments?post=202113"}],"version-history":[{"count":0,"href":"https:\/\/www.europesays.com\/fr\/wp-json\/wp\/v2\/posts\/202113\/revisions"}],"wp:featuredmedia":[{"embeddable":true,"href":"https:\/\/www.europesays.com\/fr\/wp-json\/wp\/v2\/media\/202114"}],"wp:attachment":[{"href":"https:\/\/www.europesays.com\/fr\/wp-json\/wp\/v2\/media?parent=202113"}],"wp:term":[{"taxonomy":"category","embeddable":true,"href":"https:\/\/www.europesays.com\/fr\/wp-json\/wp\/v2\/categories?post=202113"},{"taxonomy":"post_tag","embeddable":true,"href":"https:\/\/www.europesays.com\/fr\/wp-json\/wp\/v2\/tags?post=202113"}],"curies":[{"name":"wp","href":"https:\/\/api.w.org\/{rel}","templated":true}]}}