{"id":202167,"date":"2025-06-25T02:23:12","date_gmt":"2025-06-25T02:23:12","guid":{"rendered":"https:\/\/www.europesays.com\/fr\/202167\/"},"modified":"2025-06-25T02:23:12","modified_gmt":"2025-06-25T02:23:12","slug":"petit-espace-lappartement-futuriste-dune-entrepreneuse-a-barcelone-fait-moins-de-60-m2","status":"publish","type":"post","link":"https:\/\/www.europesays.com\/fr\/202167\/","title":{"rendered":"Petit espace : l&rsquo;appartement futuriste d&rsquo;une entrepreneuse \u00e0 Barcelone fait moins de 60 m2"},"content":{"rendered":"<p>Un petit espace futuriste et contemporain \u00e0 Barcelone, propri\u00e9t\u00e9 d&rsquo;une entrepreneuse<\/p>\n<p>C\u2019est \u00e0 <a href=\"https:\/\/www.admagazine.fr\/article\/barcelone-appartement-graphique-colore\" target=\"_blank\" rel=\"noopener\">Barcelone<\/a>, dans un quartier vibrant o\u00f9 se croisent culture, design et art, que se cache le charmant pied-\u00e0-terre de caract\u00e8re.<\/p>\n<p><strong>Dans le salon<\/strong>, une lampe Tulipa de Cristian Herrera \u00e0 la Il\u00b7lacions Gallery, une oeuvre d&rsquo;art 150225 par Alicia Gimeno (Escat Gallery), un fauteuil vintage de chez Fenix Originals et une table basse Piedra par Otra. \u00c0 c\u00f4t\u00e9 du canap\u00e9, une table d&rsquo;appoint Archipelago par Brats (Il\u00b7lacions Gallery) et coach sur-mesure par Miki Beumala.<\/p>\n<p>\u00a9 Javi Dardo<\/p>\n<p>L\u2019entrepreneuse Maria Carvajal d\u00e9voile un \u00e9crin priv\u00e9 \u00e0 son image : la Casa MC, un appartement d\u2019un peu moins de 60 m\u00e8tres carr\u00e9s, qui r\u00e9sonne comme un manifeste esth\u00e9tique \u00e0 la fois intime et radical. L\u2019influenceuse et cr\u00e9atrice num\u00e9rique, suivie par des milliers d\u2019adeptes pour sa vision pointue de la <a href=\"https:\/\/www.admagazine.fr\/article\/jean-claude-jitrois-maison-vacances-ibiza\" target=\"_blank\" rel=\"noopener\">mode<\/a> et du lifestyle, s\u2019est entour\u00e9e d\u2019un duo de talents, Jordi Veciana et Skye Maunsell, pour orchestrer une mise en sc\u00e8ne int\u00e9rieure qui ne laisse aucune place \u00e0 l\u2019ordinaire. D\u00e9couverte de son petit espace qui fait dialoguer mati\u00e8res et volumes.<\/p>\n<p><strong>Dans le couloir<\/strong>, une lampe vintage Sirio T Lamp par T. Takahama chez Fenix Originals, et une chaise Ode Chair par Sizar Alexis (Il\u00b7lacions Gallery).<\/p>\n<p>\u00a9 Javi Dardo<\/p>\n<p>Des inspirations brutalistes et radicales<\/p>\n<p>Dans cet \u00e9crin urbain compact mais intens\u00e9ment expressif, chaque centim\u00e8tre carr\u00e9 est investi avec intention. Ce lieu vivant aux accents cin\u00e9matographiques r\u00e9v\u00e8le une architecture int\u00e9rieure pens\u00e9e comme un r\u00e9cit, o\u00f9 chaque d\u00e9tail raconte une histoire de contraste et d\u2019\u00e9quilibre. R\u00e9nov\u00e9 par l\u2019architecte espagnol David Ruiz, le petit appartement de 59 m\u00e8tres carr\u00e9s a enti\u00e8rement \u00e9t\u00e9 stylis\u00e9 par la vision moderne et design du duo <a href=\"https:\/\/www.admagazine.fr\/article\/petit-espace-charmant-penthouse-espagnol-accents-californiens\" target=\"_blank\" rel=\"noopener\">Santa Living<\/a> qui signe ici un travail d\u2019orf\u00e8vre : un dialogue ma\u00eetris\u00e9 entre lignes sculpturales, mati\u00e8res brutes et pi\u00e8ces design aux accents organiques. \u00ab Les designers et la propri\u00e9taire nous ont appel\u00e9s pour \u00e9lever le projet, lui donner une dimension plus \u00e9motionnelle, plus personnelle \u00bb s\u2019enthousiasme le duo de styliste Santa Living qui ont apport\u00e9 une touche esth\u00e9tique au bien. \u00ab Nous avons cr\u00e9\u00e9 des pi\u00e8ces sur-mesure qui parlent \u00e0 Maria Carvajal et aux designers pour illustrer au mieux leur univers \u00bb, poursuivent-ils.<\/p>\n<p><strong>Dans la salle \u00e0 manger<\/strong>, les chaises Betty Chair par Thau and Kallio (&amp;Tradition) entourent la table ronde vintage Altar Table de Miguel Mila\u0300 (Fenix Originals). Sur la table, la coupe Antoinette de Isabel Francoy r\u00e9hausse les d\u00eeners l\u00e9gers. Sur la biblioth\u00e8que String System (String Furniture), la lampe Nesso (Artemide) \u00e9claire la pi\u00e8ce.<\/p>\n<p>\u00a9 Javi Dardo<\/p>\n<p><strong>Dans le salon<\/strong>, les lampes Arco de chez Flos (\u00e0 gauche) et Funiculi par Marset (\u00e0 droite), et la biblioth\u00e8que String System chez String Furniture.<\/p>\n<p>\u00a9 Javi Dardo<\/p>\n<p>Un int\u00e9rieur aux tons noir et blanc<\/p>\n<p>\u00ab La vie ne se r\u00e9sume pas \u00e0 des contrastes tranch\u00e9s \u00bb, tel est le mantra de l\u2019entrepreneuse Maria Carvajal, qui c\u00e9l\u00e8bre la beaut\u00e9 des nuances et revendique une esth\u00e9tique de la dualit\u00e9 subtile. Chaleureux et radical, son pied-\u00e0-terre barcelonais joue avec les codes du noir et blanc qui s\u2019\u00e9quilibre dans une partition raffin\u00e9e, rythm\u00e9e par les mati\u00e8res brutes, les volumes sculpturaux et une lumi\u00e8re savamment ma\u00eetris\u00e9e. Les murs d\u2019un blanc mat diffusent une lumi\u00e8re douce, presque silencieuse, qui met en valeur les lignes franches du mobilier en m\u00e9tal et les mat\u00e9riaux bruts comme le b\u00e9ton cir\u00e9 ou le bois br\u00fbl\u00e9\u2026 Un int\u00e9rieur <a href=\"https:\/\/www.admagazine.fr\/article\/maison-brutaliste-rupture-harmonie-nature\" target=\"_blank\" rel=\"noopener\">brutaliste<\/a> et futuriste o\u00f9 le b\u00e9ton, le m\u00e9tal et les lignes \u00e9pur\u00e9es composent un d\u00e9cor \u00e0 la fois radical et habit\u00e9, pens\u00e9 comme un manifeste esth\u00e9tique pour une nouvelle mani\u00e8re de vivre l\u2019espace.<\/p>\n<p><strong>Dans la chambre<\/strong>, la lampe Flexo Lamp (Zara Home), le tabouret Kahn Stool par Sanna Volker \u00e0 la Il.lacions Gallery et l&rsquo;oeuvre d&rsquo;art Raku par Carla Cascales.<\/p>\n<p>\u00a9 Javi Dardo<\/p>\n<p>\u00a9 Javi Dardo<\/p>\n<p><strong>Dans la cuisine<\/strong>, les lampes Lantern Lamps (New Works), des coupes Moka Pot &#8211; La Cupola (Alessi), le bol Metal bowl (H&amp;M Home), et un vase Beige Degrade Glass (Los Objetos Decorativos).<\/p>\n<p>\u00a9 Javi Dardo<\/p>\n","protected":false},"excerpt":{"rendered":"Un petit espace futuriste et contemporain \u00e0 Barcelone, propri\u00e9t\u00e9 d&rsquo;une entrepreneuse C\u2019est \u00e0 Barcelone, dans un quartier vibrant&hellip;\n","protected":false},"author":2,"featured_media":202168,"comment_status":"","ping_status":"","sticky":false,"template":"","format":"standard","meta":{"footnotes":""},"categories":[1358],"tags":[1348,1384,1385,4791,1386,58,59,1011,27,9986],"class_list":{"0":"post-202167","1":"post","2":"type-post","3":"status-publish","4":"format-standard","5":"has-post-thumbnail","7":"category-arts-et-design","8":"tag-arts","9":"tag-arts-and-design","10":"tag-arts-et-design","11":"tag-barcelone","12":"tag-design","13":"tag-divertissement","14":"tag-entertainment","15":"tag-fr","16":"tag-france","17":"tag-petits-espaces"},"share_on_mastodon":{"url":"https:\/\/pubeurope.com\/@fr\/114741628386441183","error":""},"_links":{"self":[{"href":"https:\/\/www.europesays.com\/fr\/wp-json\/wp\/v2\/posts\/202167","targetHints":{"allow":["GET"]}}],"collection":[{"href":"https:\/\/www.europesays.com\/fr\/wp-json\/wp\/v2\/posts"}],"about":[{"href":"https:\/\/www.europesays.com\/fr\/wp-json\/wp\/v2\/types\/post"}],"author":[{"embeddable":true,"href":"https:\/\/www.europesays.com\/fr\/wp-json\/wp\/v2\/users\/2"}],"replies":[{"embeddable":true,"href":"https:\/\/www.europesays.com\/fr\/wp-json\/wp\/v2\/comments?post=202167"}],"version-history":[{"count":0,"href":"https:\/\/www.europesays.com\/fr\/wp-json\/wp\/v2\/posts\/202167\/revisions"}],"wp:featuredmedia":[{"embeddable":true,"href":"https:\/\/www.europesays.com\/fr\/wp-json\/wp\/v2\/media\/202168"}],"wp:attachment":[{"href":"https:\/\/www.europesays.com\/fr\/wp-json\/wp\/v2\/media?parent=202167"}],"wp:term":[{"taxonomy":"category","embeddable":true,"href":"https:\/\/www.europesays.com\/fr\/wp-json\/wp\/v2\/categories?post=202167"},{"taxonomy":"post_tag","embeddable":true,"href":"https:\/\/www.europesays.com\/fr\/wp-json\/wp\/v2\/tags?post=202167"}],"curies":[{"name":"wp","href":"https:\/\/api.w.org\/{rel}","templated":true}]}}