{"id":202169,"date":"2025-06-25T02:24:17","date_gmt":"2025-06-25T02:24:17","guid":{"rendered":"https:\/\/www.europesays.com\/fr\/202169\/"},"modified":"2025-06-25T02:24:17","modified_gmt":"2025-06-25T02:24:17","slug":"cap-sur-la-septieme-edition-de-la-journee-du-livre-a-puimoisson","status":"publish","type":"post","link":"https:\/\/www.europesays.com\/fr\/202169\/","title":{"rendered":"Cap sur la septi\u00e8me\u00a0\u00e9dition de la Journ\u00e9e du livre \u00e0 Puimoisson"},"content":{"rendered":"<p>L\u2019atelier de lecture de l\u2019association <a href=\"https:\/\/www.laprovence.com\/article\/region\/3851215050791215\/laissez-libre-cours-a-votre-imagination-et-participez-au-deuxieme-concours-dhistoires-courtes-a-puimoisson\" target=\"_blank\" rel=\"noopener\">Les Rendez-vous de Puimoisson<\/a> met les derni\u00e8res touches \u00e0 l\u2019organisation de la septi\u00e8me \u00e9dition de la journ\u00e9e \u00ab\u00a0Le livre voyage\u00a0\u00bb, qui se tient mercredi 25\u00a0juin. \u00c0 partir de 14h, la cour de l\u2019\u00e9cole accueillera le public pour une apr\u00e8s-midi d\u00e9di\u00e9e \u00e0 la litt\u00e9rature, en pr\u00e9sence de 28 auteurs r\u00e9gionaux pr\u00eats \u00e0 \u00e9changer avec les visiteurs.<\/p>\n<p>Chantal Gobert, animatrice de l\u2019atelier de lecture, souligne la richesse du programme de cette ann\u00e9e. \u00c0 16h, une s\u00e9rie de lectures musicales transportera le public \u00e0 travers des th\u00e8mes vari\u00e9s, allant des plus fantaisistes aux plus dramatiques. Un des moments forts de la journ\u00e9e aura lieu \u00e0 17h30 avec la remise des prix du concours d\u2019histoires courtes.<\/p>\n<p>Ce concours, coordonn\u00e9 par Fr\u00e9d\u00e9rique Deloecker, a vu la participation d\u2019un jury compos\u00e9 d\u2019une auteure, d\u2019une \u00e9ditrice, de deux lectrices de l\u2019association et de <a href=\"https:\/\/www.laprovence.com\/article\/region\/30726431833716\/fabien-bonino-maire-de-puimoisson-notre-priorite-construire-un-espace-du-temps-libre\" target=\"_blank\" rel=\"noopener\">Fabien Bonino<\/a>,<strong> <\/strong>maire du village. Sur le th\u00e8me \u00ab\u00a0Le voyage au pays des lavandes\u00a0\u00bb, incluant cinq mots impos\u00e9s, trois histoires ont \u00e9t\u00e9 s\u00e9lectionn\u00e9es parmi les vingt re\u00e7ues. \u00ab\u00a0La qualit\u00e9 des \u00e9crits a rendu les choix difficiles. Les noms des laur\u00e9ats seront d\u00e9voil\u00e9s le 25\u00a0juin\u00a0\u00bb, pr\u00e9cise Fr\u00e9d\u00e9rique Deloecker. Les extraits des trois histoires laur\u00e9ates seront lus par les lecteurs de l\u2019atelier et seront disponibles \u00e0 la vente sur place.<\/p>\n<p>La journ\u00e9e se conclura \u00e0 18h30 avec la projection du film Souvenirs du monde, r\u00e9alis\u00e9 par R\u00e9gis Nicolas \u00e0 partir de po\u00e8mes de Guy Jampierre. La soir\u00e9e se poursuivra dans le cadre du <a href=\"https:\/\/www.laprovence.com\/article\/region\/1351436398655714\/manifestations-spectacles-et-concerts-a-loccasion-du-festival-poesie-et-chansons-au-pays-des-lavandes\" target=\"_blank\" rel=\"noopener\">Festival des po\u00e8tes des Hautes Terres<\/a>, avec la pi\u00e8ce L\u2019homme semence.<\/p>\n","protected":false},"excerpt":{"rendered":"L\u2019atelier de lecture de l\u2019association Les Rendez-vous de Puimoisson met les derni\u00e8res touches \u00e0 l\u2019organisation de la septi\u00e8me&hellip;\n","protected":false},"author":2,"featured_media":202170,"comment_status":"","ping_status":"","sticky":false,"template":"","format":"standard","meta":{"footnotes":""},"categories":[1357],"tags":[17,34145,34144,7733,1379,1446,58,59,1011,27,151,1380,2831,5109,34143],"class_list":{"0":"post-202169","1":"post","2":"type-post","3":"status-publish","4":"format-standard","5":"has-post-thumbnail","7":"category-livres","8":"tag-17","9":"tag-7e-edition","10":"tag-accueillir","11":"tag-alpes","12":"tag-books","13":"tag-dans","14":"tag-divertissement","15":"tag-entertainment","16":"tag-fr","17":"tag-france","18":"tag-les","19":"tag-livres","20":"tag-loisirs-traditions","21":"tag-prepare","22":"tag-puimoisson"},"share_on_mastodon":{"url":"https:\/\/pubeurope.com\/@fr\/114741632352007252","error":""},"_links":{"self":[{"href":"https:\/\/www.europesays.com\/fr\/wp-json\/wp\/v2\/posts\/202169","targetHints":{"allow":["GET"]}}],"collection":[{"href":"https:\/\/www.europesays.com\/fr\/wp-json\/wp\/v2\/posts"}],"about":[{"href":"https:\/\/www.europesays.com\/fr\/wp-json\/wp\/v2\/types\/post"}],"author":[{"embeddable":true,"href":"https:\/\/www.europesays.com\/fr\/wp-json\/wp\/v2\/users\/2"}],"replies":[{"embeddable":true,"href":"https:\/\/www.europesays.com\/fr\/wp-json\/wp\/v2\/comments?post=202169"}],"version-history":[{"count":0,"href":"https:\/\/www.europesays.com\/fr\/wp-json\/wp\/v2\/posts\/202169\/revisions"}],"wp:featuredmedia":[{"embeddable":true,"href":"https:\/\/www.europesays.com\/fr\/wp-json\/wp\/v2\/media\/202170"}],"wp:attachment":[{"href":"https:\/\/www.europesays.com\/fr\/wp-json\/wp\/v2\/media?parent=202169"}],"wp:term":[{"taxonomy":"category","embeddable":true,"href":"https:\/\/www.europesays.com\/fr\/wp-json\/wp\/v2\/categories?post=202169"},{"taxonomy":"post_tag","embeddable":true,"href":"https:\/\/www.europesays.com\/fr\/wp-json\/wp\/v2\/tags?post=202169"}],"curies":[{"name":"wp","href":"https:\/\/api.w.org\/{rel}","templated":true}]}}