{"id":202176,"date":"2025-06-25T02:29:09","date_gmt":"2025-06-25T02:29:09","guid":{"rendered":"https:\/\/www.europesays.com\/fr\/202176\/"},"modified":"2025-06-25T02:29:09","modified_gmt":"2025-06-25T02:29:09","slug":"jean-michel-aulas-sous-le-choc-apres-la-retrogradation-de-lol-en-ligue-2","status":"publish","type":"post","link":"https:\/\/www.europesays.com\/fr\/202176\/","title":{"rendered":"Jean-Michel Aulas sous le \u00ab\u00a0choc\u00a0\u00bb apr\u00e8s la r\u00e9trogradation de l\u2019OL en Ligue 2"},"content":{"rendered":"<p>Les r\u00e9actions commencent \u00e0 tomber apr\u00e8s la r\u00e9trogradation administrative en Ligue 2 de l\u2019<a href=\"https:\/\/www.20minutes.fr\/sport\/ol\/\" target=\"_blank\" class=\"color-ultramarine c-link\" rel=\"noopener\">Olympique lyonnais<\/a> par la Direction nationale du contr\u00f4le de gestion (DNCG). <a href=\"https:\/\/www.20minutes.fr\/sport\/jean-michel_aulas\/\" target=\"_blank\" class=\"color-ultramarine c-link\" rel=\"noopener\">Jean-Michel Aulas<\/a> a ainsi d\u00e9clar\u00e9 mardi soir que cette annonce constituait \u00ab\u00a0un choc, un coup terrible pour tous ceux qui aiment profond\u00e9ment l\u2019OL\u00a0\u00bb, qu\u2019il a dirig\u00e9 de juin\u00a01987 \u00e0 d\u00e9cembre\u00a02022.<\/p>\n<p>\u00ab\u00a0Pendant 36 ans, j\u2019ai veill\u00e9 \u00e0 ce que jamais une telle situation ne puisse se produire. J\u2019ai tout donn\u00e9 pour b\u00e2tir un club solide, respect\u00e9, ambitieux et sain financi\u00e8rement\u00a0\u00bb, ajoute l\u2019ancien pr\u00e9sident du club sur son compte X.<\/p>\n<p>\u00ab\u00a0Tristesse\u00a0\u00bb et \u00ab\u00a0immense incompr\u00e9hension\u00a0\u00bb<\/p>\n<p>Aulas, qui a repris le club en <a href=\"https:\/\/www.20minutes.fr\/sport\/ligue_2\/\" target=\"_blank\" class=\"color-ultramarine c-link\" rel=\"noopener\">deuxi\u00e8me division<\/a> en\u00a01987 et l\u2019a conduit aux succ\u00e8s des ann\u00e9es\u00a02000, dit souhaiter \u00ab\u00a0de tout (son) c\u0153ur que l\u2019appel, et les garanties que pourra apporter l\u2019OL \u2013 et surtout celles de John Textor et de ses associ\u00e9s au sein d\u2019Eagle Football Holding \u2013 permettront de revenir sur cette situation in\u00e9dite\u00a0\u00bb. \u00ab\u00a0Je n\u2019ai pas encore les attendus de la d\u00e9cision mais aujourd\u2019hui c\u2019est la tristesse qui domine et une immense incompr\u00e9hension\u00a0\u00bb, ajoute-t-il.<\/p>\n<\/p>\n<p>Le pr\u00e9d\u00e9cesseur de <a href=\"https:\/\/www.20minutes.fr\/sport\/john-textor\/\" target=\"_blank\" class=\"color-ultramarine c-link\" rel=\"noopener\">John Textor<\/a> \u00e0 la t\u00eate de l\u2019OL se refuse \u00ab\u00a0\u00e0 commenter davantage \u00e0 ce stade par respect pour les institutions et dans la retenue que m\u2019impose aussi la disparition de Bernard Lacombe\u00a0\u00bb, son ancien conseiller et joueur l\u00e9gendaire de l\u2019OL, mort il y a une semaine \u00e0 l\u2019\u00e2ge de 72 ans, dont les obs\u00e8ques sont c\u00e9l\u00e9br\u00e9es ce mercredi apr\u00e8s-midi \u00e0 Fontaines-sur-Sa\u00f4ne.<\/p>\n<p>De son c\u00f4t\u00e9, dans un communiqu\u00e9 publi\u00e9 sur ses r\u00e9seaux sociaux, le groupe des Bad Gones, la plus importante association de supporters de l\u2019OL, a appel\u00e9 John Textor \u00ab\u00a0\u00e0 dispara\u00eetre du paysage lyonnais\u00a0\u00bb.<\/p>\n<p><a href=\"https:\/\/www.20minutes.fr\/sport\/ligue-1\/\" target=\"_blank\" class=\"c-link c-btn c-btn--primary\" rel=\"noopener\">Notre dossier Ligue 1<\/a><\/p>\n<p>\u00ab\u00a0Textor n\u2019a jamais \u00e9t\u00e9 et ne sera jamais l\u2019homme de la situation\u00a0\u00bb, poursuit le groupe, qui le qualifie de \u00ab\u00a0supporter de Botafogo\u00a0\u00bb, le club br\u00e9silien que l\u2019homme d\u2019affaires poss\u00e8de aussi. \u00ab\u00a0Nous appelons ses nombreux cr\u00e9anciers \u00e0 reprendre la main et \u00e0 redonner les cl\u00e9s de l\u2019Olympique lyonnais \u00e0 quelqu\u2019un qui saura respecter notre institution et laver les nombreux affronts qui lui ont \u00e9t\u00e9 faits\u00a0\u00bb.<\/p>\n","protected":false},"excerpt":{"rendered":"Les r\u00e9actions commencent \u00e0 tomber apr\u00e8s la r\u00e9trogradation administrative en Ligue 2 de l\u2019Olympique lyonnais par la Direction&hellip;\n","protected":false},"author":2,"featured_media":202177,"comment_status":"","ping_status":"","sticky":false,"template":"","format":"standard","meta":{"footnotes":""},"categories":[9],"tags":[2430,63,1011,27,5227,12428,66,446,2428,2853,2429,2431,517,60,133],"class_list":{"0":"post-202176","1":"post","2":"type-post","3":"status-publish","4":"format-standard","5":"has-post-thumbnail","7":"category-sports","8":"tag-auvergne-rhone-alpes","9":"tag-football","10":"tag-fr","11":"tag-france","12":"tag-jean-michel-aulas","13":"tag-john-textor","14":"tag-ligue-1","15":"tag-ligue-2","16":"tag-lyon","17":"tag-olympique-lyonnais-ol","18":"tag-rhone","19":"tag-rhone-alpes","20":"tag-sport","21":"tag-sports","22":"tag-video"},"share_on_mastodon":{"url":"https:\/\/pubeurope.com\/@fr\/114741651942041026","error":""},"_links":{"self":[{"href":"https:\/\/www.europesays.com\/fr\/wp-json\/wp\/v2\/posts\/202176","targetHints":{"allow":["GET"]}}],"collection":[{"href":"https:\/\/www.europesays.com\/fr\/wp-json\/wp\/v2\/posts"}],"about":[{"href":"https:\/\/www.europesays.com\/fr\/wp-json\/wp\/v2\/types\/post"}],"author":[{"embeddable":true,"href":"https:\/\/www.europesays.com\/fr\/wp-json\/wp\/v2\/users\/2"}],"replies":[{"embeddable":true,"href":"https:\/\/www.europesays.com\/fr\/wp-json\/wp\/v2\/comments?post=202176"}],"version-history":[{"count":0,"href":"https:\/\/www.europesays.com\/fr\/wp-json\/wp\/v2\/posts\/202176\/revisions"}],"wp:featuredmedia":[{"embeddable":true,"href":"https:\/\/www.europesays.com\/fr\/wp-json\/wp\/v2\/media\/202177"}],"wp:attachment":[{"href":"https:\/\/www.europesays.com\/fr\/wp-json\/wp\/v2\/media?parent=202176"}],"wp:term":[{"taxonomy":"category","embeddable":true,"href":"https:\/\/www.europesays.com\/fr\/wp-json\/wp\/v2\/categories?post=202176"},{"taxonomy":"post_tag","embeddable":true,"href":"https:\/\/www.europesays.com\/fr\/wp-json\/wp\/v2\/tags?post=202176"}],"curies":[{"name":"wp","href":"https:\/\/api.w.org\/{rel}","templated":true}]}}