{"id":202184,"date":"2025-06-25T02:33:09","date_gmt":"2025-06-25T02:33:09","guid":{"rendered":"https:\/\/www.europesays.com\/fr\/202184\/"},"modified":"2025-06-25T02:33:09","modified_gmt":"2025-06-25T02:33:09","slug":"deux-condamnes-en-instance-dexecution","status":"publish","type":"post","link":"https:\/\/www.europesays.com\/fr\/202184\/","title":{"rendered":"deux condamn\u00e9s en instance d&rsquo;ex\u00e9cution"},"content":{"rendered":"<p>Il s\u2019agira de la premi\u00e8re ex\u00e9cution au Mississippi depuis deux ans et demi, la pr\u00e9c\u00e9dente remontant \u00e0 d\u00e9cembre 2022. Au total, 23 ex\u00e9cutions ont \u00e9t\u00e9 r\u00e9alis\u00e9es aux \u00c9tats-Unis depuis le d\u00e9but de l\u2019ann\u00e9e.<\/p>\n<p class=\"fig-paragraph\">Au seuil du tombeau. Deux hommes condamn\u00e9s \u00e0 la\u00a0<a href=\"http:\/\/www.lefigaro.fr\/flash-actu\/peine-de-mort-l-administration-trump-la-reclamera-chaque-fois-que-possible-20250406\" data-fig-type=\"NewsFlash\" data-gtm-custom-categorie=\"navigation\" data-gtm-custom-action=\"crossclick\" data-gtm-custom-label=\"Contextuel\" data-gtm-event=\"customEventSPE\" data-fig-domain=\"LEFIGARO\" target=\"_blank\" rel=\"noopener\">peine capitale<\/a>\u00a0sont en instance d&rsquo;ex\u00e9cution dans le sud des \u00c9tats-Unis, dont l&rsquo;un a pass\u00e9 48 ans dans le\u00a0<a href=\"http:\/\/www.lefigaro.fr\/international\/japon-un-homme-de-88-ans-innocente-apres-avoir-passe-46-ans-dans-le-couloir-de-la-mort-20240926\" data-fig-type=\"NewsFlash\" data-gtm-custom-categorie=\"navigation\" data-gtm-custom-action=\"crossclick\" data-gtm-custom-label=\"Contextuel\" data-gtm-event=\"customEventSPE\" data-fig-domain=\"LEFIGARO\" target=\"_blank\" rel=\"noopener\">couloir de la mort<\/a>\u00a0pour un meurtre commis en 1976. Thomas Gudinas, 51 ans, doit \u00eatre ex\u00e9cut\u00e9 mardi soir en\u00a0<a href=\"http:\/\/www.lefigaro.fr\/flash-actu\/etats-unis-un-condamne-a-mort-en-instance-d-execution-en-floride-20250515\" data-fig-type=\"NewsFlash\" data-gtm-custom-categorie=\"navigation\" data-gtm-custom-action=\"crossclick\" data-gtm-custom-label=\"Contextuel\" data-gtm-event=\"customEventSPE\" data-fig-domain=\"LEFIGARO\" target=\"_blank\" rel=\"noopener\">Floride<\/a>. Il a \u00e9t\u00e9 condamn\u00e9 \u00e0 mort pour le viol et le meurtre en 1994 d&rsquo;une femme, Michelle McGrath.<\/p>\n<p class=\"fig-paragraph\">Richard Jordan, 79 ans, qui doit l&rsquo;\u00eatre mercredi dans le Mississippi, a lui \u00e9t\u00e9 condamn\u00e9 \u00e0 la peine capitale pour l&rsquo;enl\u00e8vement et le meurtre en 1976 d&rsquo;Edwina Marter, 34 ans, l&rsquo;\u00e9pouse d&rsquo;un dirigeant de banque. Il s&rsquo;agira de la premi\u00e8re ex\u00e9cution au Mississippi depuis deux ans et demi, la pr\u00e9c\u00e9dente remontant \u00e0 d\u00e9cembre 2022. Au total, 23 ex\u00e9cutions ont \u00e9t\u00e9 r\u00e9alis\u00e9es aux \u00c9tats-Unis depuis le d\u00e9but de l&rsquo;ann\u00e9e.<\/p>\n<p class=\"fig-paragraph\">Dix-huit l&rsquo;ont \u00e9t\u00e9 par injection l\u00e9tale, trois par<a href=\"http:\/\/www.lefigaro.fr\/flash-actu\/un-condamne-execute-pour-la-premiere-fois-par-inhalation-d-azote-en-louisiane-20250319\" data-fig-type=\"NewsFlash\" data-gtm-custom-categorie=\"navigation\" data-gtm-custom-action=\"crossclick\" data-gtm-custom-label=\"Contextuel\" data-gtm-event=\"customEventSPE\" data-fig-domain=\"LEFIGARO\" target=\"_blank\" rel=\"noopener\">\u00a0inhalation d&rsquo;azote<\/a>\u00a0&#8211; une m\u00e9thode controvers\u00e9e utilis\u00e9e pour la premi\u00e8re fois au monde par l&rsquo;Alabama en 2024 et compar\u00e9e par des experts de l&rsquo;ONU \u00e0 une forme de \u00abtorture\u00bb &#8211; et deux par peloton d&rsquo;ex\u00e9cution en Caroline du Sud, pour la premi\u00e8re fois aux \u00c9tats-Unis depuis 2010. La peine de mort a \u00e9t\u00e9 abolie dans 23 des 50 \u00c9tats am\u00e9ricains. Trois autres, la Californie, l&rsquo;Oregon et la Pennsylvanie, observent un moratoire des ex\u00e9cutions sur d\u00e9cision du gouverneur.<\/p>\n","protected":false},"excerpt":{"rendered":"Il s\u2019agira de la premi\u00e8re ex\u00e9cution au Mississippi depuis deux ans et demi, la pr\u00e9c\u00e9dente remontant \u00e0 d\u00e9cembre&hellip;\n","protected":false},"author":2,"featured_media":202185,"comment_status":"","ping_status":"","sticky":false,"template":"","format":"standard","meta":{"footnotes":""},"categories":[5],"tags":[259,11,260,73,1011,27,14,261,12,942,262,28],"class_list":{"0":"post-202184","1":"post","2":"type-post","3":"status-publish","4":"format-standard","5":"has-post-thumbnail","7":"category-international","8":"tag-actualite-internationale","9":"tag-actualites","10":"tag-affaires-etrangeres","11":"tag-etats-unis","12":"tag-fr","13":"tag-france","14":"tag-international","15":"tag-ministere-des-affaires-etrangeres","16":"tag-news","17":"tag-peine-de-mort","18":"tag-politique-etrangere","19":"tag-world"},"share_on_mastodon":{"url":"https:\/\/pubeurope.com\/@fr\/114741667681344515","error":""},"_links":{"self":[{"href":"https:\/\/www.europesays.com\/fr\/wp-json\/wp\/v2\/posts\/202184","targetHints":{"allow":["GET"]}}],"collection":[{"href":"https:\/\/www.europesays.com\/fr\/wp-json\/wp\/v2\/posts"}],"about":[{"href":"https:\/\/www.europesays.com\/fr\/wp-json\/wp\/v2\/types\/post"}],"author":[{"embeddable":true,"href":"https:\/\/www.europesays.com\/fr\/wp-json\/wp\/v2\/users\/2"}],"replies":[{"embeddable":true,"href":"https:\/\/www.europesays.com\/fr\/wp-json\/wp\/v2\/comments?post=202184"}],"version-history":[{"count":0,"href":"https:\/\/www.europesays.com\/fr\/wp-json\/wp\/v2\/posts\/202184\/revisions"}],"wp:featuredmedia":[{"embeddable":true,"href":"https:\/\/www.europesays.com\/fr\/wp-json\/wp\/v2\/media\/202185"}],"wp:attachment":[{"href":"https:\/\/www.europesays.com\/fr\/wp-json\/wp\/v2\/media?parent=202184"}],"wp:term":[{"taxonomy":"category","embeddable":true,"href":"https:\/\/www.europesays.com\/fr\/wp-json\/wp\/v2\/categories?post=202184"},{"taxonomy":"post_tag","embeddable":true,"href":"https:\/\/www.europesays.com\/fr\/wp-json\/wp\/v2\/tags?post=202184"}],"curies":[{"name":"wp","href":"https:\/\/api.w.org\/{rel}","templated":true}]}}