{"id":202186,"date":"2025-06-25T02:34:12","date_gmt":"2025-06-25T02:34:12","guid":{"rendered":"https:\/\/www.europesays.com\/fr\/202186\/"},"modified":"2025-06-25T02:34:12","modified_gmt":"2025-06-25T02:34:12","slug":"canicule-un-phenomene-meteo-redoute-arrive-sur-perpignan-il-va-faire-jusqua-41-degres-actu-fr","status":"publish","type":"post","link":"https:\/\/www.europesays.com\/fr\/202186\/","title":{"rendered":"Canicule. Un ph\u00e9nom\u00e8ne m\u00e9t\u00e9o redout\u00e9 arrive sur Perpignan : il va faire jusqu&#039;\u00e0 41 degr\u00e9s &#8211; Actu.fr"},"content":{"rendered":"<ol>\n<li><a href=\"https:\/\/news.google.com\/rss\/articles\/CBMi2gFBVV95cUxPSFlSellQQVRCc1h3ajNQMG9GU1J3akhqNnNyUjdrcmhiVlRxakx6N0h0MXJaM2lYZmVzekRMVnhEeEUxWGNKemtEeHdFc1VwU05lRFBwV0Y1TlVBMHFYY3VpeTJlb1pBcF9YTnR4TWV0SmFGTXkyNl9sc3B4N2J6NnpuN2FGN0NsRXZiU1oybEk0TmhnaVdlYU9SbEZodFVjOVNnWXBKaFZOdHJTS2NSRFBtcnlVLWY4cEQtZ3ZFUGtjRC16bVppYUx3dkpBWmhOYmhROGpIT1dKdw?oc=5\" target=\"_blank\" rel=\"nofollow noopener\">Canicule. Un ph\u00e9nom\u00e8ne m\u00e9t\u00e9o redout\u00e9 arrive sur Perpignan : il va faire jusqu&rsquo;\u00e0 41 degr\u00e9s<\/a>&nbsp;&nbsp;Actu.fr<\/li>\n<li><a href=\"https:\/\/news.google.com\/rss\/articles\/CBMingFBVV95cUxOdVBTZkNtbUJhaHI2dFRMY2E5c3dmUTM1RXhiQTdIUXRLOUU4SndZU3BFOVdYc1ZhWE56Tm95SC0wQzNJMlhCSmJzUFJDcFQ0T0RzdFIxNjgycXQ5RloyaVYtX2pTSEZMWk42RlVoZUNRemJZaUZFOUhWYTRUMnFIYWtyRm1xQjlEcVhxWV95czVOTnBWZlg0S2NsZEo4QQ?oc=5\" target=\"_blank\" rel=\"nofollow noopener\">Alerte M\u00e9t\u00e9o : Pic de chaleur intense ce mardi et mercredi<\/a>&nbsp;&nbsp;La Cha\u00eene M\u00e9t\u00e9o<\/li>\n<li><a href=\"https:\/\/news.google.com\/rss\/articles\/CBMi2gFBVV95cUxOZ0ExSzZFQ1dOQTdfZlNCZnVDMFF2RjJuNzVOT2I4WnNzS1l0elVqSjliQ2FieUtya2l0UjR5LXFfaDI3V2taNTRmVUFNYUJHR0RHTERYODdJRGxsVFBkZm1wdVNUa3lDWmVwbWlRNk5Qa1p6blVIbmtTN1g4MDRpLVNTbHlPcWhaN0lvMXVHcUYzUHRCdDhjT0R0SnpHQmo3OGhuc3NnYkllMDU2anRhbG1NdGhrUnBpUWdJbVRNVXpCdmIwb1RDSjJVdERvTGl1LUx4NzFVVUNWZw?oc=5\" target=\"_blank\" rel=\"nofollow noopener\">Deux d\u00e9partements maintenus en vigilance orange canicule, 13 d\u00e9partements en vigilance orages<\/a>&nbsp;&nbsp;BFMTV<\/li>\n<li><a href=\"https:\/\/news.google.com\/rss\/articles\/CBMimwFBVV95cUxNZjdNVnoyR1FGb2hTbWIzQ1BpWjRfaGdfNUxUN19UbHlpTzlWZ1ItZnl5M3JJWVhSSGJtaUpNNWp5NWpDRjAzdjlQZlNEcDg2cDdaa1VKLV81WVFSUDF4bkdPaGdtZzRPSHhwaVpBNk5KdXQ5VlZVdWlyLW9tem02ZEM1ZVA0Ry01elVsaXBnc00wT2dDMkRWV1pVSQ?oc=5\" target=\"_blank\" rel=\"nofollow noopener\">Vague de chaleur et orages : \u00e0 quoi s\u2019attendre ?<\/a>&nbsp;&nbsp;METEO France<\/li>\n<li><a href=\"https:\/\/news.google.com\/rss\/articles\/CBMiygFBVV95cUxQVXc0SjFfUGhablpYUzdsd2lfdndOaE82Ujl6NHFoUi0xM29abG9qbDU4RVhPcnlwSVYtQ0hleHdTdnZKSmR1V0dTUXl2eEZKWkUtc2pGbUpseFU0bzdNYXZWYlljMGFLam1NSm14RmgxY3lYbWlTQ2wzdTF4eUptdU45ancyb2w5SFhfekFHUTlTNy1MdFBER01WZkxQeVNXWmtGTTUtclNOV3VERDFCUDNJY3Vncml5R2pMbmJQOTlvTmRIbU56UEN3?oc=5\" target=\"_blank\" rel=\"nofollow noopener\">Ain. Le thermom\u00e8tre fr\u00f4le des records de temp\u00e9rature jamais atteints depuis 20 ans<\/a>&nbsp;&nbsp;Le Progr\u00e8s<\/li>\n<\/ol>\n","protected":false},"excerpt":{"rendered":"Canicule. Un ph\u00e9nom\u00e8ne m\u00e9t\u00e9o redout\u00e9 arrive sur Perpignan : il va faire jusqu&rsquo;\u00e0 41 degr\u00e9s&nbsp;&nbsp;Actu.fr Alerte M\u00e9t\u00e9o :&hellip;\n","protected":false},"author":2,"featured_media":202187,"comment_status":"","ping_status":"","sticky":false,"template":"","format":"standard","meta":{"footnotes":""},"categories":[4],"tags":[11,6698,1011,27,2487,2357,12,25,15637],"class_list":{"0":"post-202186","1":"post","2":"type-post","3":"status-publish","4":"format-standard","5":"has-post-thumbnail","7":"category-france","8":"tag-actualites","9":"tag-canicule","10":"tag-fr","11":"tag-france","12":"tag-meteo","13":"tag-meteo-france","14":"tag-news","15":"tag-republique-francaise","16":"tag-vague-de-chaleur"},"share_on_mastodon":{"url":"https:\/\/pubeurope.com\/@fr\/114741671783895116","error":""},"_links":{"self":[{"href":"https:\/\/www.europesays.com\/fr\/wp-json\/wp\/v2\/posts\/202186","targetHints":{"allow":["GET"]}}],"collection":[{"href":"https:\/\/www.europesays.com\/fr\/wp-json\/wp\/v2\/posts"}],"about":[{"href":"https:\/\/www.europesays.com\/fr\/wp-json\/wp\/v2\/types\/post"}],"author":[{"embeddable":true,"href":"https:\/\/www.europesays.com\/fr\/wp-json\/wp\/v2\/users\/2"}],"replies":[{"embeddable":true,"href":"https:\/\/www.europesays.com\/fr\/wp-json\/wp\/v2\/comments?post=202186"}],"version-history":[{"count":0,"href":"https:\/\/www.europesays.com\/fr\/wp-json\/wp\/v2\/posts\/202186\/revisions"}],"wp:featuredmedia":[{"embeddable":true,"href":"https:\/\/www.europesays.com\/fr\/wp-json\/wp\/v2\/media\/202187"}],"wp:attachment":[{"href":"https:\/\/www.europesays.com\/fr\/wp-json\/wp\/v2\/media?parent=202186"}],"wp:term":[{"taxonomy":"category","embeddable":true,"href":"https:\/\/www.europesays.com\/fr\/wp-json\/wp\/v2\/categories?post=202186"},{"taxonomy":"post_tag","embeddable":true,"href":"https:\/\/www.europesays.com\/fr\/wp-json\/wp\/v2\/tags?post=202186"}],"curies":[{"name":"wp","href":"https:\/\/api.w.org\/{rel}","templated":true}]}}