{"id":202190,"date":"2025-06-25T02:36:19","date_gmt":"2025-06-25T02:36:19","guid":{"rendered":"https:\/\/www.europesays.com\/fr\/202190\/"},"modified":"2025-06-25T02:36:19","modified_gmt":"2025-06-25T02:36:19","slug":"miley-cyrus-a-saint-etienne-avec-son-opera-pop","status":"publish","type":"post","link":"https:\/\/www.europesays.com\/fr\/202190\/","title":{"rendered":"MILEY CYRUS \u00c0 SAINT-\u00c9TIENNE AVEC SON OP\u00c9RA POP"},"content":{"rendered":"<p>Cette cr\u00e9ation originale sera pr\u00e9sent\u00e9e sur grand \u00e9cran au public st\u00e9phanois (<strong>Oui Miley Cyrus ne sera bien-sur pas pr\u00e9sent \u00e0 Saint-\u00c9tienne<\/strong>) <strong>le vendredi 27 juin<\/strong> <strong>avec la projection du film<\/strong>. Au c\u0153ur de ce projet novateur se trouvent treize compositions musicales fra\u00eechement sorties du dernier opus de l\u2019interpr\u00e8te. Ces morceaux servent de colonne vert\u00e9brale \u00e0 cette production cin\u00e9matographique qui puise directement dans l\u2019univers cr\u00e9atif de la chanteuse pour offrir une exp\u00e9rience visuelle et sonore sans pr\u00e9c\u00e9dent.<\/p>\n<p>Derri\u00e8re la cam\u00e9ra, Miley Cyrus partage les responsabilit\u00e9s de mise en sc\u00e8ne avec Jacob Bixenman et Brendan Walter, formant un trio de r\u00e9alisateurs aux approches compl\u00e9mentaires. Devant l\u2019objectif, l\u2019artiste s\u2019entoure d\u2019un casting de choix incluant la l\u00e9gendaire mannequin Naomi Campbell, le musicien Maxx Morando et la talentueuse Brittany Howard.<\/p>\n<p><img loading=\"lazy\" decoding=\"async\" width=\"714\" height=\"1024\" src=\"https:\/\/www.europesays.com\/fr\/wp-content\/uploads\/2025\/06\/poster-web-714x1024.jpg\" alt=\"\" class=\"wp-image-56086\" style=\"width:258px;height:auto\"  \/><\/p>\n<p>Rendez-vous au Megarama Jean-Jaur\u00e8s<\/p>\n<p>Les cin\u00e9philes et m\u00e9lomanes st\u00e9phanois pourront d\u00e9couvrir cette proposition artistique atypique <strong>d\u00e8s 20h au Megarama Jean-Jaur\u00e8s \u00e0 Saint-\u00c9tienne<\/strong>. La projection sera propos\u00e9e en version originale sous-titr\u00e9e, permettant d\u2019appr\u00e9cier pleinement les nuances vocales de cette production musicale d\u2019exception. R\u00e9servation <strong><a href=\"https:\/\/www.ticketingcine.fr\/?nc=1204&amp;lang=fr&amp;ids=87052&amp;ps=erakys&amp;cmp=other\" target=\"_blank\" rel=\"noreferrer noopener\">ICI<\/a><\/strong>.<\/p>\n","protected":false},"excerpt":{"rendered":"Cette cr\u00e9ation originale sera pr\u00e9sent\u00e9e sur grand \u00e9cran au public st\u00e9phanois (Oui Miley Cyrus ne sera bien-sur pas&hellip;\n","protected":false},"author":2,"featured_media":202191,"comment_status":"","ping_status":"","sticky":false,"template":"","format":"standard","meta":{"footnotes":""},"categories":[9653],"tags":[1111,11,2430,650,1697,1777,674,1011,27,3367,10905,25476,873,12,25,4001],"class_list":{"0":"post-202190","1":"post","2":"type-post","3":"status-publish","4":"format-standard","5":"has-post-thumbnail","7":"category-saint-etienne","8":"tag-actu","9":"tag-actualites","10":"tag-auvergne-rhone-alpes","11":"tag-cinema","12":"tag-concert","13":"tag-eu","14":"tag-europe","15":"tag-fr","16":"tag-france","17":"tag-loire","18":"tag-megarama","19":"tag-miley-cyrus","20":"tag-musique","21":"tag-news","22":"tag-republique-francaise","23":"tag-saint-etienne"},"share_on_mastodon":{"url":"https:\/\/pubeurope.com\/@fr\/114741680196930813","error":""},"_links":{"self":[{"href":"https:\/\/www.europesays.com\/fr\/wp-json\/wp\/v2\/posts\/202190","targetHints":{"allow":["GET"]}}],"collection":[{"href":"https:\/\/www.europesays.com\/fr\/wp-json\/wp\/v2\/posts"}],"about":[{"href":"https:\/\/www.europesays.com\/fr\/wp-json\/wp\/v2\/types\/post"}],"author":[{"embeddable":true,"href":"https:\/\/www.europesays.com\/fr\/wp-json\/wp\/v2\/users\/2"}],"replies":[{"embeddable":true,"href":"https:\/\/www.europesays.com\/fr\/wp-json\/wp\/v2\/comments?post=202190"}],"version-history":[{"count":0,"href":"https:\/\/www.europesays.com\/fr\/wp-json\/wp\/v2\/posts\/202190\/revisions"}],"wp:featuredmedia":[{"embeddable":true,"href":"https:\/\/www.europesays.com\/fr\/wp-json\/wp\/v2\/media\/202191"}],"wp:attachment":[{"href":"https:\/\/www.europesays.com\/fr\/wp-json\/wp\/v2\/media?parent=202190"}],"wp:term":[{"taxonomy":"category","embeddable":true,"href":"https:\/\/www.europesays.com\/fr\/wp-json\/wp\/v2\/categories?post=202190"},{"taxonomy":"post_tag","embeddable":true,"href":"https:\/\/www.europesays.com\/fr\/wp-json\/wp\/v2\/tags?post=202190"}],"curies":[{"name":"wp","href":"https:\/\/api.w.org\/{rel}","templated":true}]}}