{"id":202200,"date":"2025-06-25T02:41:42","date_gmt":"2025-06-25T02:41:42","guid":{"rendered":"https:\/\/www.europesays.com\/fr\/202200\/"},"modified":"2025-06-25T02:41:42","modified_gmt":"2025-06-25T02:41:42","slug":"la-compo-face-a-toulon-actualites-union-bordeaux-begles-ubb-rugby-2","status":"publish","type":"post","link":"https:\/\/www.europesays.com\/fr\/202200\/","title":{"rendered":"La compo face \u00e0 Toulon &#8211; Actualit\u00e9s &#8211; Union Bordeaux B\u00e8gles (UBB Rugby)"},"content":{"rendered":"<p>                    Le d\u00e9but de la phase finale de TOP 14 d\u00e9butera demain soir \u00e0 21h05 face aux toulonnais, au Groupama Stadium de Lyon. \u00c0 cet effet, d\u00e9couvrez la composition d&rsquo;\u00e9quipe de nos\u00a0Bordeaux &amp; Blanc :<\/p>\n<p><strong>7 changements<\/strong> sont \u00e0 signaler par rapport \u00e0 la derni\u00e8re composition d&rsquo;\u00e9quipe align\u00e9e face au <strong>RC Vannes<\/strong>.<br \/><strong>Jefferson Poirot<\/strong> effectue son retour au poste de pilier. <strong>Guido Petti<\/strong> retrouve la seconde ligne aux c\u00f4t\u00e9s de <strong>Cyril Cazeaux<\/strong>, tandis que <strong>Pierre Bochaton<\/strong> encadrera <strong>Pete Samu<\/strong> en troisi\u00e8me ligne, avec l\u2019appui de <strong>Marko Gazzotti<\/strong>.<br \/>\u00c0 l\u2019arri\u00e8re, <strong>Maxime Lucu<\/strong> retrouve sa place \u00e0 la m\u00eal\u00e9e et portera une nouvelle fois le brassard de capitaine. <strong>Pablo Uberti<\/strong> est titularis\u00e9 \u00e0 l\u2019aile. <strong>Yoram Moefana<\/strong> fait \u00e9galement son retour dans le <strong>XV de d\u00e9part<\/strong> et formera la paire de centres avec <strong>Nicolas Depoortere<\/strong>. <strong>Romain Buros<\/strong> occupera le poste d\u2019arri\u00e8re.<\/p>\n<p><img loading=\"lazy\" decoding=\"async\" src=\"https:\/\/www.europesays.com\/fr\/wp-content\/uploads\/2025\/06\/demie-top-14-169.png\" alt=\"\" width=\"1200\" height=\"1200\"\/><\/p>\n","protected":false},"excerpt":{"rendered":"Le d\u00e9but de la phase finale de TOP 14 d\u00e9butera demain soir \u00e0 21h05 face aux toulonnais, au&hellip;\n","protected":false},"author":2,"featured_media":202201,"comment_status":"","ping_status":"","sticky":false,"template":"","format":"standard","meta":{"footnotes":""},"categories":[9619],"tags":[1111,47,11,4402,1997,4404,4401,4356,4400,4357,1983,1777,674,1011,27,1987,1114,2947,955,12,4048,882,25,479,517,2858,478,2310,4364,4403,1264],"class_list":{"0":"post-202200","1":"post","2":"type-post","3":"status-publish","4":"format-standard","5":"has-post-thumbnail","7":"category-toulon","8":"tag-actu","9":"tag-actualite","10":"tag-actualites","11":"tag-begles","12":"tag-bordeaux","13":"tag-chaban","14":"tag-challenge-cup","15":"tag-coronavirus","16":"tag-covid","17":"tag-covid-19","18":"tag-essai","19":"tag-eu","20":"tag-europe","21":"tag-fr","22":"tag-france","23":"tag-girondins","24":"tag-infos","25":"tag-lnr","26":"tag-match","27":"tag-news","28":"tag-presse","29":"tag-provence-alpes-cote-dazur","30":"tag-republique-francaise","31":"tag-rugby","32":"tag-sport","33":"tag-stade","34":"tag-top-14","35":"tag-toulon","36":"tag-ubb","37":"tag-union","38":"tag-victoire"},"share_on_mastodon":{"url":"https:\/\/pubeurope.com\/@fr\/114741699177796524","error":""},"_links":{"self":[{"href":"https:\/\/www.europesays.com\/fr\/wp-json\/wp\/v2\/posts\/202200","targetHints":{"allow":["GET"]}}],"collection":[{"href":"https:\/\/www.europesays.com\/fr\/wp-json\/wp\/v2\/posts"}],"about":[{"href":"https:\/\/www.europesays.com\/fr\/wp-json\/wp\/v2\/types\/post"}],"author":[{"embeddable":true,"href":"https:\/\/www.europesays.com\/fr\/wp-json\/wp\/v2\/users\/2"}],"replies":[{"embeddable":true,"href":"https:\/\/www.europesays.com\/fr\/wp-json\/wp\/v2\/comments?post=202200"}],"version-history":[{"count":0,"href":"https:\/\/www.europesays.com\/fr\/wp-json\/wp\/v2\/posts\/202200\/revisions"}],"wp:featuredmedia":[{"embeddable":true,"href":"https:\/\/www.europesays.com\/fr\/wp-json\/wp\/v2\/media\/202201"}],"wp:attachment":[{"href":"https:\/\/www.europesays.com\/fr\/wp-json\/wp\/v2\/media?parent=202200"}],"wp:term":[{"taxonomy":"category","embeddable":true,"href":"https:\/\/www.europesays.com\/fr\/wp-json\/wp\/v2\/categories?post=202200"},{"taxonomy":"post_tag","embeddable":true,"href":"https:\/\/www.europesays.com\/fr\/wp-json\/wp\/v2\/tags?post=202200"}],"curies":[{"name":"wp","href":"https:\/\/api.w.org\/{rel}","templated":true}]}}