{"id":202206,"date":"2025-06-25T02:51:07","date_gmt":"2025-06-25T02:51:07","guid":{"rendered":"https:\/\/www.europesays.com\/fr\/202206\/"},"modified":"2025-06-25T02:51:07","modified_gmt":"2025-06-25T02:51:07","slug":"cocaine-armes-a-feu-vehicules-gros-coup-de-filet-a-rennes-15-personnes-interpellees","status":"publish","type":"post","link":"https:\/\/www.europesays.com\/fr\/202206\/","title":{"rendered":"Coca\u00efne, armes \u00e0 feu, v\u00e9hicules&#8230; Gros coup de filet \u00e0 Rennes, 15 personnes interpell\u00e9es"},"content":{"rendered":"<p>            Par<br \/>\n        <strong><br \/>\n            <a href=\"https:\/\/actu.fr\/auteur\/laurene-fertin\" title=\"Consulter tous les articles de Laur\u00e8ne Fertin\" rel=\"nofollow noopener\" target=\"_blank\">Laur\u00e8ne Fertin<\/a><br \/>\n        <\/strong><\/p>\n<p>        Publi\u00e9 le<\/p>\n<p>            24 juin 2025 \u00e0 9h03        <\/p>\n<p>L\u2019op\u00e9ration a n\u00e9cessit\u00e9 <strong>116 militaires de la gendarmerie<\/strong>, <strong>cinq \u00e9quipes cynophiles<\/strong> venues de Rennes, Angers et Pontivy, <strong>cinq policiers du Groupe d\u2019Intervention R\u00e9gional (GIR)<\/strong> de Rennes, sans oublier un peloton d\u2019intervention d\u2019un escadron de gendarmerie mobile. Mardi 17\u00a0juin 2025 au matin, <strong>une op\u00e9ration de police de grande ampleur<\/strong> a \u00e9t\u00e9 men\u00e9e permettant de mettre la main sur <strong>un trafic important de stup\u00e9fiants<\/strong> se d\u00e9roulant dans l\u2019agglom\u00e9ration rennaise et plus particuli\u00e8rement, dans le quartier <a href=\"https:\/\/actu.fr\/ile-de-france\/maurepas_78383\" rel=\"nofollow noopener\" target=\"_blank\">Maurepas<\/a>.<\/p>\n<p>Entre 50 et 80 transactions quotidiennes<\/p>\n<p class=\" wall-content\"><strong>Une enqu\u00eate pr\u00e9liminaire<\/strong> avait en effet \u00e9t\u00e9 ouverte en ao\u00fbt\u00a02024, par la Brigade de Recherches (BR) de la compagnie de gendarmerie d\u00e9partementale de Rennes sous la direction du parquet, \u00ab\u2009pour <strong>des faits de trafic de stup\u00e9fiants<\/strong> visant <strong>plusieurs individus<\/strong> connus pour leur implication dans des activit\u00e9s de trafic de stup\u00e9fiants sur l\u2019agglom\u00e9ration rennaise\u2009\u00bb.<\/p>\n<p class=\" wall-content\">Dans un communiqu\u00e9 de presse, le procureur de la R\u00e9publique de Rennes, Fr\u00e9d\u00e9ric Teillet, parle en effet d\u2019un trafic <strong>\u00ab\u2009particuli\u00e8rement actif et solidement implant\u00e9,<\/strong> avec des approvisionnements r\u00e9guliers et cons\u00e9quents\u2009\u00bb.<\/p>\n<blockquote class=\"ac-article-quote wall-content\">\n<p>Les figures centrales du r\u00e9seau r\u00e9sidaient principalement en zone de comp\u00e9tence Gendarmerie Nationale dans un rayon de 20 minutes autour de Rennes. Les points de stockage (\u00ab nourrices \u00bb) et de revente se concentraient dans le quartier de Maurepas, notamment aux Gayeulles o\u00f9 l\u2019activit\u00e9 du point de vente est estim\u00e9e entre 50 et 80 transactions quotidiennes.<\/p>\n<p>    <strong>Fr\u00e9d\u00e9ric Teillet<\/strong><br \/>\n        Procureur de la R\u00e9publique de Rennes    <\/p><\/blockquote>\n<p class=\" wall-content\"><strong>\u00ab\u2009Face \u00e0 l\u2019ampleur\u2009\u00bb du trafic<\/strong> et de l\u2019organisation criminelle,<strong> une information judiciaire a \u00e9t\u00e9 ouverte,<\/strong> le 2\u00a0mai 2025, par le parquet. \u00ab\u2009Une commission rogatoire d\u00e9livr\u00e9e par un juge d\u2019instruction a saisi le Groupe d\u2019Intervention R\u00e9gional (GIR) de Rennes en addition de la BR de Rennes\u2009\u00bb, ajoute le procureur.<\/p>\n<p>Une op\u00e9ration conjointe<\/p>\n<p>L&rsquo;op\u00e9ration de police judiciaire a \u00e9t\u00e9 impuls\u00e9e par la compagnie de gendarmerie d\u00e9partementale de Rennes \u00ab\u00a0avec l\u2019appui de nombreux moyens des groupements de gendarmerie d\u2019Ille-et-Vilaine, de Maine-et-Loire et de Vend\u00e9e et de la r\u00e9gion de gendarmerie de Bretagne\u00a0\u00bb, d\u00e9taille Fr\u00e9d\u00e9ric Teillet.<\/p>\n<p>Parmi les 116 militaires de la gendarmerie, 90 gendarmes viennent d\u2019Ille-et-Vilaine (enqu\u00eateurs des unit\u00e9s de recherches et territoriales du GGD35 et tous les pelotons de surveillance et d&rsquo;intervention de la Gendarmerie (PSIG) bretilliens).<\/p>\n<p>15\u00a0personnes interpell\u00e9es<\/p>\n<p class=\" wall-content\">L\u2019op\u00e9ration a permis de mettre la main sur\u2009:<\/p>\n<ul class=\" wall-content\">\n<li>des produits stup\u00e9fiants \u00e0 savoir 50\u00a0kg de <strong>r\u00e9sine,<\/strong> 7\u00a0kg d\u2019herbe de <strong>cannabis<\/strong> et 2\u00a0kg de <strong>coca\u00efne<\/strong>\u2009;<\/li>\n<li>environ <strong>34\u2009000\u00a0euros<\/strong> en num\u00e9raire\u2009;<\/li>\n<li><strong>neuf armes<\/strong> \u00e0 feu\u2009;<\/li>\n<li><strong>350 paquets de cigarettes<\/strong> et 131 paquets de tabac \u00e0 rouler\u2009;<\/li>\n<li><strong>11 v\u00e9hicules<\/strong> qui ont \u00e9t\u00e9 saisis.<\/li>\n<\/ul>\n<p>    <img   decoding=\"async\" loading=\"lazy\" src=\"https:\/\/www.europesays.com\/fr\/wp-content\/uploads\/2025\/06\/belles-affaires-br-rennes-sign-07-960x640.jpg\" alt=\"xxx\" width=\"960\" height=\"640\"\/><br \/>\n    Une saisie importante a \u00e9t\u00e9 r\u00e9alis\u00e9e lors de l\u2019op\u00e9ration. (\u00a9 BCOM RGBRET)<\/p>\n<p class=\" wall-content\"><strong>15 individus<\/strong> ont \u00e9t\u00e9 <strong>interpell\u00e9s<\/strong>\u2009; 11 ont \u00e9t\u00e9 plac\u00e9s en garde \u00e0 vue.<\/p>\n<p class=\" wall-content\">Parmi les 11 gard\u00e9s \u00e0 vue, huit ont \u00e9t\u00e9 pr\u00e9sent\u00e9s \u00e0 un juge les 19 et 20\u00a0juin. Ces derniers sont connus de la Justice, \u00ab\u2009jouant des r\u00f4les <strong>d\u2019organisateurs du r\u00e9seau,<\/strong> de <strong>gestionnaire<\/strong> de point de deal ou encore de \u00ab\u2009nourrice\u2009\u00bb, pr\u00e9cise Fr\u00e9d\u00e9ric Teillet. Ils ont \u00e9t\u00e9 mis en examen et plac\u00e9s en d\u00e9tention provisoire.<\/p>\n<p class=\" wall-content\">Par ailleurs, <strong>un homme<\/strong> et <strong>une femme<\/strong> jouant le r\u00f4le de <strong>\u00ab\u2009nourrice\u2009\u00bb<\/strong> ont \u00e9t\u00e9 plac\u00e9s sous contr\u00f4le judiciaire. \u00ab\u2009Une garde \u00e0 vue a \u00e9t\u00e9 lev\u00e9e sans poursuite\u2009\u00bb, ajoute le parquet.<\/p>\n<p class=\" wall-content\"><strong>Les investigations<\/strong> se poursuivent.<\/p>\n<p class=\" wall-content\">Suivez toute l\u2019actualit\u00e9 de vos villes et m\u00e9dias favoris en vous inscrivant \u00e0 <a href=\"https:\/\/moncompte.actu.fr\" title=\"D\u00e9couvez Mon Actu\" rel=\"nofollow noopener\" data-trk=\"{&quot;cta&quot;:{&quot;action&quot;:&quot;https:\\\/\\\/moncompte.actu.fr&quot;,&quot;category&quot;:&quot;mon compte&quot;,&quot;from&quot;:&quot;article footer&quot;,&quot;name&quot;:&quot;Mon actu&quot;,&quot;type&quot;:&quot;cta&quot;}}\" target=\"_blank\">Mon Actu<\/a>.<\/p>\n","protected":false},"excerpt":{"rendered":"Par Laur\u00e8ne Fertin Publi\u00e9 le 24 juin 2025 \u00e0 9h03 L\u2019op\u00e9ration a n\u00e9cessit\u00e9 116 militaires de la gendarmerie,&hellip;\n","protected":false},"author":2,"featured_media":202207,"comment_status":"","ping_status":"","sticky":false,"template":"","format":"standard","meta":{"footnotes":""},"categories":[2821],"tags":[1111,11,829,1052,1777,674,118,1011,27,3381,22320,12,584,25],"class_list":{"0":"post-202206","1":"post","2":"type-post","3":"status-publish","4":"format-standard","5":"has-post-thumbnail","7":"category-rennes","8":"tag-actu","9":"tag-actualites","10":"tag-bretagne","11":"tag-drogue","12":"tag-eu","13":"tag-europe","14":"tag-faits-divers","15":"tag-fr","16":"tag-france","17":"tag-gendarmerie","18":"tag-maurepas","19":"tag-news","20":"tag-rennes","21":"tag-republique-francaise"},"share_on_mastodon":{"url":"https:\/\/pubeurope.com\/@fr\/114741742401923156","error":""},"_links":{"self":[{"href":"https:\/\/www.europesays.com\/fr\/wp-json\/wp\/v2\/posts\/202206","targetHints":{"allow":["GET"]}}],"collection":[{"href":"https:\/\/www.europesays.com\/fr\/wp-json\/wp\/v2\/posts"}],"about":[{"href":"https:\/\/www.europesays.com\/fr\/wp-json\/wp\/v2\/types\/post"}],"author":[{"embeddable":true,"href":"https:\/\/www.europesays.com\/fr\/wp-json\/wp\/v2\/users\/2"}],"replies":[{"embeddable":true,"href":"https:\/\/www.europesays.com\/fr\/wp-json\/wp\/v2\/comments?post=202206"}],"version-history":[{"count":0,"href":"https:\/\/www.europesays.com\/fr\/wp-json\/wp\/v2\/posts\/202206\/revisions"}],"wp:featuredmedia":[{"embeddable":true,"href":"https:\/\/www.europesays.com\/fr\/wp-json\/wp\/v2\/media\/202207"}],"wp:attachment":[{"href":"https:\/\/www.europesays.com\/fr\/wp-json\/wp\/v2\/media?parent=202206"}],"wp:term":[{"taxonomy":"category","embeddable":true,"href":"https:\/\/www.europesays.com\/fr\/wp-json\/wp\/v2\/categories?post=202206"},{"taxonomy":"post_tag","embeddable":true,"href":"https:\/\/www.europesays.com\/fr\/wp-json\/wp\/v2\/tags?post=202206"}],"curies":[{"name":"wp","href":"https:\/\/api.w.org\/{rel}","templated":true}]}}