{"id":202210,"date":"2025-06-25T02:53:16","date_gmt":"2025-06-25T02:53:16","guid":{"rendered":"https:\/\/www.europesays.com\/fr\/202210\/"},"modified":"2025-06-25T02:53:16","modified_gmt":"2025-06-25T02:53:16","slug":"strasbourg-terre-de-transition-energetique","status":"publish","type":"post","link":"https:\/\/www.europesays.com\/fr\/202210\/","title":{"rendered":"Strasbourg, terre de transition \u00e9nerg\u00e9tique"},"content":{"rendered":"<p class=\"st-surtitre\">\n            Pour leur 26e \u00e9dition, les Assises europ\u00e9ennes de la transition \u00e9nerg\u00e9tique s\u2019installent \u00e0 Strasbourg pour trois jours.\u00a0\n        <\/p>\n<p><img decoding=\"async\" alt=\"\" data-fileentryid=\"539512130\" src=\"https:\/\/www.europesays.com\/fr\/wp-content\/uploads\/2025\/06\/assises_europeennes_transition_vignette-1-jpg.jpeg\" style=\"margin:10px; float:left\"\/>\u00a0La Ville et l\u2019Eurom\u00e9tropole sont co-organisatrices des Assises europ\u00e9enne de la transition \u00e9nerg\u00e9tique. Ce salon professionnel r\u00e9unit 1300 congressistes au Palais de la musique et des congr\u00e8s mais aussi au Parlement europ\u00e9en pour des conf\u00e9rences, ateliers et visites de terrain. Organis\u00e9 conjointement par la communaut\u00e9 urbaine de Dunkerque, Bordeaux M\u00e9tropole, Dijon M\u00e9tropole, la Ville et l\u2019Eurom\u00e9tropole de Strasbourg, ainsi que par l\u2019Ademe, l\u2019agence de la transition \u00e9cologique, ce rendez-vous des acteurs de l\u2019\u00e9nergie invite d\u00e9cideurs et professionnels du secteur \u00e0 s\u2019interroger cette ann\u00e9e sur l\u2019\u00e9nergie comme un bien commun.\u00a0<\/p>\n<p>D\u00e9carboner le territoire<\/p>\n<p>Pour Strasbourg et son territoire, l\u2019objectif est clair : \u00ab\u00a0Consommer 100% d\u2019\u00e9nergies renouvelables d\u2019ici 2050\u00a0\u00bb, selon Jeanne Barseghian, maire de Strasbourg. Une transition \u00e9nerg\u00e9tique qui passe ainsi par \u00ab\u00a0une action volontariste \u00e0 l\u2019\u00e9chelle locale, tout en r\u00e9pondant \u00e0 un objectif de justice sociale et de lutte contre la pr\u00e9carit\u00e9 \u00e9nerg\u00e9tique\u00a0\u00bb, poursuit l\u2019\u00e9lue.\u00a0<br \/>Les objectifs de sobri\u00e9t\u00e9 et de transition \u00e9nerg\u00e9tique s\u2019incarnent par exemple au niveau local par le plus grand r\u00e9seau de chaleur d\u00e9carbon\u00e9 de France. \u00ab\u00a0Avec 90 kilom\u00e8tres de r\u00e9seaux et 60 kilom\u00e8tres suppl\u00e9mentaires en projet, 80 000 logements seront bient\u00f4t couverts\u00a0\u00bb, projette ainsi Jeanne Barseghian.\u00a0<br \/>Des projets d\u2019\u00e9cologie industrielle, comme la r\u00e9cup\u00e9ration de chaleur fatale issue d\u2019activit\u00e9s \u00e9conomiques, contribuent \u00e9galement \u00e0 la transition \u00e9nerg\u00e9tique du territoire. Un territoire qui s\u2019envisage dans sa dimension transfrontali\u00e8re avec le projet de r\u00e9cup\u00e9ration de chaleur issue de l\u2019activit\u00e9 de l\u2019aci\u00e9rie de Kehl, \u00e0 r\u00e9injecter dans un r\u00e9seau de chaleur urbain \u00e0 Strasbourg. L\u2019appui \u00e0 la r\u00e9novation \u00e9nerg\u00e9tique des immeubles ou encore l\u2019offre de mobilit\u00e9 d\u00e9carbon\u00e9e, notamment avec le R\u00e9seau express m\u00e9tropolitain europ\u00e9en, compl\u00e8tent les actions entreprises \u00e0 l\u2019\u00e9chelle de l\u2019agglom\u00e9ration. \u00ab\u00a0La question n\u2019est d\u00e9sormais plus au pourquoi faire mais au comment faire\u00a0\u00bb, pr\u00e9vient Pia Imbs, pr\u00e9sidente de l\u2019Eurom\u00e9tropole, qui plaide pour \u00ab\u00a0la n\u00e9cessit\u00e9 de combiner le travail entre tous les acteurs, \u00c9tat, collectivit\u00e9s, associations, citoyens\u00a0\u00bb.\u00a0<br \/>Des citoyens impliqu\u00e9s au niveau local dans des projets collectifs, comme notamment Les Brasseurs d\u2019\u00e9nergie. Cette soci\u00e9t\u00e9 coop\u00e9rative a en effet contribu\u00e9 \u00e0 l\u2019installation des panneaux photovolta\u00efques sur le toit de l\u2019\u00e9cole strasbourgeoise Louvois, en service depuis l\u2019automne 2024.\u00a0<\/p>\n<p>Plaidoyer europ\u00e9en<\/p>\n<p>Face \u00e0 un contexte g\u00e9opolitique troubl\u00e9, \u00ab\u00a0la transition \u00e9nerg\u00e9tique doit \u00eatre territorialis\u00e9e, pour choisir sa souverainet\u00e9 \u00e9nerg\u00e9tique\u00a0\u00bb, affirme ainsi Sylvain Wassermann, pr\u00e9sident de l\u2019Ademe. L\u2019implication des citoyens, le d\u00e9veloppement des comp\u00e9tences locales et le financement de la transition sont par ailleurs au c\u0153ur d\u2019un \u00ab\u00a0plaidoyer pour faire de l\u2019\u00e9nergie un bien commun, des territoires \u00e0 l\u2019Europe\u00a0\u00bb, que les co-organisateurs de ces Assises souhaitent soumettre aux d\u00e9cideurs nationaux et europ\u00e9ens.\u00a0<\/p>\n<p>Lucie Dupin<br \/>Photo : Philippe Stirnweiss<\/p>\n","protected":false},"excerpt":{"rendered":"Pour leur 26e \u00e9dition, les Assises europ\u00e9ennes de la transition \u00e9nerg\u00e9tique s\u2019installent \u00e0 Strasbourg pour trois jours.\u00a0 \u00a0La&hellip;\n","protected":false},"author":2,"featured_media":202211,"comment_status":"","ping_status":"","sticky":false,"template":"","format":"standard","meta":{"footnotes":""},"categories":[2820],"tags":[1111,11,33,1777,674,21364,1011,27,775,12,25,640],"class_list":{"0":"post-202210","1":"post","2":"type-post","3":"status-publish","4":"format-standard","5":"has-post-thumbnail","7":"category-strasbourg","8":"tag-actu","9":"tag-actualites","10":"tag-economie","11":"tag-eu","12":"tag-europe","13":"tag-europe-et-international","14":"tag-fr","15":"tag-france","16":"tag-grand-est","17":"tag-news","18":"tag-republique-francaise","19":"tag-strasbourg"},"share_on_mastodon":{"url":"https:\/\/pubeurope.com\/@fr\/114741746730035231","error":""},"_links":{"self":[{"href":"https:\/\/www.europesays.com\/fr\/wp-json\/wp\/v2\/posts\/202210","targetHints":{"allow":["GET"]}}],"collection":[{"href":"https:\/\/www.europesays.com\/fr\/wp-json\/wp\/v2\/posts"}],"about":[{"href":"https:\/\/www.europesays.com\/fr\/wp-json\/wp\/v2\/types\/post"}],"author":[{"embeddable":true,"href":"https:\/\/www.europesays.com\/fr\/wp-json\/wp\/v2\/users\/2"}],"replies":[{"embeddable":true,"href":"https:\/\/www.europesays.com\/fr\/wp-json\/wp\/v2\/comments?post=202210"}],"version-history":[{"count":0,"href":"https:\/\/www.europesays.com\/fr\/wp-json\/wp\/v2\/posts\/202210\/revisions"}],"wp:featuredmedia":[{"embeddable":true,"href":"https:\/\/www.europesays.com\/fr\/wp-json\/wp\/v2\/media\/202211"}],"wp:attachment":[{"href":"https:\/\/www.europesays.com\/fr\/wp-json\/wp\/v2\/media?parent=202210"}],"wp:term":[{"taxonomy":"category","embeddable":true,"href":"https:\/\/www.europesays.com\/fr\/wp-json\/wp\/v2\/categories?post=202210"},{"taxonomy":"post_tag","embeddable":true,"href":"https:\/\/www.europesays.com\/fr\/wp-json\/wp\/v2\/tags?post=202210"}],"curies":[{"name":"wp","href":"https:\/\/api.w.org\/{rel}","templated":true}]}}