{"id":202214,"date":"2025-06-25T02:55:22","date_gmt":"2025-06-25T02:55:22","guid":{"rendered":"https:\/\/www.europesays.com\/fr\/202214\/"},"modified":"2025-06-25T02:55:22","modified_gmt":"2025-06-25T02:55:22","slug":"alors-qua-besancon-le-prefet-demande-le-retrait-dun-drapeau-palestinien-devant-la-mairie-christian-estrosi-maintient-celui-disrael-a-nice","status":"publish","type":"post","link":"https:\/\/www.europesays.com\/fr\/202214\/","title":{"rendered":"Alors qu\u2019\u00e0 Besan\u00e7on le pr\u00e9fet demande le retrait d\u2019un drapeau palestinien devant la mairie, Christian Estrosi maintient celui d\u2019Isra\u00ebl \u00e0 Nice"},"content":{"rendered":"<p class=\"latino-300b text-grey-800\">\n<p>  Par\u00a0<br \/>\n<a href=\"https:\/\/www.nouvelobs.com\/journalistes\/2130\/service-actu.html\" class=\"text-decoration-none link--box d-inline\" target=\"_blank\" rel=\"noopener\">Service Actu<\/a>                <\/p>\n<p class=\"latino-300r text-grey-600\">\n      Publi\u00e9 le<\/p>\n<p>    24 juin 2025 \u00e0 15h59, mis \u00e0 jour le<\/p>\n<p>      24 juin 2025 \u00e0 17h24\n  <\/p>\n<p>      <img fetchpriority=\"high\" decoding=\"async\" class=\"mx-auto\" src=\"data:image\/svg+xml,%3Csvg%20xmlns%3D%27http%3A%2F%2Fwww.w3.org%2F2000%2Fsvg%27%20fill%3D%22%23e4e4e4%22%20viewBox%3D%270%200%20510%20340%27%20width%3D%22510%22%20height%3D%22340%22%3E%3Cpath%20d%3D%27M0%200h510v340H0z%27%2F%3E%3C%2Fsvg%3E\"  loading=\"eager\" width=\"510\" height=\"340\" data-oncrawl-image-size=\"510x340\" alt=\"Un drapeau palestinien flotte devant l\u2019h\u00f4tel de ville de Lyon lors d\u2019un rassemblement de soutien au peuple palestinien, le 18\u00a0mars 2025.\"\/>      <\/p>\n<p class=\"latino-100m text-grey-600\">\n            Un drapeau palestinien flotte devant l\u2019h\u00f4tel de ville de Lyon lors d\u2019un rassemblement de soutien au peuple palestinien, le 18\u00a0mars 2025.\u00a0ELSA BIYICK\/HANS LUCAS VIA AFP        <\/p>\n<p>    Temps de lecture\u00a0:\u00a02\u00a0min.<\/p>\n<p class=\"article__description latino-600m mb-8 mb-lg-30 \" data-oncrawl-chapo-length=\"264\">\n<p>    Trois communes ont \u00e9t\u00e9 contraintes ces derniers mois de retirer des drapeaux palestiniens de leur fronton \u00e0 la suite de recours pr\u00e9fectoraux valid\u00e9s par la justice. Le tribunal administratif de Nice examine ce mardi le cas des drapeaux isra\u00e9liens devant sa mairie.<\/p>\n<p class=\"node__paragraphe antonia-750r text-grey-800 pb-24 pb-md-30\">\nLe pr\u00e9fet du Doubs a demand\u00e9 ce mardi 24\u00a0juin \u00e0 la maire \u00e9cologiste de Besan\u00e7on de retirer le drapeau palestinien appos\u00e9 devant la mairie, au nom du \u00ab\u00a0principe de neutralit\u00e9\u00a0\u00bb.<\/p>\n<p class=\"latino-500b text-grey-600 pb-16\">A lire aussi<\/p>\n<p><a href=\"https:\/\/www.nouvelobs.com\/societe\/20250603.OBS104580\/vouloir-interdire-le-drapeau-palestinien-comme-le-veut-le-maire-de-chalon-dans-sa-ville-une-decision-aussi-illegale-qu-injuste.html\" data-article-key=\"20250603.OBS104580\" class=\"link--box flex-grow-1\" data-piano=\"Page_Article,Lire_aussi,,Lien1,navigation\" target=\"_blank\" rel=\"noopener\"><\/p>\n<p>                <img decoding=\"async\" src=\"data:image\/svg+xml,%3Csvg%20xmlns%3D%27http%3A%2F%2Fwww.w3.org%2F2000%2Fsvg%27%20fill%3D%22%23e4e4e4%22%20viewBox%3D%270%200%20120%2080%27%20width%3D%22120%22%20height%3D%2280%22%3E%3Cpath%20d%3D%27M0%200h120v80H0z%27%2F%3E%3C%2Fsvg%3E\"  width=\"120\" height=\"80\" loading=\"lazy\" alt=\"Un homme brandit un drapeau Palestinien, place de la R\u00e9publique \u00e0 Paris, le 30\u00a0juin 2024.\"\/><\/p>\n<p class=\"latino-300r latino-lg-600m text-grey-800\">\n                      <strong class=\"latino-300b latino-lg-600m text-grey-500\">D\u00e9cryptage\u00a0<\/strong><br \/>\n                    Interdire le drapeau palestinien comme le veut le maire de Chalon dans sa ville, une d\u00e9cision \u00ab\u00a0aussi ill\u00e9gale qu\u2019injuste\u00a0\u00bb        <\/p>\n<p><\/a><\/p>\n<p class=\"node__paragraphe antonia-750r text-grey-800 pb-24 pb-md-30\">\nAnne Vignot, maire EELV de Besan\u00e7on, avait fait dresser lundi soir le drapeau palestinien sur le parvis de l\u2019esplanade des droits de l\u2019homme, devant l\u2019h\u00f4tel de ville. \u00ab\u00a0Nous hissons le drapeau palestinien parce qu\u2019\u00e0 Gaza et en Cisjordanie, un peuple est massacr\u00e9\u00a0\u00bb et \u00ab\u00a0nous ne pouvons rester silencieux devant ce drame\u00a0\u00bb, a d\u00e9clar\u00e9 l\u2019\u00e9dile lors de l\u2019installation de la banni\u00e8re.<\/p>\n<p class=\"node__paragraphe antonia-750r text-grey-800 pb-24 pb-md-30\">\nLe pr\u00e9fet du Doubs, R\u00e9mi Bastille, lui a adress\u00e9 ce mardi un courrier \u00ab\u00a0pour lui rappeler le principe de neutralit\u00e9 des services publics (et de leurs b\u00e2timents)\u00a0\u00bb et l\u2019inviter \u00ab\u00a0\u00e0 se mettre en conformit\u00e9 dans les plus brefs d\u00e9lais avec la loi \u00e0 d\u00e9faut de laquelle, une action en justice serait engag\u00e9e par l\u2019Etat\u00a0\u00bb, selon la pr\u00e9fecture.<\/p>\n<p>\u00ab\u00a0Principe de neutralit\u00e9\u00a0\u00bb<\/p>\n<p class=\"node__paragraphe antonia-750r text-grey-800 pb-24 pb-md-30\">\nCe principe de neutralit\u00e9 est \u00ab\u00a0constamment r\u00e9affirm\u00e9 par la jurisprudence\u00a0\u00bb, souligne-t-on, et il a \u00ab\u00a0valeur constitutionnelle\u00a0\u00bb. Le Conseil d\u2019Etat indique dans son arr\u00eat du 27\u00a0juillet 2005 que \u00ab\u00a0le principe de neutralit\u00e9 des services publics s\u2019oppose \u00e0 ce que soient appos\u00e9s sur les \u00e9difices publics des signes symbolisant la revendication d\u2019opinions politiques, religieuses ou philosophiques\u00a0\u00bb, pr\u00e9cise la pr\u00e9fecture.<\/p>\n<p class=\"latino-500b text-grey-600 pb-16\">A lire aussi<\/p>\n<p><a href=\"https:\/\/www.nouvelobs.com\/monde\/20250617.OBS105020\/dis-oncle-obs-pourquoi-la-france-veut-elle-reconnaitre-l-etat-de-palestine.html\" data-article-key=\"20250617.OBS105020\" class=\"link--box flex-grow-1\" data-piano=\"Page_Article,Lire_aussi,,Lien2,navigation\" target=\"_blank\" rel=\"noopener\"><\/p>\n<p>                <img decoding=\"async\" src=\"data:image\/svg+xml,%3Csvg%20xmlns%3D%27http%3A%2F%2Fwww.w3.org%2F2000%2Fsvg%27%20fill%3D%22%23e4e4e4%22%20viewBox%3D%270%200%20120%2080%27%20width%3D%22120%22%20height%3D%2280%22%3E%3Cpath%20d%3D%27M0%200h120v80H0z%27%2F%3E%3C%2Fsvg%3E\"  width=\"120\" height=\"80\" loading=\"lazy\" alt=\"Alors que la France se pr\u00e9pare \u00e0 reconna\u00eetre l\u2019Etat de Palestine, Fran\u00e7ois Reynaert propose des cl\u00e9s pour comprendre cette d\u00e9cision.\"\/><\/p>\n<p class=\"latino-300r latino-lg-600m text-grey-800\">\n                    Dis, Oncle Obs\u2026 Pourquoi la France envisage-t-elle reconna\u00eetre l\u2019Etat de Palestine\u00a0?        <\/p>\n<p><\/a><\/p>\n<p class=\"node__paragraphe antonia-750r text-grey-800 pb-24 pb-md-30\">\nLa municipalit\u00e9 bisontine n\u2019a pas encore \u00ab\u00a0finalis\u00e9\u00a0\u00bb sa d\u00e9cision de retirer ou non le drapeau. Le chef de file de l\u2019opposition municipale de droite, Ludovic Fagaut, a d\u00e9nonc\u00e9 la mise en place du drapeau, une d\u00e9cision \u00ab\u00a0au caract\u00e8re ouvertement partisan dans un contexte international particuli\u00e8rement sensible et conflictuel\u00a0\u00bb, susceptible \u00ab\u00a0d\u2019attiser les tensions au sein de la population locale\u00a0\u00bb.<\/p>\n<p class=\"node__paragraphe antonia-750r text-grey-800 pb-24 pb-md-30\">\nSamedi, le tribunal administratif avait intim\u00e9 \u00e0 la commune de Mitry-Mory (Seine-et-Marne), de retirer le drapeau palestinien flottant sur la fa\u00e7ade de son h\u00f4tel de ville, \u00e0 la suite d\u2019un recours de la pr\u00e9fecture. Cette d\u00e9cision prise en r\u00e9f\u00e9r\u00e9 est similaire \u00e0 celle rendue la veille par le tribunal administratif de Cergy-Pontoise, ordonnant le retrait du drapeau palestinien de la mairie de Gennevilliers (Hauts-de-Seine).<\/p>\n<p>\u00ab\u00a0On ne peut pas avoir deux poids, deux mesures\u00a0\u00bb<\/p>\n<p class=\"node__paragraphe antonia-750r text-grey-800 pb-24 pb-md-30\">\nUne d\u00e9cision qui s\u2019inscrit aussi dans le contexte d\u2019examen du tribunal administratif de Nice ce mardi de deux recours de militants contre le choix du maire Christian Estrosi de maintenir le drapeau isra\u00e9lien sur le fronton de la mairie. Le pr\u00e9fet des Alpes-Maritimes avait demand\u00e9 le 16\u00a0juin au maire de Nice, Christian Estrosi (Horizons), de retirer ce drapeau du fronton de la mairie, l\u00e0 aussi \u00ab\u00a0au nom du principe de neutralit\u00e9 du service public\u00a0\u00bb.<\/p>\n<p class=\"node__paragraphe antonia-750r text-grey-800 pb-24 pb-md-30\">\n\u00ab\u00a0Le seul message de ces drapeaux est un engagement de solidarit\u00e9, humanitaire, en soutien aux victimes du terrorisme. Il n\u2019y a aucun message politique\u00a0\u00bb, a martel\u00e9 l\u2019avocate de la ville, Me Pauline de Fay, devant le tribunal.<\/p>\n<p class=\"node__paragraphe antonia-750r text-grey-800 pb-24 pb-md-30\">\nPour Me Mireille Damiano, avocate des plaignants, les drapeaux isra\u00e9liens sont per\u00e7us comme un soutien \u00e0 la politique du pays, dont les dirigeants sont poursuivis devant <a href=\"https:\/\/www.nouvelobs.com\/monde\/20241122.OBS96812\/mandats-d-arret-de-la-cpi-qu-est-ce-que-cela-va-changer-pour-netanyahou.html\" target=\"_blank\" rel=\"noopener\">la Cour p\u00e9nale internationale pour crimes de guerre et crimes contre l\u2019humanit\u00e9<\/a>. \u00ab\u00a0On ne peut pas avoir deux poids, deux mesures\u00a0\u00bb, a insist\u00e9 Me Damiano en r\u00e9f\u00e9rence aux contraintes de retirer des drapeaux palestiniens dans trois communes.<\/p>\n<p>Une demande du gouvernement, pour Estrosi<\/p>\n<p class=\"node__paragraphe antonia-750r text-grey-800 pb-24 pb-md-30\">\nPlusieurs recours d\u00e9pos\u00e9s en\u00a02024 devant le tribunal administratif sont rest\u00e9s sans r\u00e9ponse\u00a0: un recours en r\u00e9f\u00e9r\u00e9 a \u00e9t\u00e9 rejet\u00e9 sans audience fin mai\u00a02024 pour d\u00e9faut d\u2019urgence et aucune audience n\u2019a \u00e9t\u00e9 fix\u00e9e pour l\u2019examen des recours sur le fond.<\/p>\n<p class=\"latino-500b text-grey-600 pb-16\">A lire aussi<\/p>\n<p><a href=\"https:\/\/www.nouvelobs.com\/societe\/20250611.OBS104828\/manifestation-de-soutien-a-la-palestine-c-est-ca-la-france-que-j-aime.html\" data-article-key=\"20250611.OBS104828\" class=\"link--box flex-grow-1\" data-piano=\"Page_Article,Lire_aussi,,Lien3,navigation\" target=\"_blank\" rel=\"noopener\"><\/p>\n<p>                <img decoding=\"async\" src=\"data:image\/svg+xml,%3Csvg%20xmlns%3D%27http%3A%2F%2Fwww.w3.org%2F2000%2Fsvg%27%20fill%3D%22%23e4e4e4%22%20viewBox%3D%270%200%20120%2080%27%20width%3D%22120%22%20height%3D%2280%22%3E%3Cpath%20d%3D%27M0%200h120v80H0z%27%2F%3E%3C%2Fsvg%3E\"  width=\"120\" height=\"80\" loading=\"lazy\" alt=\"La foule place de la R\u00e9publique lors du rassemblement de soutien \u00e0 la Flottille de la Libert\u00e9 et \u00e0 la Palestine, \u00e0 Paris, le 10\u00a0juin 2025. \"\/><\/p>\n<p class=\"latino-300r latino-lg-600m text-grey-800\">\n                      <strong class=\"latino-300b latino-lg-600m text-grey-500\">Reportage\u00a0<\/strong><br \/>\n                    Manifestation de soutien \u00e0 la Palestine\u00a0: \u00ab\u00a0C\u2019est \u00e7a la France que j\u2019aime\u00a0!\u00a0\u00bb        <\/p>\n<p><\/a><\/p>\n<p class=\"node__paragraphe antonia-750r text-grey-800 pb-24 pb-md-30\">\nSi l\u2019ancien pr\u00e9fet des Alpes-Maritimes Hugues Moutouh ne s\u2019est jamais prononc\u00e9 sur ces drapeaux, son successeur Laurent Hottiaux, arriv\u00e9 mi-mai, a demand\u00e9 la semaine derni\u00e8re \u00e0 Christian Estrosi de les retirer \u00ab\u00a0au nom du principe de neutralit\u00e9 du service public\u00a0\u00bb.<\/p>\n<p class=\"node__paragraphe antonia-750r text-grey-800 pb-24 pb-md-30\">\nLe maire a r\u00e9pondu dans les m\u00e9dias qu\u2019il consid\u00e9rait cette demande comme \u00e9manant du gouvernement et qu\u2019il s\u2019y opposait. La d\u00e9cision du tribunal est attendue dans les prochains jours.<\/p>\n","protected":false},"excerpt":{"rendered":"Par\u00a0 Service Actu Publi\u00e9 le 24 juin 2025 \u00e0 15h59, mis \u00e0 jour le 24 juin 2025 \u00e0&hellip;\n","protected":false},"author":2,"featured_media":202215,"comment_status":"","ping_status":"","sticky":false,"template":"","format":"standard","meta":{"footnotes":""},"categories":[2819],"tags":[17,1111,11,10112,3259,7650,12159,1777,674,1011,27,303,5415,12,2401,13539,14583,882,25,29622],"class_list":{"0":"post-202214","1":"post","2":"type-post","3":"status-publish","4":"format-standard","5":"has-post-thumbnail","7":"category-nice","8":"tag-17","9":"tag-actu","10":"tag-actualites","11":"tag-besancon","12":"tag-conflit-israelo-palestinien","13":"tag-demande","14":"tag-drapeau","15":"tag-eu","16":"tag-europe","17":"tag-fr","18":"tag-france","19":"tag-justice","20":"tag-mairie","21":"tag-news","22":"tag-nice","23":"tag-palestinien","24":"tag-prefet","25":"tag-provence-alpes-cote-dazur","26":"tag-republique-francaise","27":"tag-retrait"},"share_on_mastodon":{"url":"https:\/\/pubeurope.com\/@fr\/114741754270423720","error":""},"_links":{"self":[{"href":"https:\/\/www.europesays.com\/fr\/wp-json\/wp\/v2\/posts\/202214","targetHints":{"allow":["GET"]}}],"collection":[{"href":"https:\/\/www.europesays.com\/fr\/wp-json\/wp\/v2\/posts"}],"about":[{"href":"https:\/\/www.europesays.com\/fr\/wp-json\/wp\/v2\/types\/post"}],"author":[{"embeddable":true,"href":"https:\/\/www.europesays.com\/fr\/wp-json\/wp\/v2\/users\/2"}],"replies":[{"embeddable":true,"href":"https:\/\/www.europesays.com\/fr\/wp-json\/wp\/v2\/comments?post=202214"}],"version-history":[{"count":0,"href":"https:\/\/www.europesays.com\/fr\/wp-json\/wp\/v2\/posts\/202214\/revisions"}],"wp:featuredmedia":[{"embeddable":true,"href":"https:\/\/www.europesays.com\/fr\/wp-json\/wp\/v2\/media\/202215"}],"wp:attachment":[{"href":"https:\/\/www.europesays.com\/fr\/wp-json\/wp\/v2\/media?parent=202214"}],"wp:term":[{"taxonomy":"category","embeddable":true,"href":"https:\/\/www.europesays.com\/fr\/wp-json\/wp\/v2\/categories?post=202214"},{"taxonomy":"post_tag","embeddable":true,"href":"https:\/\/www.europesays.com\/fr\/wp-json\/wp\/v2\/tags?post=202214"}],"curies":[{"name":"wp","href":"https:\/\/api.w.org\/{rel}","templated":true}]}}