{"id":202222,"date":"2025-06-25T03:00:22","date_gmt":"2025-06-25T03:00:22","guid":{"rendered":"https:\/\/www.europesays.com\/fr\/202222\/"},"modified":"2025-06-25T03:00:22","modified_gmt":"2025-06-25T03:00:22","slug":"le-credit-agricole-toulouse-31-soutient-la-banque-alimentaire-haute-garonne","status":"publish","type":"post","link":"https:\/\/www.europesays.com\/fr\/202222\/","title":{"rendered":"Le Cr\u00e9dit Agricole Toulouse 31 soutient la Banque Alimentaire &#8211; Haute Garonne"},"content":{"rendered":"<p>                    <img width=\"1800\" height=\"1200\" src=\"https:\/\/www.europesays.com\/fr\/wp-content\/uploads\/2025\/06\/banque-alimentaire-credit-agricole-toulouse-31-julie-riviere-32.jpg\" class=\"img-fluid landscape wp-post-image\" alt=\"Dons de 18 250 euros du Cr\u00e9dit Agricole au banque alimentaire\" itemprop=\"image\" decoding=\"async\" fetchpriority=\"high\"  \/>                    <\/p>\n<p itemprop=\"name\">\n                                                Dons de 18 250 euros du Cr\u00e9dit Agricole au banque alimentaire<br \/>\n                         Cr\u00e9dits :<br \/>\n                            Julie Riviere\n                                                <\/p>\n<p align=\"left\"><strong>Le Cr\u00e9dit Agricole Toulouse 31 a remis un ch\u00e8que de 18 250 euros \u00e0 la Banque Alimentaire de Toulouse. Un engagement solidaire renforc\u00e9 par la mobilisation de ses \u00e9quipes et b\u00e9n\u00e9voles.<\/strong><\/p>\n<p align=\"left\">Ce lundi 16 juin, plus de 18 000 euros ont \u00e9t\u00e9 revers\u00e9s \u00e0 la Banque Alimentaire par le Cr\u00e9dit Agricole Toulouse 31. \u00c0 l\u2019occasion d\u2019une visite dans l\u2019un des principaux sites de l\u2019association, Nicolas Maur\u00e9 et C\u00e9line Thiaville ont remis un ch\u00e8que de 18 250 euros \u00e0 la Banque Alimentaire de Toulouse. Cette somme r\u00e9sulte \u00e0 la fois des dons et participations financi\u00e8res des caisses locales (14 400 euros) et d\u2019une vente priv\u00e9e de mobilier et de mat\u00e9riel de bureau organis\u00e9e par la Caisse R\u00e9gionale qui a permis de collecter 3 850 euros. Les articles invendus ont \u00e9t\u00e9 donn\u00e9s \u00e0 Emma\u00fcs.<\/p>\n<p>Chaque semaine, ce sont pr\u00e8s de 38 000 repas qui sont distribu\u00e9s par la Banque Alimentaire sur l\u2019ensemble du d\u00e9partement. Depuis 2011, le Cr\u00e9dit Agricole soutient l\u2019association en participant \u00e0 sa grande collecte nationale annuelle.<\/p>\n<p>C\u00e9line Thiaville, directrice Exp\u00e9rience Clients et Territoire du Cr\u00e9dit Agricole, d\u00e9clare : \u00ab La Banque Alimentaire joue un r\u00f4le essentiel sur notre territoire et nous sommes fiers de l\u2019accompagner dans ses missions. \u00bb<\/p>\n<p>Fin novembre 2024, une trentaine de b\u00e9n\u00e9voles administrateurs des caisses locales\u00a0;: d\u2019Auterive, Colomiers, Cagire, Rieumes, Toulouse Rive Gauche et Toulouse Nord, mais aussi des salari\u00e9s du Cr\u00e9dit Agricole Toulouse 31 se sont mobilis\u00e9s pour une collecte solidaire. Avec leur engagement, plus de 3 tonnes de denr\u00e9es alimentaires ont \u00e9t\u00e9 r\u00e9colt\u00e9es ce qui \u00e9quivaut \u00e0 6 000 repas distribu\u00e9s.<\/p>\n<p align=\"left\">\u00a0<\/p>\n<p class=\"signature\" itemscope=\"\" itemprop=\"Author\" itemtype=\"http:\/\/schema.org\/Person\">\n                LD31\n            <\/p>\n","protected":false},"excerpt":{"rendered":"Dons de 18 250 euros du Cr\u00e9dit Agricole au banque alimentaire Cr\u00e9dits : Julie Riviere Le Cr\u00e9dit Agricole&hellip;\n","protected":false},"author":2,"featured_media":202223,"comment_status":"","ping_status":"","sticky":false,"template":"","format":"standard","meta":{"footnotes":""},"categories":[2816],"tags":[1111,11,1777,674,1011,27,23720,12,2680,25,2312],"class_list":{"0":"post-202222","1":"post","2":"type-post","3":"status-publish","4":"format-standard","5":"has-post-thumbnail","7":"category-toulouse","8":"tag-actu","9":"tag-actualites","10":"tag-eu","11":"tag-europe","12":"tag-fr","13":"tag-france","14":"tag-internet-seulement","15":"tag-news","16":"tag-occitanie","17":"tag-republique-francaise","18":"tag-toulouse"},"share_on_mastodon":{"url":"https:\/\/pubeurope.com\/@fr\/114741773864184942","error":""},"_links":{"self":[{"href":"https:\/\/www.europesays.com\/fr\/wp-json\/wp\/v2\/posts\/202222","targetHints":{"allow":["GET"]}}],"collection":[{"href":"https:\/\/www.europesays.com\/fr\/wp-json\/wp\/v2\/posts"}],"about":[{"href":"https:\/\/www.europesays.com\/fr\/wp-json\/wp\/v2\/types\/post"}],"author":[{"embeddable":true,"href":"https:\/\/www.europesays.com\/fr\/wp-json\/wp\/v2\/users\/2"}],"replies":[{"embeddable":true,"href":"https:\/\/www.europesays.com\/fr\/wp-json\/wp\/v2\/comments?post=202222"}],"version-history":[{"count":0,"href":"https:\/\/www.europesays.com\/fr\/wp-json\/wp\/v2\/posts\/202222\/revisions"}],"wp:featuredmedia":[{"embeddable":true,"href":"https:\/\/www.europesays.com\/fr\/wp-json\/wp\/v2\/media\/202223"}],"wp:attachment":[{"href":"https:\/\/www.europesays.com\/fr\/wp-json\/wp\/v2\/media?parent=202222"}],"wp:term":[{"taxonomy":"category","embeddable":true,"href":"https:\/\/www.europesays.com\/fr\/wp-json\/wp\/v2\/categories?post=202222"},{"taxonomy":"post_tag","embeddable":true,"href":"https:\/\/www.europesays.com\/fr\/wp-json\/wp\/v2\/tags?post=202222"}],"curies":[{"name":"wp","href":"https:\/\/api.w.org\/{rel}","templated":true}]}}