{"id":202237,"date":"2025-06-25T03:13:09","date_gmt":"2025-06-25T03:13:09","guid":{"rendered":"https:\/\/www.europesays.com\/fr\/202237\/"},"modified":"2025-06-25T03:13:09","modified_gmt":"2025-06-25T03:13:09","slug":"le-don-dorganes-une-cause-de-premier-plan-en-ile-de-france","status":"publish","type":"post","link":"https:\/\/www.europesays.com\/fr\/202237\/","title":{"rendered":"Le don d&rsquo;organes, une cause de premier plan en \u00cele-de-France"},"content":{"rendered":"\n<p lang=\"fr-FR\" style=\"margin-bottom: 0cm;\">Val\u00e9rie P\u00e9cresse a r\u00e9cemment sign\u00e9, lors d&rsquo;une s\u00e9ance pl\u00e9ni\u00e8re, la charte de \u00ab\u00a0R\u00e9gion ambassadrice du don d\u2019organes\u00a0\u00bb. Il s&rsquo;agit de la premi\u00e8re r\u00e9gion fran\u00e7aise \u00e0 sauter le pas. Le conseil r\u00e9gional va donc informer et sensibiliser ses agents et partenaires sur la d\u00e9marche de \u00ab Ville ambassadrice du don d\u2019organes\u00a0\u00bb. Cette derni\u00e8re est port\u00e9e par le collectif Greffes+. Il faut dire que c&rsquo;est en \u00cele-de-France o\u00f9 le taux d\u2019opposition au don d&rsquo;organes est le plus \u00e9lev\u00e9 avec 53,5% en 2024 contre 36,4% en moyenne nationale. Chaque jour, 2 \u00e0 3 personnes d\u00e9c\u00e8dent en France faute d\u2019organes.<\/p>\n<p lang=\"fr-FR\" style=\"margin-bottom: 0cm;\">\u00a0<\/p>\n<p lang=\"fr-FR\" style=\"margin-bottom: 0cm;\">Nicolas Chacun<\/p>\n<p>!function(f,b,e,v,n,t,s){if(f.fbq)return;n=f.fbq=function(){n.callMethod?<br \/>\nn.callMethod.apply(n,arguments):n.queue.push(arguments)};if(!f._fbq)f._fbq=n;<br \/>\nn.push=n;n.loaded=!0;n.version=&rsquo;2.0&prime;;n.queue=[];t=b.createElement(e);t.async=!0;<br \/>\nt.src=v;s=b.getElementsByTagName(e)[0];s.parentNode.insertBefore(t,s)}(window,<br \/>\ndocument,&rsquo;script&rsquo;,&rsquo;https:\/\/connect.facebook.net\/en_US\/fbevents.js&rsquo;);<br \/>\nfbq(&lsquo;init&rsquo;, &lsquo;278974969201861&rsquo;); \/\/ Insert your pixel ID here.<br \/>\nfbq(&lsquo;track&rsquo;, &lsquo;PageView&rsquo;);<\/p>\n","protected":false},"excerpt":{"rendered":"Val\u00e9rie P\u00e9cresse a r\u00e9cemment sign\u00e9, lors d&rsquo;une s\u00e9ance pl\u00e9ni\u00e8re, la charte de \u00ab\u00a0R\u00e9gion ambassadrice du don d\u2019organes\u00a0\u00bb. Il&hellip;\n","protected":false},"author":2,"featured_media":202238,"comment_status":"","ping_status":"","sticky":false,"template":"","format":"standard","meta":{"footnotes":""},"categories":[1592],"tags":[1111,11,1933,1936,1777,1939,674,1011,27,662,1934,12,1940,626,1935,25,1937,1941,1938],"class_list":{"0":"post-202237","1":"post","2":"type-post","3":"status-publish","4":"format-standard","5":"has-post-thumbnail","7":"category-ile-de-france","8":"tag-actu","9":"tag-actualites","10":"tag-actualites-locales","11":"tag-essonne","12":"tag-eu","13":"tag-eure-et-loir","14":"tag-europe","15":"tag-fr","16":"tag-france","17":"tag-ile-de-france","18":"tag-infos-locales","19":"tag-news","20":"tag-oise","21":"tag-paris","22":"tag-pres-de-chez-vous","23":"tag-republique-francaise","24":"tag-seine-et-marne","25":"tag-somme","26":"tag-yvelines"},"share_on_mastodon":{"url":"https:\/\/pubeurope.com\/@fr\/114741824950485282","error":""},"_links":{"self":[{"href":"https:\/\/www.europesays.com\/fr\/wp-json\/wp\/v2\/posts\/202237","targetHints":{"allow":["GET"]}}],"collection":[{"href":"https:\/\/www.europesays.com\/fr\/wp-json\/wp\/v2\/posts"}],"about":[{"href":"https:\/\/www.europesays.com\/fr\/wp-json\/wp\/v2\/types\/post"}],"author":[{"embeddable":true,"href":"https:\/\/www.europesays.com\/fr\/wp-json\/wp\/v2\/users\/2"}],"replies":[{"embeddable":true,"href":"https:\/\/www.europesays.com\/fr\/wp-json\/wp\/v2\/comments?post=202237"}],"version-history":[{"count":0,"href":"https:\/\/www.europesays.com\/fr\/wp-json\/wp\/v2\/posts\/202237\/revisions"}],"wp:featuredmedia":[{"embeddable":true,"href":"https:\/\/www.europesays.com\/fr\/wp-json\/wp\/v2\/media\/202238"}],"wp:attachment":[{"href":"https:\/\/www.europesays.com\/fr\/wp-json\/wp\/v2\/media?parent=202237"}],"wp:term":[{"taxonomy":"category","embeddable":true,"href":"https:\/\/www.europesays.com\/fr\/wp-json\/wp\/v2\/categories?post=202237"},{"taxonomy":"post_tag","embeddable":true,"href":"https:\/\/www.europesays.com\/fr\/wp-json\/wp\/v2\/tags?post=202237"}],"curies":[{"name":"wp","href":"https:\/\/api.w.org\/{rel}","templated":true}]}}