{"id":202257,"date":"2025-06-25T03:24:10","date_gmt":"2025-06-25T03:24:10","guid":{"rendered":"https:\/\/www.europesays.com\/fr\/202257\/"},"modified":"2025-06-25T03:24:10","modified_gmt":"2025-06-25T03:24:10","slug":"la-securite-de-leurope-vaut-bien-une-lettre-liberation","status":"publish","type":"post","link":"https:\/\/www.europesays.com\/fr\/202257\/","title":{"rendered":"la s\u00e9curit\u00e9 de l\u2019Europe vaut bien une lettre \u2013 Lib\u00e9ration"},"content":{"rendered":"<p class=\"sc-ksZaOG ehjQrN text-element\">Qui n\u2019a jamais \u00e9crit un message fleuri et flatteur pour amadouer un vieil oncle au caract\u00e8re ombrageux afin de s\u2019assurer qu\u2019il sera bien dispos\u00e9 durant le d\u00eener de famille ? Mais quand l\u2019exp\u00e9diteur est Mark Rutte, le secr\u00e9taire g\u00e9n\u00e9ral de l\u2019Otan, et que l\u2019invit\u00e9 s\u2019appelle Donald Trump, et qu\u2019il publie les captures d\u2019\u00e9cran du message sur son r\u00e9seau Truth Social depuis son avion Air Force One, l\u2019affaire tourne \u00e0 la farce mondiale. \u00abCher Donald, f\u00e9licitations et merci pour votre action d\u00e9cisive en Iran, c\u2019\u00e9tait vraiment extraordinaire, quelque chose que personne d\u2019autre n\u2019aurait os\u00e9 faire, \u00e9crit le N\u00e9erlandais, dans un SMS imitant les accents trumpiens, majuscules comprises, authentifi\u00e9 par l\u2019Otan. Vous volez vers un nouveau succ\u00e8s \u00e0 La Haye ce soir. Ce n\u2019\u00e9tait pas simple mais nous avons r\u00e9ussi \u00e0 les faire tous signer pour 5 % ! Donald, vous nous avez emmen\u00e9s vers un moment vraiment, vraiment important pour l\u2019Am\u00e9rique, l\u2019Europe, et le monde. Vous allez r\u00e9ussir quelque chose qu\u2019AUCUN pr\u00e9sident am\u00e9ricain n\u2019a pu faire depuis des d\u00e9cennies. L\u2019Europe va payer TR\u00c8S cher, comme il se doit, et ce sera votre victoire. Bon voyage et on se voit au d\u00eener de sa Majest\u00e9 ce soir !\u00bb<\/p>\n<p class=\"sc-ksZaOG ehjQrN text-element\">Le 76e sommet de l\u2019Alliance atlantique, cr\u00e9\u00e9e apr\u00e8s la Seconde guerre mondiale pour assurer la d\u00e9fense de l\u2019Europe face \u00e0 la menace sovi\u00e9tique, d\u00e9marrait pourtant doucement \u00e0 La Haye, aux Pays-Bas, ce mardi apr\u00e8s-midi. Invit\u00e9 \u00e0 la tribune, le pr\u00e9sident ukrainien, Volodymyr Zelensky<\/p>\n","protected":false},"excerpt":{"rendered":"Qui n\u2019a jamais \u00e9crit un message fleuri et flatteur pour amadouer un vieil oncle au caract\u00e8re ombrageux afin&hellip;\n","protected":false},"author":2,"featured_media":202258,"comment_status":"","ping_status":"","sticky":false,"template":"","format":"standard","meta":{"footnotes":""},"categories":[1586],"tags":[11,75,73,1777,674,1011,27,2287,12,136,25],"class_list":{"0":"post-202257","1":"post","2":"type-post","3":"status-publish","4":"format-standard","5":"has-post-thumbnail","7":"category-europe","8":"tag-actualites","9":"tag-donald-trump","10":"tag-etats-unis","11":"tag-eu","12":"tag-europe","13":"tag-fr","14":"tag-france","15":"tag-mark-rutte","16":"tag-news","17":"tag-otan","18":"tag-republique-francaise"},"share_on_mastodon":{"url":"https:\/\/pubeurope.com\/@fr\/114741868183927273","error":""},"_links":{"self":[{"href":"https:\/\/www.europesays.com\/fr\/wp-json\/wp\/v2\/posts\/202257","targetHints":{"allow":["GET"]}}],"collection":[{"href":"https:\/\/www.europesays.com\/fr\/wp-json\/wp\/v2\/posts"}],"about":[{"href":"https:\/\/www.europesays.com\/fr\/wp-json\/wp\/v2\/types\/post"}],"author":[{"embeddable":true,"href":"https:\/\/www.europesays.com\/fr\/wp-json\/wp\/v2\/users\/2"}],"replies":[{"embeddable":true,"href":"https:\/\/www.europesays.com\/fr\/wp-json\/wp\/v2\/comments?post=202257"}],"version-history":[{"count":0,"href":"https:\/\/www.europesays.com\/fr\/wp-json\/wp\/v2\/posts\/202257\/revisions"}],"wp:featuredmedia":[{"embeddable":true,"href":"https:\/\/www.europesays.com\/fr\/wp-json\/wp\/v2\/media\/202258"}],"wp:attachment":[{"href":"https:\/\/www.europesays.com\/fr\/wp-json\/wp\/v2\/media?parent=202257"}],"wp:term":[{"taxonomy":"category","embeddable":true,"href":"https:\/\/www.europesays.com\/fr\/wp-json\/wp\/v2\/categories?post=202257"},{"taxonomy":"post_tag","embeddable":true,"href":"https:\/\/www.europesays.com\/fr\/wp-json\/wp\/v2\/tags?post=202257"}],"curies":[{"name":"wp","href":"https:\/\/api.w.org\/{rel}","templated":true}]}}