{"id":202259,"date":"2025-06-25T03:25:08","date_gmt":"2025-06-25T03:25:08","guid":{"rendered":"https:\/\/www.europesays.com\/fr\/202259\/"},"modified":"2025-06-25T03:25:08","modified_gmt":"2025-06-25T03:25:08","slug":"le-chef-de-letat-a-eu-un-entretien-avec-lambassadeur-diran-en-cote-divoire","status":"publish","type":"post","link":"https:\/\/www.europesays.com\/fr\/202259\/","title":{"rendered":"Le Chef de l\u2019\u00c9tat a eu un entretien avec l\u2019Ambassadeur d\u2019Iran en C\u00f4te d\u2019Ivoire"},"content":{"rendered":"<p>Le Pr\u00e9sident de la R\u00e9publique, S.E.M. Alassane OUATTARA, s\u2019est entretenu, ce mardi 24 juin 2025, au Palais de la Pr\u00e9sidence de la R\u00e9publique, avec l\u2019Ambassadeur de la R\u00e9publique Islamique d\u2019Iran en C\u00f4te d\u2019Ivoire, S.E.M. Amir Hossein NIK BIN.<\/p>\n<p>En fin de mission dans notre pays, l\u2019Ambassadeur d\u2019Iran en C\u00f4te d\u2019Ivoire est venu faire ses adieux au Pr\u00e9sident Alassane OUATTARA, et a profit\u00e9 de l\u2019occasion pour \u00e9voquer, avec lui, les relations de coop\u00e9ration entre la C\u00f4te d\u2019Ivoire et l\u2019Iran.<\/p>\n<p>S.E.M. Amir Hossein NIK BIN a remerci\u00e9 le Chef de l\u2019\u00c9tat pour ses actions en faveur du renforcement des relations d\u2019amiti\u00e9 et de coop\u00e9ration entre la C\u00f4te d\u2019Ivoire et l\u2019Iran.<\/p>\n<p>L\u2019Ambassadeur d\u2019Iran en C\u00f4te d\u2019Ivoire a, en outre, \u00e9chang\u00e9 avec le Pr\u00e9sident Alassane OUATTARA sur la situation au Moyen-Orient.<\/p>\n<p>Notons que le Ministre, Directeur de Cabinet du Pr\u00e9sident de la R\u00e9publique, M. Fid\u00e8le SARASSORO, le Ministre des Affaires \u00c9trang\u00e8res, de l&rsquo;Int\u00e9gration Africaine et des Ivoiriens de l&rsquo;Ext\u00e9rieur, M. Kacou Houadja L\u00e9on ADOM, et le Ministre du Tourisme et des Loisirs, M. Siandou FOFANA, ont pris part \u00e0 cet entretien.<\/p>\n","protected":false},"excerpt":{"rendered":"Le Pr\u00e9sident de la R\u00e9publique, S.E.M. Alassane OUATTARA, s\u2019est entretenu, ce mardi 24 juin 2025, au Palais de&hellip;\n","protected":false},"author":2,"featured_media":202260,"comment_status":"","ping_status":"","sticky":false,"template":"","format":"standard","meta":{"footnotes":""},"categories":[1586],"tags":[11,34159,34161,34162,1777,674,1779,1011,27,12,34160,25,1778,364],"class_list":{"0":"post-202259","1":"post","2":"type-post","3":"status-publish","4":"format-standard","5":"has-post-thumbnail","7":"category-europe","8":"tag-actualites","9":"tag-article-actualite","10":"tag-article-actualite-abidjan","11":"tag-article-actualite-cote-d","12":"tag-eu","13":"tag-europe","14":"tag-european-union","15":"tag-fr","16":"tag-france","17":"tag-news","18":"tag-reportage-article","19":"tag-republique-francaise","20":"tag-ue","21":"tag-union-europeenne"},"share_on_mastodon":{"url":"https:\/\/pubeurope.com\/@fr\/114741872212836138","error":""},"_links":{"self":[{"href":"https:\/\/www.europesays.com\/fr\/wp-json\/wp\/v2\/posts\/202259","targetHints":{"allow":["GET"]}}],"collection":[{"href":"https:\/\/www.europesays.com\/fr\/wp-json\/wp\/v2\/posts"}],"about":[{"href":"https:\/\/www.europesays.com\/fr\/wp-json\/wp\/v2\/types\/post"}],"author":[{"embeddable":true,"href":"https:\/\/www.europesays.com\/fr\/wp-json\/wp\/v2\/users\/2"}],"replies":[{"embeddable":true,"href":"https:\/\/www.europesays.com\/fr\/wp-json\/wp\/v2\/comments?post=202259"}],"version-history":[{"count":0,"href":"https:\/\/www.europesays.com\/fr\/wp-json\/wp\/v2\/posts\/202259\/revisions"}],"wp:featuredmedia":[{"embeddable":true,"href":"https:\/\/www.europesays.com\/fr\/wp-json\/wp\/v2\/media\/202260"}],"wp:attachment":[{"href":"https:\/\/www.europesays.com\/fr\/wp-json\/wp\/v2\/media?parent=202259"}],"wp:term":[{"taxonomy":"category","embeddable":true,"href":"https:\/\/www.europesays.com\/fr\/wp-json\/wp\/v2\/categories?post=202259"},{"taxonomy":"post_tag","embeddable":true,"href":"https:\/\/www.europesays.com\/fr\/wp-json\/wp\/v2\/tags?post=202259"}],"curies":[{"name":"wp","href":"https:\/\/api.w.org\/{rel}","templated":true}]}}