{"id":202263,"date":"2025-06-25T03:27:09","date_gmt":"2025-06-25T03:27:09","guid":{"rendered":"https:\/\/www.europesays.com\/fr\/202263\/"},"modified":"2025-06-25T03:27:09","modified_gmt":"2025-06-25T03:27:09","slug":"au-sommet-de-lotan-la-mise-en-scene-des-alliances","status":"publish","type":"post","link":"https:\/\/www.europesays.com\/fr\/202263\/","title":{"rendered":"Au sommet de l\u2019OTAN, la mise en sc\u00e8ne des alliances"},"content":{"rendered":"<p>Avant la session de travail, mercredi, les chefs d\u2019\u00c9tat et de gouvernement ont \u00e9t\u00e9 accueillis mardi soir pour un d\u00eener de gala par le Roi et la Reine des Pays-Bas.<\/p>\n<p class=\"fig-paragraph\">Le c\u00e9r\u00e9monial compte. Il en dit long. Mardi soir, le roi Willem-Alexander des Pays-Bas et la reine Maxima ont accueilli les chefs d\u2019\u00c9tat et de gouvernement des trente-deux pays de l\u2019Alliance atlantique, r\u00e9unis le temps d\u2019une soir\u00e9e et d\u2019une matin\u00e9e \u00e0 La Haye pour le\u00a0<a href=\"http:\/\/www.lefigaro.fr\/international\/notre-environnement-securitaire-a-change-et-pas-pour-le-mieux-la-credibilite-de-l-otan-au-defi-d-un-monde-en-guerre-20250623\" data-fig-type=\"Article\" data-gtm-custom-categorie=\"navigation\" data-gtm-custom-action=\"crossclick\" data-gtm-custom-label=\"Contextuel\" data-gtm-event=\"customEventSPE\" data-fig-domain=\"LEFIGARO\" target=\"_blank\" rel=\"noopener\">sommet<\/a>\u00a0de l\u2019OTAN. La plupart sont venus seuls, quelques-uns accompagn\u00e9s de leur conjoint. Le pr\u00e9sident\u00a0<a href=\"http:\/\/www.lefigaro.fr\/international\/l-ete-sera-critique-l-ukraine-au-coeur-de-l-agenda-du-sommet-de-l-otan-20250624\" data-fig-type=\"Article\" data-gtm-custom-categorie=\"navigation\" data-gtm-custom-action=\"crossclick\" data-gtm-custom-label=\"Contextuel\" data-gtm-event=\"customEventSPE\" data-fig-domain=\"LEFIGARO\" target=\"_blank\" rel=\"noopener\">ukrainien\u00a0<\/a>Volodymyr Zelensky a lui aussi \u00e9t\u00e9 invit\u00e9. Il porte une veste noire. Il a rang\u00e9 le temps du sommet sa tenue militaire habituelle. Lorsqu\u2019il l\u2019avait port\u00e9e dans le Bureau Ovale de la Maison-Blanche, en f\u00e9vrier, les partisans de Donald Trump le lui avaient reproch\u00e9 ouvertement, comme le signe d\u2019un manque de respect. Il a retenu la le\u00e7on.<\/p>\n<p class=\"fig-paragraph\">Le ballet des Alli\u00e9s est bien orchestr\u00e9. Les repr\u00e9sentants des plus petits pays arrivent en premier. Les principaux en dernier. Stricte, l\u2019Italienne Giorgia Meloni s\u2019avance en pantalon noir. L\u2019Allemand Friedrich Merz renfile sa veste en sortant de sa voiture. Le Britannique Keir Starmer\u2026<\/p>\n<p class=\"fig-premium-paywall__infos\">\n        Cet article est r\u00e9serv\u00e9 aux abonn\u00e9s.        Il vous reste 79% \u00e0 d\u00e9couvrir.\n    <\/p>\n<p>                <img  data- alt=\"Le Figaro\" class=\"fig-img--complete fig-img\"\/><\/p>\n<p class=\"fig-premium-paywall__title\">Vente Flash<\/p>\n<p class=\"fig-premium-paywall__subtitle\">3,99\u20ac par mois pendant 12 mois. Sans engagement.<\/p>\n<p class=\"fig-premium-paywall__connect\">\n                D\u00e9j\u00e0 abonn\u00e9\u00a0?                <a class=\"fig-premium-paywall__connect-link\" href=\"https:\/\/connect.lefigaro.fr\/login?client=horizon_web&amp;type=main&amp;redirect_uri=https%3A%2F%2Fwww.lefigaro.fr%2Finternational%2Fau-sommet-de-l-otan-la-mise-en-scene-des-alliances-20250625\" data-js-gtm=\"{&quot;customCategorie&quot;: &quot;conversion&quot;, &quot;customAction&quot;: &quot;before_Landing_Connexion_paywall_auto&quot;, &quot;customLabel&quot;: &quot;bGVmaWdhcm8uZnJfXzFmMDUxNGM5LWUwZWUtNmQ3Ni1hZjk5LTRiNTA4OGYwZmFmZV9fQXJ0aWNsZQ==_Au sommet de l\u2019OTAN, la mise en sc\u00e8ne des alliances_283&quot;, &quot;customIDSPE&quot;: &quot;bGVmaWdhcm8uZnJfXzFmMDUxNGM5LWUwZWUtNmQ3Ni1hZjk5LTRiNTA4OGYwZmFmZV9fQXJ0aWNsZQ==&quot;, &quot;event&quot;: &quot;customEventSPE&quot;}\" target=\"_blank\" rel=\"noopener\"><br \/>\n                    Connectez-vous<br \/>\n                <\/a>\n            <\/p>\n","protected":false},"excerpt":{"rendered":"Avant la session de travail, mercredi, les chefs d\u2019\u00c9tat et de gouvernement ont \u00e9t\u00e9 accueillis mardi soir pour&hellip;\n","protected":false},"author":2,"featured_media":202264,"comment_status":"","ping_status":"","sticky":false,"template":"","format":"standard","meta":{"footnotes":""},"categories":[2],"tags":[259,11,260,75,1011,27,14,261,12,136,262,25],"class_list":{"0":"post-202263","1":"post","2":"type-post","3":"status-publish","4":"format-standard","5":"has-post-thumbnail","7":"category-actualites","8":"tag-actualite-internationale","9":"tag-actualites","10":"tag-affaires-etrangeres","11":"tag-donald-trump","12":"tag-fr","13":"tag-france","14":"tag-international","15":"tag-ministere-des-affaires-etrangeres","16":"tag-news","17":"tag-otan","18":"tag-politique-etrangere","19":"tag-republique-francaise"},"share_on_mastodon":{"url":"https:\/\/pubeurope.com\/@fr\/114741880002102936","error":""},"_links":{"self":[{"href":"https:\/\/www.europesays.com\/fr\/wp-json\/wp\/v2\/posts\/202263","targetHints":{"allow":["GET"]}}],"collection":[{"href":"https:\/\/www.europesays.com\/fr\/wp-json\/wp\/v2\/posts"}],"about":[{"href":"https:\/\/www.europesays.com\/fr\/wp-json\/wp\/v2\/types\/post"}],"author":[{"embeddable":true,"href":"https:\/\/www.europesays.com\/fr\/wp-json\/wp\/v2\/users\/2"}],"replies":[{"embeddable":true,"href":"https:\/\/www.europesays.com\/fr\/wp-json\/wp\/v2\/comments?post=202263"}],"version-history":[{"count":0,"href":"https:\/\/www.europesays.com\/fr\/wp-json\/wp\/v2\/posts\/202263\/revisions"}],"wp:featuredmedia":[{"embeddable":true,"href":"https:\/\/www.europesays.com\/fr\/wp-json\/wp\/v2\/media\/202264"}],"wp:attachment":[{"href":"https:\/\/www.europesays.com\/fr\/wp-json\/wp\/v2\/media?parent=202263"}],"wp:term":[{"taxonomy":"category","embeddable":true,"href":"https:\/\/www.europesays.com\/fr\/wp-json\/wp\/v2\/categories?post=202263"},{"taxonomy":"post_tag","embeddable":true,"href":"https:\/\/www.europesays.com\/fr\/wp-json\/wp\/v2\/tags?post=202263"}],"curies":[{"name":"wp","href":"https:\/\/api.w.org\/{rel}","templated":true}]}}