{"id":202269,"date":"2025-06-25T03:31:12","date_gmt":"2025-06-25T03:31:12","guid":{"rendered":"https:\/\/www.europesays.com\/fr\/202269\/"},"modified":"2025-06-25T03:31:12","modified_gmt":"2025-06-25T03:31:12","slug":"bielle-biarrey-ubb-souffre-toujours-de-migraine-et-de-vertiges","status":"publish","type":"post","link":"https:\/\/www.europesays.com\/fr\/202269\/","title":{"rendered":"Bielle-Biarrey (UBB) souffre toujours de migraine et de vertiges"},"content":{"rendered":"<p>Le prolifique ailier bordelais, dont l\u2019\u00e9tat de sant\u00e9 inqui\u00e8te, pourrait d\u00e9clarer forfait d\u00e8s ce mardi pour la finale contre le Stade Toulousain, samedi soir au Stade de France.<\/p>\n<p class=\"fig-paragraph\">De son propre aveu, il se sent fatigu\u00e9.\u00a0<a href=\"http:\/\/www.lefigaro.fr\/sports\/rugby\/top-14\/top-14-bielle-biarrey-ubb-pas-certain-d-etre-retabli-a-temps-pour-la-finale-20250621\" data-fig-type=\"NewsFlash\" data-gtm-custom-categorie=\"navigation\" data-gtm-custom-action=\"crossclick\" data-gtm-custom-label=\"Contextuel\" data-gtm-event=\"customEventSPE\" data-fig-domain=\"LEFIGARO\" target=\"_blank\" rel=\"noopener\">Son manager, Yannick Bru, a reconnu le trouver \u00abbl\u00eame\u00bb et sans \u00e9nergie.\u00a0<\/a>On se dirige donc vers un forfait de Louis Bielle-Biarrey pour\u00a0<a href=\"http:\/\/www.lefigaro.fr\/sports\/rugby\/top-14\/toulouse-ubb-a-quelle-heure-et-sur-quelle-chaine-regarder-la-finale-du-top-14-20250623\" data-fig-type=\"NewsFlash\" data-gtm-custom-categorie=\"navigation\" data-gtm-custom-action=\"crossclick\" data-gtm-custom-label=\"Contextuel\" data-gtm-event=\"customEventSPE\" data-fig-domain=\"LEFIGARO\" target=\"_blank\" rel=\"noopener\">la finale du Top 14, samedi soir au Stade de France<\/a>, entre l\u2019UBB et el Stade Toulousain.<\/p>\n<p class=\"fig-paragraph\">Meilleur marqueur d\u2019essai de la saison (33) mais \u00e9galement international fran\u00e7ais \u00e0 avoir le plus jou\u00e9 (29 matchs toutes comp\u00e9titions confondues, 2237 minutes pass\u00e9s sur le terrain), LBB est en train de payer le rythme infernal qu\u2019il subit depuis la Coupe du monde 2023 (31 matchs, 2143 minutes la saison pr\u00e9c\u00e9dente).<\/p>\n<p>Victime d\u2019une commotion le 6 juin lors du match UBB-Vannes<\/p>\n<p class=\"fig-paragraph\">Victime d\u2019une commotion il y a deux semaines et demie lors du match contre Vannes, la nouvelle coqueluche du rugby tricolore tarde \u00e0 s\u2019en remettre.\u00a0<a href=\"https:\/\/rmcsport.bfmtv.com\/rugby\/top-14\/top-14-pourquoi-bielle-biarrey-se-dirige-vers-un-forfait-pour-la-finale-bordeaux-toulouse_AV-202506240239.html\" target=\"_blank\" rel=\"nofollow noopener\" data-gtm-custom-categorie=\"navigation\" data-gtm-custom-action=\"crossclick\" data-gtm-custom-label=\"Contextuel\" data-gtm-event=\"customEventSPE\">Selon RMC Sport,<\/a>\u00a0Bielle-Biarrey souffre toujours de migraine et de vertiges depuis ce choc.<\/p>\n<p class=\"fig-body-link\">\n            \u00c0 lire aussi<br \/>\n        <a class=\"fig-body-link__link\" href=\"http:\/\/www.lefigaro.fr\/sports\/rugby\/top-14\/top-14-quand-les-toulousains-celebrent-leur-qualification-pour-la-finale-en-chanson-video-20250623\" data-fig-type=\"NewsFlash\" data-gtm-custom-categorie=\"navigation\" data-gtm-custom-action=\"crossclick\" data-gtm-custom-label=\"Contextuel\" data-gtm-event=\"customEventSPE\" data-fig-domain=\"LEFIGARO\" target=\"_blank\" rel=\"noopener\">Top 14\u00a0: quand les Toulousains c\u00e9l\u00e8brent leur qualification pour la finale en chanson (vid\u00e9o)<br \/>\n    <\/a>\n<\/p>\n<p class=\"fig-paragraph\">L\u2019ailier a voulu se tester la semaine derni\u00e8re lors du stage de son \u00e9quipe \u00e0 Capbreton. Une tentative qui a tourn\u00e9 \u00e0 l\u2019\u00e9chec. Pr\u00e9sent dans les tribunes du Groupama Stadium de D\u00e9cines samedi soir lors de la demi-finale entre l\u2019UBB et le RCT, il a avou\u00e9 avoir parfois eu du mal \u00e0 supporter le bruit des 60.000 supporters pr\u00e9sents en tribunes.<\/p>\n<p class=\"fig-paragraph\">Toujours selon RMC, le staff girondin pourrait trancher d\u00e8s ce mardi et acter le forfait pour la finale du meilleur marqueur d\u2019essai cette saison en Top 14 (13).<\/p>\n","protected":false},"excerpt":{"rendered":"Le prolifique ailier bordelais, dont l\u2019\u00e9tat de sant\u00e9 inqui\u00e8te, pourrait d\u00e9clarer forfait d\u00e8s ce mardi pour la finale&hellip;\n","protected":false},"author":2,"featured_media":202270,"comment_status":"","ping_status":"","sticky":false,"template":"","format":"standard","meta":{"footnotes":""},"categories":[1416],"tags":[525,4590,1981,2313,814,1011,27,12099,955,4589,2311,1980,479,1468,2259,60,476,478,2310,2312,4364],"class_list":{"0":"post-202269","1":"post","2":"type-post","3":"status-publish","4":"format-standard","5":"has-post-thumbnail","7":"category-rugby","8":"tag-calendrier","9":"tag-championnat-france","10":"tag-classement","11":"tag-clermont","12":"tag-direct","13":"tag-fr","14":"tag-france","15":"tag-louis-bielle-biarrey","16":"tag-match","17":"tag-phase-finale","18":"tag-racing","19":"tag-resultats","20":"tag-rugby","21":"tag-rugby-football","22":"tag-score","23":"tag-sports","24":"tag-stade-toulousain","25":"tag-top-14","26":"tag-toulon","27":"tag-toulouse","28":"tag-ubb"},"share_on_mastodon":{"url":"https:\/\/pubeurope.com\/@fr\/114741895733695971","error":""},"_links":{"self":[{"href":"https:\/\/www.europesays.com\/fr\/wp-json\/wp\/v2\/posts\/202269","targetHints":{"allow":["GET"]}}],"collection":[{"href":"https:\/\/www.europesays.com\/fr\/wp-json\/wp\/v2\/posts"}],"about":[{"href":"https:\/\/www.europesays.com\/fr\/wp-json\/wp\/v2\/types\/post"}],"author":[{"embeddable":true,"href":"https:\/\/www.europesays.com\/fr\/wp-json\/wp\/v2\/users\/2"}],"replies":[{"embeddable":true,"href":"https:\/\/www.europesays.com\/fr\/wp-json\/wp\/v2\/comments?post=202269"}],"version-history":[{"count":0,"href":"https:\/\/www.europesays.com\/fr\/wp-json\/wp\/v2\/posts\/202269\/revisions"}],"wp:featuredmedia":[{"embeddable":true,"href":"https:\/\/www.europesays.com\/fr\/wp-json\/wp\/v2\/media\/202270"}],"wp:attachment":[{"href":"https:\/\/www.europesays.com\/fr\/wp-json\/wp\/v2\/media?parent=202269"}],"wp:term":[{"taxonomy":"category","embeddable":true,"href":"https:\/\/www.europesays.com\/fr\/wp-json\/wp\/v2\/categories?post=202269"},{"taxonomy":"post_tag","embeddable":true,"href":"https:\/\/www.europesays.com\/fr\/wp-json\/wp\/v2\/tags?post=202269"}],"curies":[{"name":"wp","href":"https:\/\/api.w.org\/{rel}","templated":true}]}}