{"id":202282,"date":"2025-06-25T03:39:12","date_gmt":"2025-06-25T03:39:12","guid":{"rendered":"https:\/\/www.europesays.com\/fr\/202282\/"},"modified":"2025-06-25T03:39:12","modified_gmt":"2025-06-25T03:39:12","slug":"jean-nouvel-une-architecture-cest-une-invention-si-ce-nest-pas-une-invention-il-faut-changer-de-metier","status":"publish","type":"post","link":"https:\/\/www.europesays.com\/fr\/202282\/","title":{"rendered":"Jean Nouvel\u00a0: \u00ab\u00a0Une architecture, c&rsquo;est une invention, si ce n&rsquo;est pas une invention, il faut changer de m\u00e9tier\u00a0\u00bb"},"content":{"rendered":"<p class=\"PopSlotParagraph qg-tx2 qg-xtra-lh svelte-1r0pyek\">Apr\u00e8s 50 ans de carri\u00e8re et \u00e0 pr\u00e8s de 80 ans, Jean Nouvel se livre comme jamais dans un livre \u00ab\u00a0Mes convictions\u00a0\u00bb chez Flammarion, o\u00f9 il donne sa vision peut-\u00eatre la plus compl\u00e8te de l&rsquo;architecture.\u00a0Immense architecte reconnu dans le monde entier, Jean Nouvel a sign\u00e9 entre autres le mus\u00e9e du Quai Branly, l&rsquo;Institut du Monde Arabe, la Philharmonie de Paris, mais aussi le Louvre \u00e0 Abu Dhabi ou encore la Tour Agbar \u00e0 Barcelone.<\/p>\n<p class=\"PopSlotParagraph qg-tx2 qg-xtra-lh svelte-1r0pyek\">Un livre \u00e0 la fois th\u00e9orique mais aussi po\u00e9tique o\u00f9 Jean Nouvel revient sur\u00a0les \u00e9volutions de son art et de la construction des villes. Un ouvrage qui sort alors que son agence est vis\u00e9e par des accusations\u00a0de d\u00e9tournement de fonds via un syst\u00e8me de fausses factures. \u00ab\u00a0La fa\u00e7on dont \u00e7a a \u00e9t\u00e9 pr\u00e9sent\u00e9, on a l&rsquo;impression que c&rsquo;est moi qui ai fait les d\u00e9g\u00e2ts. Mais\u00a0je ne me suis jamais int\u00e9ress\u00e9 \u00e0 la gestion, je n&rsquo;ai jamais eu de responsabilit\u00e9 \u00e0 \u00e7a\u00a0\u00bb se d\u00e9fend Jean Nouvel qui est d\u00e9sign\u00e9 comme t\u00e9moin assist\u00e9 dans l&rsquo;affaire.<\/p>\n<p> \u00ab\u00a0La catastrophe, c&rsquo;est qu&rsquo;il n&rsquo;y a plus d&rsquo;architecture locale\u00a0\u00bb<\/p>\n<p class=\"PopSlotParagraph qg-tx2 qg-xtra-lh svelte-1r0pyek\">Dans son livre, l&rsquo;architecte critique\u00a0un urbanisme triste et d\u00e9pressif, obs\u00e9d\u00e9 par l&rsquo;id\u00e9e que les constructions doivent s&rsquo;int\u00e9grer dans le paysage. \u00ab\u00a0Ce qui est arriv\u00e9 comme catastrophe, c&rsquo;est que maintenant, il n&rsquo;y a plus d&rsquo;architecture locale.\u00a0Il y a une architecture g\u00e9n\u00e9rale, poursuit-il. Et cette architecture, c&rsquo;est la m\u00eame dans le monde entier. Toutes les tours, toutes les fa\u00e7ades. Une architecture, c&rsquo;est une invention. Si ce n&rsquo;est pas une invention, il faut changer de m\u00e9tier. Ce n&rsquo;est pas uniquement de reproduire des programmes.\u00a0\u00bb<\/p>\n<p class=\"PopSlotParagraph qg-tx2 qg-xtra-lh svelte-1r0pyek\">Le 25 octobre prochain \u00e0 Paris ouvrira la\u00a0nouvelle Fondation Cartier en face du Louvre, dont Jean Nouvel signe aussi les plans. \u00ab\u00a0Un mus\u00e9e, c&rsquo;est avant tout la mise en place d&rsquo;une insertion qui appartient \u00e0 une ville, qui appartient \u00e0 une culture. Et ce que j&rsquo;imagine, c&rsquo;est que c&rsquo;est une partie de la ville qui a une sorte de lieu sacr\u00e9.\u00a0\u00bb Le b\u00e2timent gardera sa fa\u00e7ade\u00a0haussmannienne mais avec \u00ab\u00a0des effets de perspective de verre\u00a0\u00bb et \u00ab\u00a0une utilisation tr\u00e8s pr\u00e9cise de l&rsquo;ouverture\u00a0\u00bb.<\/p>\n","protected":false},"excerpt":{"rendered":"Apr\u00e8s 50 ans de carri\u00e8re et \u00e0 pr\u00e8s de 80 ans, Jean Nouvel se livre comme jamais dans&hellip;\n","protected":false},"author":2,"featured_media":202283,"comment_status":"","ping_status":"","sticky":false,"template":"","format":"standard","meta":{"footnotes":""},"categories":[1358],"tags":[1348,1384,1385,1386,58,59,1011,27],"class_list":{"0":"post-202282","1":"post","2":"type-post","3":"status-publish","4":"format-standard","5":"has-post-thumbnail","7":"category-arts-et-design","8":"tag-arts","9":"tag-arts-and-design","10":"tag-arts-et-design","11":"tag-design","12":"tag-divertissement","13":"tag-entertainment","14":"tag-fr","15":"tag-france"},"share_on_mastodon":{"url":"https:\/\/pubeurope.com\/@fr\/114741927156664958","error":""},"_links":{"self":[{"href":"https:\/\/www.europesays.com\/fr\/wp-json\/wp\/v2\/posts\/202282","targetHints":{"allow":["GET"]}}],"collection":[{"href":"https:\/\/www.europesays.com\/fr\/wp-json\/wp\/v2\/posts"}],"about":[{"href":"https:\/\/www.europesays.com\/fr\/wp-json\/wp\/v2\/types\/post"}],"author":[{"embeddable":true,"href":"https:\/\/www.europesays.com\/fr\/wp-json\/wp\/v2\/users\/2"}],"replies":[{"embeddable":true,"href":"https:\/\/www.europesays.com\/fr\/wp-json\/wp\/v2\/comments?post=202282"}],"version-history":[{"count":0,"href":"https:\/\/www.europesays.com\/fr\/wp-json\/wp\/v2\/posts\/202282\/revisions"}],"wp:featuredmedia":[{"embeddable":true,"href":"https:\/\/www.europesays.com\/fr\/wp-json\/wp\/v2\/media\/202283"}],"wp:attachment":[{"href":"https:\/\/www.europesays.com\/fr\/wp-json\/wp\/v2\/media?parent=202282"}],"wp:term":[{"taxonomy":"category","embeddable":true,"href":"https:\/\/www.europesays.com\/fr\/wp-json\/wp\/v2\/categories?post=202282"},{"taxonomy":"post_tag","embeddable":true,"href":"https:\/\/www.europesays.com\/fr\/wp-json\/wp\/v2\/tags?post=202282"}],"curies":[{"name":"wp","href":"https:\/\/api.w.org\/{rel}","templated":true}]}}