{"id":202304,"date":"2025-06-25T03:51:11","date_gmt":"2025-06-25T03:51:11","guid":{"rendered":"https:\/\/www.europesays.com\/fr\/202304\/"},"modified":"2025-06-25T03:51:11","modified_gmt":"2025-06-25T03:51:11","slug":"guerre-israel-iran-le-president-iranien-annonce-la-fin-de-la-guerre-des-douze-jours-larmee-israelienne-dit-se-concentrer-de-nouveau-sur-gaza","status":"publish","type":"post","link":"https:\/\/www.europesays.com\/fr\/202304\/","title":{"rendered":"Guerre Isra\u00ebl-Iran\u00a0: le pr\u00e9sident iranien annonce \u00ab\u00a0la fin de la guerre des douze jours\u00a0\u00bb, l\u2019arm\u00e9e isra\u00e9lienne dit \u00ab\u00a0se concentrer de nouveau sur Gaza\u00a0\u00bb"},"content":{"rendered":"<p>\u00ab\u00a0Aujourd\u2019hui, apr\u00e8s votre r\u00e9sistance courageuse, \u00f4 grand peuple \u00e0 l\u2019histoire glorieuse, nous sommes t\u00e9moins d\u2019un cessez-le-feu et de la fin d\u2019une guerre de douze jours impos\u00e9e au peuple iranien par les aventures belliqueuses du r\u00e9gime sioniste\u00a0\u00bb, dit le pr\u00e9sident iranien Massoud Pezeshkian, dans un message adress\u00e9 \u00e0 ses compatriotes.<\/p>\n<p>\u00ab\u00a0Durant cette p\u00e9riode, le monde a vu la puissance d\u2019un grand Iran soutenu par son peuple. Alors que l\u2019ennemi terroriste avait entrepris cette guerre d\u2019agression, c\u2019est la volont\u00e9 et la puissance du peuple iranien qui en ont scell\u00e9 la fin\u00a0\u00bb, poursuit-il, parlant d\u2019un ch\u00e2timent historique pour Isra\u00ebl, dont \u00ab\u00a0l\u2019image d\u2019invincibilit\u00e9\u00a0\u00bb a, selon, \u00e9t\u00e9 \u00e9corn\u00e9e. \u00ab\u00a0Toute la gloire de cette victoire historique revient \u00e0 la grande et civilisatrice nation d\u2019Iran\u00a0\u00bb, ajoute le pr\u00e9sident.<\/p>\n<p>L\u2019arm\u00e9e isra\u00e9lienne \u00ab\u00a0se concentre de nouveau sur Gaza\u00a0\u00bb<\/p>\n<p>L\u2019arm\u00e9e isra\u00e9lienne a annonc\u00e9, mardi 24\u00a0juin la lev\u00e9e de l\u2019ensemble des restrictions impos\u00e9es \u00e0 la population par mesure de s\u00e9curit\u00e9. \u00ab\u00a0\u00c0 la suite de l\u2019\u00e9valuation de la situation et de l\u2019approbation du ministre de la d\u00e9fense, Isra\u00ebl Katz, il a \u00e9t\u00e9 d\u00e9cid\u00e9 qu\u2019\u00e0 partir d\u2019aujourd\u2019hui (mardi), \u00e0 20\u00a0heures, des changements imm\u00e9diats seront apport\u00e9s aux directives d\u00e9fensives du commandement du front int\u00e9rieur. Dans le cadre de ces changements, toutes les r\u00e9gions du pays passeront \u00e0 une activit\u00e9 compl\u00e8te sans restriction\u00a0\u00bb, \u00e9crit-elle dans un\u00a0communiqu\u00e9.<\/p>\n<p>\u00ab L\u2019arm\u00e9e isra\u00e9lienne redirige ses efforts <a href=\"https:\/\/www.humanite.fr\/monde\/bande-de-gaza\/a-gaza-la-mort-au-bout-de-la-file-dattente-pour-laide-humanitaire\" target=\"_blank\" rel=\"noopener\">sur Gaza<\/a>\u00a0\u00bb, indique le chef d\u2019\u00e9tat-major. \u00ab\u00a0Maintenant, on se concentre de nouveau sur Gaza, pour ramener les otages \u00e0 la maison et d\u00e9manteler le r\u00e9gime du Hamas\u00a0\u00bb, a d\u00e9clar\u00e9 le lieutenant-g\u00e9n\u00e9ral Eyal Zamir, cit\u00e9 dans un communiqu\u00e9 militaire.<\/p>\n<p>Plus d\u2019informations \u00e0 venir\u2026<\/p>\n<p>Pour une information libre sur la Palestine<\/p>\n<p>Nous avons \u00e9t\u00e9 l\u2019un des premiers m\u00e9dias fran\u00e7ais \u00e0 d\u00e9fendre le droit des Palestiniens \u00e0 disposer d\u2019un \u00c9tat viable dans le respect des r\u00e9solutions de l\u2019ONU. Et nous avons inlassablement d\u00e9fendu la paix au Proche-Orient. Aidez-nous \u00e0 continuer de vous informer sur ce qui se passe l\u00e0-bas. Gr\u00e2ce \u00e0 vos dons.<br \/><a href=\"https:\/\/www.humanite.fr\/lhumanite-cest-vous\" data-type=\"link\" data-id=\"https:\/\/www.humanite.fr\/lhumanite-cest-vous\" target=\"_blank\" rel=\"noopener\">Je veux en savoir plus\u00a0!<\/a><\/p>\n","protected":false},"excerpt":{"rendered":"\u00ab\u00a0Aujourd\u2019hui, apr\u00e8s votre r\u00e9sistance courageuse, \u00f4 grand peuple \u00e0 l\u2019histoire glorieuse, nous sommes t\u00e9moins d\u2019un cessez-le-feu et de&hellip;\n","protected":false},"author":2,"featured_media":202305,"comment_status":"","ping_status":"","sticky":false,"template":"","format":"standard","meta":{"footnotes":""},"categories":[2],"tags":[11,27424,4628,1011,27,3019,12],"class_list":{"0":"post-202304","1":"post","2":"type-post","3":"status-publish","4":"format-standard","5":"has-post-thumbnail","7":"category-actualites","8":"tag-actualites","9":"tag-armu00e9e-israu00e9lienne","10":"tag-bande-de-gaza","11":"tag-fr","12":"tag-france","13":"tag-iran","14":"tag-news"},"share_on_mastodon":{"url":"https:\/\/pubeurope.com\/@fr\/114741974377072521","error":""},"_links":{"self":[{"href":"https:\/\/www.europesays.com\/fr\/wp-json\/wp\/v2\/posts\/202304","targetHints":{"allow":["GET"]}}],"collection":[{"href":"https:\/\/www.europesays.com\/fr\/wp-json\/wp\/v2\/posts"}],"about":[{"href":"https:\/\/www.europesays.com\/fr\/wp-json\/wp\/v2\/types\/post"}],"author":[{"embeddable":true,"href":"https:\/\/www.europesays.com\/fr\/wp-json\/wp\/v2\/users\/2"}],"replies":[{"embeddable":true,"href":"https:\/\/www.europesays.com\/fr\/wp-json\/wp\/v2\/comments?post=202304"}],"version-history":[{"count":0,"href":"https:\/\/www.europesays.com\/fr\/wp-json\/wp\/v2\/posts\/202304\/revisions"}],"wp:featuredmedia":[{"embeddable":true,"href":"https:\/\/www.europesays.com\/fr\/wp-json\/wp\/v2\/media\/202305"}],"wp:attachment":[{"href":"https:\/\/www.europesays.com\/fr\/wp-json\/wp\/v2\/media?parent=202304"}],"wp:term":[{"taxonomy":"category","embeddable":true,"href":"https:\/\/www.europesays.com\/fr\/wp-json\/wp\/v2\/categories?post=202304"},{"taxonomy":"post_tag","embeddable":true,"href":"https:\/\/www.europesays.com\/fr\/wp-json\/wp\/v2\/tags?post=202304"}],"curies":[{"name":"wp","href":"https:\/\/api.w.org\/{rel}","templated":true}]}}