{"id":202310,"date":"2025-06-25T03:54:11","date_gmt":"2025-06-25T03:54:11","guid":{"rendered":"https:\/\/www.europesays.com\/fr\/202310\/"},"modified":"2025-06-25T03:54:11","modified_gmt":"2025-06-25T03:54:11","slug":"meurthe-et-moselle-pichon-liquidee-quel-avenir-pour-les-mjc-a-nancy","status":"publish","type":"post","link":"https:\/\/www.europesays.com\/fr\/202310\/","title":{"rendered":"Meurthe-et-Moselle. Pichon liquid\u00e9e, quel avenir pour les MJC \u00e0 Nancy\u00a0?"},"content":{"rendered":"<p>Plus personne n\u2019esp\u00e9rait un miracle, et il n\u2019est d\u2019ailleurs pas venu. Ce mardi matin, le tribunal des affaires \u00e9conomiques \u00e0 Nancy a fait conna\u00eetre sa d\u00e9cision concernant l\u2019avenir de la MJC Pichon\u00a0: il n\u2019y en aura pas. La plus jeune des Maisons de la culture et de la jeunesse de Nancy, qui aurait d\u00fb c\u00e9l\u00e9brer ses 30 ans l\u2019an prochain, <a href=\"https:\/\/www.estrepublicain.fr\/economie\/2025\/06\/24\/mjc-pichon-ca-y-est-la-liquidation-est-prononcee\" target=\"_blank\" rel=\"noopener\">va \u00eatre liquid\u00e9e.<\/a> La fermeture est programm\u00e9e au vendredi 27\u00a0juin \u00e0 minuit.<\/p>\n<p><a href=\"https:\/\/www.estrepublicain.fr\/education\/2025\/04\/21\/la-mjc-pichon-pourrait-fermer-des-juin-prochain\" target=\"_blank\" rel=\"noopener\">Ce d\u00e9nouement \u00e9tait attendu par tous,<\/a> tant la situation semblait insoluble. L\u2019\u00e9tat financier de la MJC Pichon <a href=\"https:\/\/www.estrepublicain.fr\/societe\/2025\/04\/22\/la-mjc-pichon-est-victime-d-une-farandole-d-incompetences-estime-son-responsable-de-programmation\" target=\"_blank\" rel=\"noopener\">avait sombr\u00e9 dans des abysses d\u2019o\u00f9 l\u2019on ne remonte pas.<\/a> Un d\u00e9ficit de 280\u00a0000\u00a0\u20ac \u00e9tait apparu en 2024, qui suivait d\u00e9j\u00e0 un exercice 2023 d\u00e9faillant.<\/p>\n<p>Il aurait fallu trouver 620\u00a0000\u00a0\u20ac au bas mot pour permettre \u00e0 l\u2019\u00e9tablissement de boucler son ann\u00e9e dans des conditions correctes\u2026 Il y avait donc urgence \u00e0 mettre fin \u00e0 l\u2019h\u00e9morragie.<\/p>\n<p>Il n\u2019en reste pas moins que cette annonce est accueillie comme un drame dans le monde nanc\u00e9ien de l\u2019\u00e9ducation populaire.<\/p>\n<p>Le cas de la MJC Pichon&#8230;<\/p>\n","protected":false},"excerpt":{"rendered":"Plus personne n\u2019esp\u00e9rait un miracle, et il n\u2019est d\u2019ailleurs pas venu. Ce mardi matin, le tribunal des affaires&hellip;\n","protected":false},"author":2,"featured_media":202311,"comment_status":"","ping_status":"","sticky":false,"template":"","format":"standard","meta":{"footnotes":""},"categories":[9635],"tags":[1111,11,1704,1777,674,1011,27,775,230,3457,1702,1703,12,25,104,1631],"class_list":{"0":"post-202310","1":"post","2":"type-post","3":"status-publish","4":"format-standard","5":"has-post-thumbnail","7":"category-nancy","8":"tag-actu","9":"tag-actualites","10":"tag-edition-nancy-et-agglomeration","11":"tag-eu","12":"tag-europe","13":"tag-fr","14":"tag-france","15":"tag-grand-est","16":"tag-infographie","17":"tag-meurthe-et-moselle","18":"tag-nancy","19":"tag-nancy-ville-54b","20":"tag-news","21":"tag-republique-francaise","22":"tag-societe","23":"tag-vie-associative"},"share_on_mastodon":{"url":"https:\/\/pubeurope.com\/@fr\/114741986264075688","error":""},"_links":{"self":[{"href":"https:\/\/www.europesays.com\/fr\/wp-json\/wp\/v2\/posts\/202310","targetHints":{"allow":["GET"]}}],"collection":[{"href":"https:\/\/www.europesays.com\/fr\/wp-json\/wp\/v2\/posts"}],"about":[{"href":"https:\/\/www.europesays.com\/fr\/wp-json\/wp\/v2\/types\/post"}],"author":[{"embeddable":true,"href":"https:\/\/www.europesays.com\/fr\/wp-json\/wp\/v2\/users\/2"}],"replies":[{"embeddable":true,"href":"https:\/\/www.europesays.com\/fr\/wp-json\/wp\/v2\/comments?post=202310"}],"version-history":[{"count":0,"href":"https:\/\/www.europesays.com\/fr\/wp-json\/wp\/v2\/posts\/202310\/revisions"}],"wp:featuredmedia":[{"embeddable":true,"href":"https:\/\/www.europesays.com\/fr\/wp-json\/wp\/v2\/media\/202311"}],"wp:attachment":[{"href":"https:\/\/www.europesays.com\/fr\/wp-json\/wp\/v2\/media?parent=202310"}],"wp:term":[{"taxonomy":"category","embeddable":true,"href":"https:\/\/www.europesays.com\/fr\/wp-json\/wp\/v2\/categories?post=202310"},{"taxonomy":"post_tag","embeddable":true,"href":"https:\/\/www.europesays.com\/fr\/wp-json\/wp\/v2\/tags?post=202310"}],"curies":[{"name":"wp","href":"https:\/\/api.w.org\/{rel}","templated":true}]}}