{"id":202312,"date":"2025-06-25T03:55:12","date_gmt":"2025-06-25T03:55:12","guid":{"rendered":"https:\/\/www.europesays.com\/fr\/202312\/"},"modified":"2025-06-25T03:55:12","modified_gmt":"2025-06-25T03:55:12","slug":"nancy-privee-de-son-fief-improdisiaque-sannonce-en-tournee-dans-les-mjc-du-grand-nancy","status":"publish","type":"post","link":"https:\/\/www.europesays.com\/fr\/202312\/","title":{"rendered":"Nancy. Priv\u00e9e de son fief, Improdisiaque s\u2019annonce en \u00ab\u00a0tourn\u00e9e\u00a0\u00bb dans les MJC du Grand Nancy"},"content":{"rendered":"<p>\u00ab\u00a0La MJC ferme d\u00e8s vendredi\u00a0! Mission\u00a0: trouver une sc\u00e8ne pour samedi\u00a0\u00bb, a imm\u00e9diatement r\u00e9agi S\u00e9bastien Ferveur, le tr\u00e9sorier de la ligue de th\u00e9\u00e2tre d\u2019improvisation Improdisiaque <a href=\"https:\/\/www.estrepublicain.fr\/economie\/2025\/06\/24\/mjc-pichon-ca-y-est-la-liquidation-est-prononcee\" target=\"_blank\" rel=\"noopener\">en apprenant la nouvelle.<\/a> En 15 ans de \u00ab\u00a0g\u00eete\u00a0\u00bb \u00e0 Pichon, celle-ci n\u2019avait pas annul\u00e9 une seule date.<\/p>\n<p>Ce mardi 24\u00a0juin, elle a trembl\u00e9 \u00e0 l\u2019id\u00e9e de devoir s\u2019y r\u00e9soudre quand le tribunal des affaires \u00e9conomiques a prononc\u00e9 la liquidation de cette MJC de Nancy et cr\u00e9\u00e9 la stupeur en fixant l\u2019\u00e9ch\u00e9ance de la fermeture \u00e0 ce vendredi\u00a027 au soir.<\/p>\n<p>La cessation d\u2019activit\u00e9 \u00e9tait certes attendue. Mais, <a href=\"https:\/\/www.estrepublicain.fr\/culture-loisirs\/2025\/05\/20\/la-ville-annonce-maintenir-sa-subvention-a-la-mjc-pichon-pour-2025\" target=\"_blank\" rel=\"noopener\">par son soutien, la Ville<\/a> avait permis aux diff\u00e9rents acteurs de l\u2019\u00e9tablissement de poursuivre sur site jusqu\u2019\u00e0 la fin du mois&#8230;.<\/p>\n","protected":false},"excerpt":{"rendered":"\u00ab\u00a0La MJC ferme d\u00e8s vendredi\u00a0! Mission\u00a0: trouver une sc\u00e8ne pour samedi\u00a0\u00bb, a imm\u00e9diatement r\u00e9agi S\u00e9bastien Ferveur, le tr\u00e9sorier&hellip;\n","protected":false},"author":2,"featured_media":202313,"comment_status":"","ping_status":"","sticky":false,"template":"","format":"standard","meta":{"footnotes":""},"categories":[9635],"tags":[1111,11,1687,1704,1777,674,1011,27,775,1702,1703,12,25,3140],"class_list":{"0":"post-202312","1":"post","2":"type-post","3":"status-publish","4":"format-standard","5":"has-post-thumbnail","7":"category-nancy","8":"tag-actu","9":"tag-actualites","10":"tag-culture-loisirs","11":"tag-edition-nancy-et-agglomeration","12":"tag-eu","13":"tag-europe","14":"tag-fr","15":"tag-france","16":"tag-grand-est","17":"tag-nancy","18":"tag-nancy-ville-54b","19":"tag-news","20":"tag-republique-francaise","21":"tag-spectacle"},"share_on_mastodon":{"url":"https:\/\/pubeurope.com\/@fr\/114741990204251216","error":""},"_links":{"self":[{"href":"https:\/\/www.europesays.com\/fr\/wp-json\/wp\/v2\/posts\/202312","targetHints":{"allow":["GET"]}}],"collection":[{"href":"https:\/\/www.europesays.com\/fr\/wp-json\/wp\/v2\/posts"}],"about":[{"href":"https:\/\/www.europesays.com\/fr\/wp-json\/wp\/v2\/types\/post"}],"author":[{"embeddable":true,"href":"https:\/\/www.europesays.com\/fr\/wp-json\/wp\/v2\/users\/2"}],"replies":[{"embeddable":true,"href":"https:\/\/www.europesays.com\/fr\/wp-json\/wp\/v2\/comments?post=202312"}],"version-history":[{"count":0,"href":"https:\/\/www.europesays.com\/fr\/wp-json\/wp\/v2\/posts\/202312\/revisions"}],"wp:featuredmedia":[{"embeddable":true,"href":"https:\/\/www.europesays.com\/fr\/wp-json\/wp\/v2\/media\/202313"}],"wp:attachment":[{"href":"https:\/\/www.europesays.com\/fr\/wp-json\/wp\/v2\/media?parent=202312"}],"wp:term":[{"taxonomy":"category","embeddable":true,"href":"https:\/\/www.europesays.com\/fr\/wp-json\/wp\/v2\/categories?post=202312"},{"taxonomy":"post_tag","embeddable":true,"href":"https:\/\/www.europesays.com\/fr\/wp-json\/wp\/v2\/tags?post=202312"}],"curies":[{"name":"wp","href":"https:\/\/api.w.org\/{rel}","templated":true}]}}