{"id":202322,"date":"2025-06-25T04:04:21","date_gmt":"2025-06-25T04:04:21","guid":{"rendered":"https:\/\/www.europesays.com\/fr\/202322\/"},"modified":"2025-06-25T04:04:21","modified_gmt":"2025-06-25T04:04:21","slug":"la-fin-programmee-des-correspondants-de-nuit","status":"publish","type":"post","link":"https:\/\/www.europesays.com\/fr\/202322\/","title":{"rendered":"LA FIN PROGRAMM\u00c9E DES CORRESPONDANTS DE NUIT"},"content":{"rendered":"<p>Posted On 25 juin 2025 <\/p>\n<p style=\"text-align: justify;\">\u00ab\u00a0La baisse des subventions d\u00e9j\u00e0 act\u00e9es et les difficult\u00e9s financi\u00e8res entrainent des \u00e9volutions en 2025 et entraineront des \u00e9volutions significatives en 2026\u00a0\u00bb. Dans la novlangue des Rouge\/Verts c&rsquo;est ainsi qu&rsquo;on annonce la fin d&rsquo;un service public. Chlo\u00e9 Pantel, l&rsquo;Adjointe au Maire (Verts\/LFI) a \u00e9t\u00e9 contrainte de s&rsquo;expliquer lundi au Conseil Municipal suite \u00e0 l&rsquo;interrogation port\u00e9e par Alain Carignon.\u00a0<\/p>\n<p style=\"text-align: justify;\">Il existe en effet \u00e0 Villeneuve et au Village Olympique des \u00ab\u00a0correspondants de nuit\u00a0\u00bb qui sont le seul \u00e9l\u00e9ment tangible de la politique dite de \u00ab\u00a0tranquillit\u00e9 publique\u00a0\u00bb de la municipalit\u00e9 qui se refuse \u00e0 toute politique s\u00e9curitaire. Ils sont pr\u00e9sents pour assurer une m\u00e9diation dans les conflits, face aux incivilit\u00e9s et aux nuisances.<\/p>\n<p><a href=\"https:\/\/i2.wp.com\/grenoble-le-changement.fr\/wp-content\/uploads\/2025\/06\/Capture-de\u0301cran-2025-06-24-a\u0300-09.34.40.png?ssl=1\" rel=\"lightbox[82814] noopener\" target=\"_blank\"><img decoding=\"async\" data-id=\"82815\" src=\"https:\/\/i2.wp.com\/grenoble-le-changement.fr\/wp-content\/uploads\/2025\/06\/Capture-de\u0301cran-2025-06-24-a\u0300-09.34.40.png?resize=678%2C334&amp;ssl=1\" alt=\"\" class=\"wp-image-82815 jetpack-lazy-image\" data-recalc-dims=\"1\" data-lazy-src=\"https:\/\/i2.wp.com\/grenoble-le-changement.fr\/wp-content\/uploads\/2025\/06\/Capture-de\u0301cran-2025-06-24-a\u0300-09.34.40.png?resize=678%2C334&amp;is-pending-load=1#038;ssl=1\" \/><\/a><br \/>\nMargot Belair, Pierre M\u00e9riaux, Chlo\u00e9 Pantel&#8230; le clan Piolle\/Ruffin est sur la d\u00e9fensive en terminant le mandat en catastrophe <\/p>\n<p><strong>LE GROUPEMENT D&rsquo;INT\u00c9R\u00caT PUBLIC ANNONC\u00c9 NE SE FAIT PAS<\/strong><\/p>\n<p style=\"text-align: justify;\">Lundi 23 juin,\u00a0comme \u00e0 son habitude, trichant par toutes ses pores, la municipalit\u00e9 faisait voter une \u00ab\u00a0convention de moyens entre la ville et la R\u00e9gie de quartier\u00a0\u00bb sans aucunement \u00e9voquer la situation des correspondants de nuit.<\/p>\n<p style=\"text-align: justify;\">Pourtant trois jours avant, le 20 juin, la directrice de la R\u00e9gie de Quartier, Christine Rey avait alert\u00e9 le personnel sur \u00ab\u00a0les baisses de subventions annonc\u00e9es\u00a0\u00bb des diff\u00e9rents partenaires. Et surtout que le projet de Groupement d&rsquo;Int\u00e9r\u00eat Public (GIP) port\u00e9 par deux piliers du Piollisme triomphant (!), Maud Tavel et Pierre Bejjaji, qui devait reprendre le personnel, ne se ferait pas. Pourtant vot\u00e9 par la M\u00e9tropole en grandes pompes.\u00a0<\/p>\n<p style=\"text-align: justify;\"><strong>UNE BAISSE DE PR\u00c9SENCE SUR LE TERRAIN D\u00c8S CETTE ANN\u00c9E<\/strong><\/p>\n<p style=\"text-align: justify;\">La ville et la m\u00e9tropole sont financi\u00e8rement exsangues \u00e0 force de financer la folie <a href=\"https:\/\/grenoble-le-changement.fr\/2024\/11\/23\/laurence-ruffin-verts-lfi-petits-mensonges-et-gros-sabots\/\" target=\"_blank\" rel=\"noopener\">du si\u00e8ge m\u00e9tropolitain<\/a> (108 Millions d&rsquo;euros). D\u00e8s cette ann\u00e9e la R\u00e9gie de Quartier revoit \u00ab\u00a0le mod\u00e8le \u00e9conomique du service et l&rsquo;organisation (cela passera par des modifications d&rsquo;horaires, jours de travail&#8230;\u00a0\u00bb) pr\u00e9cise la directrice. C&rsquo;est \u00e0 dire \u00e9videmment une baisse de la pr\u00e9sence sur le terrain.\u00a0<\/p>\n<p style=\"text-align: justify;\">Mais surtout \u00ab\u00a0nous n&rsquo;avons pas la certitude de conserver les m\u00eames financements pour l&rsquo;ann\u00e9e 2026 ce qui pose la question de la p\u00e9rennit\u00e9 du dispositif ou le soutien des collectivit\u00e9s est vital\u00a0\u00bb ajoute-t-elle.<\/p>\n<p><img decoding=\"async\" data-id=\"82212\" src=\"https:\/\/grenoble-le-changement.fr\/wp-content\/uploads\/2025\/05\/Capture-de\u0301cran-2024-11-22-a\u0300-11.42.17.webp\" alt=\"\" class=\"wp-image-82212 jetpack-lazy-image\" data-lazy-src=\"https:\/\/www.europesays.com\/fr\/wp-content\/uploads\/2025\/05\/Capture-de\u0301cran-2024-11-22-a\u0300-11.42.17.webp\" \/><br \/>\nLe clan Piolle\/Ruffin a g\u00e9r\u00e9 de pr\u00e8s la r\u00e9gie de quartier : le r\u00e9sultat est l\u00e0&#8230;.<\/p>\n<p><strong>LA R\u00c9GIE DE QUARTIER EST EN \u00ab\u00a0D\u00c9FICIT CHRONIQUE\u00a0\u00bb<\/strong><\/p>\n<p style=\"text-align: justify;\">Si elle \u00e9voque le \u00ab\u00a0d\u00e9ficit chronique\u00a0\u00bb qui se creuse ann\u00e9e apr\u00e8s ann\u00e9e, la directrice attribue pourtant cela \u00ab\u00a0aux annonces de l&rsquo;Etat sur la baisse des cr\u00e9dits aux collectivit\u00e9s\u00a0\u00bb. Lundi, dans le m\u00eame compte administratif de la ville, les \u00ab\u00a0baisses des cr\u00e9dits de l&rsquo;\u00e9tat\u00a0\u00bb se montent \u00e0 &#8230; 10 % de la recette annuelle suppl\u00e9mentaire apport\u00e9e par la hausse de 30 % des imp\u00f4ts ! C&rsquo;est dire.\u00a0<\/p>\n<p style=\"text-align: justify;\"><strong>MAIS L. RUFFIN (<\/strong><strong>Verts\/LFI) DEMANDE AUX GRENOBLOIS DE R\u00caVER !<\/strong><\/p>\n<p style=\"text-align: justify;\">Il en ressort que ce ne sont pas seulement les correspondants de nuit qui sont menac\u00e9s mais la R\u00e9gie de Quartier elle-m\u00eame. Au Conseil Municipal encore, Alain Carignon a fustig\u00e9 la campagne engag\u00e9e par Lucille Lheureux, Margot Belair, Nicolas B\u00e9ron-Perez <a href=\"https:\/\/grenoble-le-changement.fr\/2024\/11\/23\/laurence-ruffin-verts-lfi-petits-mensonges-et-gros-sabots\/\" target=\"_blank\" rel=\"noopener\">avec Laurence Ruffin<\/a> pour savoir ce qui ferait \u00ab\u00a0r\u00eaver les grenoblois\u00a0\u00bb&#8230;<\/p>\n<p style=\"text-align: justify;\"><strong>EN 2026, ILS AURONT LES FINANCEMENTS QU&rsquo;ILS N&rsquo;ONT PAS AUJOURD&rsquo;HUI<\/strong><\/p>\n<p style=\"text-align: justify;\">L&rsquo;actuelle majorit\u00e9 a en effet d\u00e9cid\u00e9 en toute opacit\u00e9 de reporter au&#8230; second semestre 2026 la cr\u00e9ation du Groupement d&rsquo;Int\u00e9r\u00eat Public (GIP) qui reprendrait le personnel : \u00ab\u00a0cela confirme les propos de M. B\u00e9ron-Perez, qui annon\u00e7ait que votre r\u00e9\u00e9lection \u00e9tant acquise, vous auriez au second semestre 2026 les financements que vous n&rsquo;avez pas aujourd&rsquo;hui\u00a0\u00bb a ironis\u00e9 Alain Carignon. Des menteurs.<\/p>\n<p style=\"text-align: justify;\"><strong>ILS NE SAVENT QU&rsquo;AUGMENTER LES IMP\u00d4TS ET LA DETTE<\/strong><\/p>\n<p style=\"text-align: justify;\">Sur chaque dossier la majorit\u00e9 municipale cherche \u00e0 tenir la t\u00eate hors de l&rsquo;eau jusqu&rsquo;aux \u00e9lections afin de cacher la r\u00e9alit\u00e9 financi\u00e8re de la ville et de la m\u00e9tropole. R\u00e9\u00e9lue, ne pouvant plus assumer ses t\u00e2ches de base, r\u00e9parer les trottoirs, assurer les financements report\u00e9s (Athanor, trams \u00e0 renouveler, si\u00e8ge m\u00e9tropolitain..) <a href=\"https:\/\/grenoble-le-changement.fr\/2025\/06\/24\/droit-dans-le-mur-la-trajectoire-financiere-de-piolle-ruffin-demontee\/\" target=\"_blank\" rel=\"noopener\">elle augmenterait massivement les imp\u00f4ts et la dette.<\/a><\/p>\n<p><a href=\"https:\/\/i0.wp.com\/grenoble-le-changement.fr\/wp-content\/uploads\/2025\/06\/Capture-de\u0301cran-2025-06-24-a\u0300-11.00.59.png?ssl=1\" rel=\"lightbox[82814] noopener\" target=\"_blank\"><img decoding=\"async\" data-id=\"82820\" src=\"https:\/\/i0.wp.com\/grenoble-le-changement.fr\/wp-content\/uploads\/2025\/06\/Capture-de\u0301cran-2025-06-24-a\u0300-11.00.59.png?resize=678%2C508&amp;ssl=1\" alt=\"\" class=\"wp-image-82820 jetpack-lazy-image\" data-recalc-dims=\"1\" data-lazy-src=\"https:\/\/i0.wp.com\/grenoble-le-changement.fr\/wp-content\/uploads\/2025\/06\/Capture-de\u0301cran-2025-06-24-a\u0300-11.00.59.png?resize=678%2C508&amp;is-pending-load=1#038;ssl=1\" \/><\/a><\/p>\n<p><a href=\"https:\/\/i2.wp.com\/grenoble-le-changement.fr\/wp-content\/uploads\/2025\/06\/Capture-de\u0301cran-2025-06-24-a\u0300-11.00.43.png?ssl=1\" rel=\"lightbox[82814] noopener\" target=\"_blank\"><img decoding=\"async\" data-id=\"82819\" src=\"https:\/\/i2.wp.com\/grenoble-le-changement.fr\/wp-content\/uploads\/2025\/06\/Capture-de\u0301cran-2025-06-24-a\u0300-11.00.43.png?resize=678%2C505&amp;ssl=1\" alt=\"\" class=\"wp-image-82819 jetpack-lazy-image\" data-recalc-dims=\"1\" data-lazy-src=\"https:\/\/i2.wp.com\/grenoble-le-changement.fr\/wp-content\/uploads\/2025\/06\/Capture-de\u0301cran-2025-06-24-a\u0300-11.00.43.png?resize=678%2C505&amp;is-pending-load=1#038;ssl=1\" \/><\/a><\/p>\n<p><a href=\"https:\/\/i2.wp.com\/grenoble-le-changement.fr\/wp-content\/uploads\/2025\/06\/Capture-de\u0301cran-2025-06-24-a\u0300-11.00.22.png?ssl=1\" rel=\"lightbox[82814] noopener\" target=\"_blank\"><img decoding=\"async\" data-id=\"82818\" src=\"https:\/\/i2.wp.com\/grenoble-le-changement.fr\/wp-content\/uploads\/2025\/06\/Capture-de\u0301cran-2025-06-24-a\u0300-11.00.22.png?resize=678%2C507&amp;ssl=1\" alt=\"\" class=\"wp-image-82818 jetpack-lazy-image\" data-recalc-dims=\"1\" data-lazy-src=\"https:\/\/i2.wp.com\/grenoble-le-changement.fr\/wp-content\/uploads\/2025\/06\/Capture-de\u0301cran-2025-06-24-a\u0300-11.00.22.png?resize=678%2C507&amp;is-pending-load=1#038;ssl=1\" \/><\/a><br \/>\n\u00c0 gauche, l&rsquo;Abbaye et \u00ab\u00a0l&rsquo;urbanisme transitoire\u00a0\u00bb : depuis 3 ans les habitants de Chatelet traversent les d\u00e9chets et les rats. Au milieu et \u00e0 droite l&rsquo;abandon de Jouhaux : partout la m\u00eame d\u00e9solation <\/p>\n<p><strong>ALLAN BRUNON (LFI) VOUDRAIT FAIRE DIVERSION AVEC GAZA<\/strong><\/p>\n<p style=\"text-align: justify;\">Le fait que ce nouveau coup dur des correspondants de nuit soit port\u00e9 sur le peu que la municipalit\u00e9 faisait, que cela concerne le sud de la ville ghetto\u00efs\u00e9, abandonn\u00e9, d\u00e9grad\u00e9 permet de mesurer la port\u00e9e des discours larmoyants des Rouge\/Verts grenoblois. <a href=\"https:\/\/grenoble-le-changement.fr\/2025\/06\/23\/tram-paralyse-quartiers-et-commerces-en-colere-les-elus-sortants-trompent\/\" target=\"_blank\" rel=\"noopener\">Leur cynisme est absolu<\/a>.\u00a0<\/p>\n<p style=\"text-align: justify;\">On comprend pourquoi ils ont envoy\u00e9 Allan Brunon, un proche de la famille du leader Maximo, pour faire dans le gros rouge qui t\u00e2che avec Gaza. Aux c\u00f4t\u00e9s d&rsquo;Elisa Martin, ils tentent d&rsquo;instrumentaliser le conflit, d&rsquo;enfermer une communaut\u00e9 dans ses origines et ses appartenances, afin d&rsquo;en faire une chair \u00e0 canon \u00e9lectorale, oublieuse du sort qu&rsquo;ils lui font vivre.\u00a0<\/p>\n<p style=\"text-align: justify;\"><strong>CE N&rsquo;EST PAS SUR GAZA QUE L. RUFFIN DOIT RENDRE DES COMPTES<\/strong><\/p>\n<p style=\"text-align: justify;\"><a href=\"https:\/\/grenoble-le-changement.fr\/2025\/06\/11\/lfi-met-la-pression-sur-l-ruffin-la-candidate-pour-succeder-a-piolle\/\" target=\"_blank\" rel=\"noopener\">La ficelle est grosse. Trop grosse<\/a>. Le quotidien des habitants p\u00e8se trop lourd pour s&rsquo;effacer devant l&rsquo;\u00e9motion l\u00e9gitime du drame Palestinien. En prenant ces citoyens pour des ben\u00eats, incapables d&rsquo;appr\u00e9hender les scrutins, de faire la diff\u00e9rence avec l&rsquo;\u00e9lection d&rsquo;un Maire, ils t\u00e9moignent d&rsquo;un incommensurable m\u00e9pris \u00e0 leur \u00e9gard.\u00a0<\/p>\n<p style=\"text-align: justify;\">Ce n&rsquo;est pas sur Gaza qu&rsquo;ils vont demander des comptes <a href=\"https:\/\/grenoble-le-changement.fr\/2025\/06\/22\/les-piollistes-entament-les-combines-dappareil-autour-de-laurence-ruffin\/\" target=\"_blank\" rel=\"noopener\">\u00e0 Laurence Ruffin.<\/a> Mais de savoir pourquoi alors qu&rsquo;ils vivent dans des conditions de cohabitation de plus en plus difficiles, pourquoi des m\u00e9diateurs de nuit qui leur venaient en aide disparaitraient de leur paysage pour des raisons financi\u00e8res ?\u00a0<\/p>\n<p style=\"text-align: justify;\"><strong>ILS JETTENT L&rsquo;ARGENT DES GRENOBLOIS PAR LES FEN\u00caTRES<\/strong><\/p>\n<p style=\"text-align: justify;\">Alors que les m\u00eames \u00e9lus financent les \u00ab\u00a0\u00e9tudes\u00a0\u00bb pour une hypoth\u00e9tique s\u00e9curit\u00e9 sociale alimentaire \u00e0 une association amie de Savoie (230 000\u20ac) , des toilettes s\u00e8ches (55 000 \u20ac) et \u00e0 <a href=\"https:\/\/grenoble-le-changement.fr\/2021\/03\/15\/110-000-e-pour-aerer-le-posterieur-vert-a-leolienne\/\" target=\"_blank\" rel=\"noopener\">\u00e9olienne (110 000 \u20ac)<\/a> qui ne fonctionnent pas, supprim\u00e9es,\u00a0 <a href=\"https:\/\/grenoble-le-changement.fr\/2020\/04\/11\/esplanade-210-000-e-sont-partis-en-fumee\/\" target=\"_blank\" rel=\"noopener\">un \u00ab\u00a0observatoire du temps pr\u00e9sent<\/a>\u00a0\u00bb \u00e0 l&rsquo;esplanade qui a dur\u00e9 3 mois (210 000 \u20ac), une <a href=\"https:\/\/grenoble-le-changement.fr\/2024\/10\/15\/ecole-du-velo-un-an-de-gadget-hors-de-prix\/\" target=\"_blank\" rel=\"noopener\">\u00e9cole du v\u00e9lo<\/a> (1 million d&rsquo;euros), <a href=\"https:\/\/grenoble-le-changement.fr\/2025\/05\/28\/bide-de-la-biennale-la-municipalite-avoue-500-000-e-de-depenses\/\" target=\"_blank\" rel=\"noopener\">500 000 \u20ac pour \u00ab\u00a0la biennale des villes en transition\u00a0\u00bb<\/a> pour leur com&rsquo;, <a href=\"https:\/\/grenoble-le-changement.fr\/2024\/06\/22\/presquile-les-scandales-de-la-folie-verte-eclatent\/\" target=\"_blank\" rel=\"noopener\">2,4 millions d&rsquo;euros pour des panneaux photovolta\u00efques<\/a> sur un immeuble qui ne fonctionnent pas&#8230;.<\/p>\n<p><img decoding=\"async\" data-id=\"78021\" src=\"https:\/\/i1.wp.com\/grenoble-le-changement.fr\/wp-content\/uploads\/2024\/11\/ruffin.png?w=678&amp;ssl=1\" alt=\"\" class=\"wp-image-78021 jetpack-lazy-image\" data-recalc-dims=\"1\" data-lazy-src=\"https:\/\/www.europesays.com\/fr\/wp-content\/uploads\/2025\/06\/ruffin.png\" \/><\/p>\n<p><img decoding=\"async\" data-id=\"82546\" src=\"https:\/\/i2.wp.com\/grenoble-le-changement.fr\/wp-content\/uploads\/2025\/06\/brunon-allan.png?w=678&amp;ssl=1\" alt=\"\" class=\"wp-image-82546 jetpack-lazy-image\" data-recalc-dims=\"1\" data-lazy-src=\"https:\/\/www.europesays.com\/fr\/wp-content\/uploads\/2025\/06\/1750824261_636_brunon-allan.png\" \/><br \/>\n<a href=\"https:\/\/grenoble-le-changement.fr\/2024\/11\/23\/laurence-ruffin-verts-lfi-petits-mensonges-et-gros-sabots\/\" target=\"_blank\" rel=\"noopener\">Laurence Ruffin <\/a>et Allan Brunon, les Rouge\/Verts vont devoir s&rsquo;expliquer sur l&rsquo;abandon des quartiers sud <\/p>\n<p><strong>IL SUFFIT DE NE PAS SE LAISSER PI\u00c9GER DEUX FOIS<\/strong><\/p>\n<p style=\"text-align: justify;\">Le fait qu&rsquo;ils ne puissent plus camoufler l&rsquo;impasse financi\u00e8re dans laquelle ils ont engag\u00e9 Grenoble et la M\u00e9tropole, les met le dos au mur. Le Conseil Municipal de lundi a confirm\u00e9 par tous les groupes y <a href=\"https:\/\/grenoble-le-changement.fr\/2025\/06\/24\/droit-dans-le-mur-la-trajectoire-financiere-de-piolle-ruffin-demontee\/\" target=\"_blank\" rel=\"noopener\">compris leur ancien Adjoint aux Finances, Hakim Sabri,<\/a> cette voie sans issue.\u00a0<\/p>\n<p style=\"text-align: justify;\">Les grenoblois du sud et du nord de la ville sont d\u00e9sormais pleinement inform\u00e9s. En 2020 les candidats ont menti en affirmant qu&rsquo;ils avaient des solutions et n&rsquo;augmenteraient pas les imp\u00f4ts. En 2025 ils mentent encore. Il suffit de ne pas se laisser pi\u00e9ger deux fois.\u00a0<\/p>\n","protected":false},"excerpt":{"rendered":"Posted On 25 juin 2025 \u00ab\u00a0La baisse des subventions d\u00e9j\u00e0 act\u00e9es et les difficult\u00e9s financi\u00e8res entrainent des \u00e9volutions&hellip;\n","protected":false},"author":2,"featured_media":202323,"comment_status":"","ping_status":"","sticky":false,"template":"","format":"standard","meta":{"footnotes":""},"categories":[9566],"tags":[1111,11,9601,27721,2430,9603,34167,10131,9607,1777,674,1011,27,2731,10136,10612,10613,34168,34169,12,24294,31379,16650,25],"class_list":{"0":"post-202322","1":"post","2":"type-post","3":"status-publish","4":"format-standard","5":"has-post-thumbnail","7":"category-grenoble","8":"tag-actu","9":"tag-actualites","10":"tag-alain-carignon","11":"tag-allan-brunon","12":"tag-auvergne-rhone-alpes","13":"tag-chloe-pantel","14":"tag-christine-rey","15":"tag-elisa-martin","16":"tag-eric-piolle","17":"tag-eu","18":"tag-europe","19":"tag-fr","20":"tag-france","21":"tag-grenoble","22":"tag-laurence-ruffin","23":"tag-lucille-lheureux","24":"tag-margot-belair","25":"tag-mathieu-gravellier","26":"tag-maud-tavel","27":"tag-news","28":"tag-nicolas-beron-perez","29":"tag-pierre-bejjaji","30":"tag-pierre-meriaux","31":"tag-republique-francaise"},"share_on_mastodon":{"url":"https:\/\/pubeurope.com\/@fr\/114742025874012253","error":""},"_links":{"self":[{"href":"https:\/\/www.europesays.com\/fr\/wp-json\/wp\/v2\/posts\/202322","targetHints":{"allow":["GET"]}}],"collection":[{"href":"https:\/\/www.europesays.com\/fr\/wp-json\/wp\/v2\/posts"}],"about":[{"href":"https:\/\/www.europesays.com\/fr\/wp-json\/wp\/v2\/types\/post"}],"author":[{"embeddable":true,"href":"https:\/\/www.europesays.com\/fr\/wp-json\/wp\/v2\/users\/2"}],"replies":[{"embeddable":true,"href":"https:\/\/www.europesays.com\/fr\/wp-json\/wp\/v2\/comments?post=202322"}],"version-history":[{"count":0,"href":"https:\/\/www.europesays.com\/fr\/wp-json\/wp\/v2\/posts\/202322\/revisions"}],"wp:featuredmedia":[{"embeddable":true,"href":"https:\/\/www.europesays.com\/fr\/wp-json\/wp\/v2\/media\/202323"}],"wp:attachment":[{"href":"https:\/\/www.europesays.com\/fr\/wp-json\/wp\/v2\/media?parent=202322"}],"wp:term":[{"taxonomy":"category","embeddable":true,"href":"https:\/\/www.europesays.com\/fr\/wp-json\/wp\/v2\/categories?post=202322"},{"taxonomy":"post_tag","embeddable":true,"href":"https:\/\/www.europesays.com\/fr\/wp-json\/wp\/v2\/tags?post=202322"}],"curies":[{"name":"wp","href":"https:\/\/api.w.org\/{rel}","templated":true}]}}