{"id":202324,"date":"2025-06-25T04:06:09","date_gmt":"2025-06-25T04:06:09","guid":{"rendered":"https:\/\/www.europesays.com\/fr\/202324\/"},"modified":"2025-06-25T04:06:09","modified_gmt":"2025-06-25T04:06:09","slug":"perturbations-sur-les-lignes-du-reseau-star-ce-quil-faut-savoir","status":"publish","type":"post","link":"https:\/\/www.europesays.com\/fr\/202324\/","title":{"rendered":"perturbations sur les lignes du r\u00e9seau STAR, ce qu&rsquo;il faut savoir"},"content":{"rendered":"<p>            Par<br \/>\n        <strong><br \/>\n            <a href=\"https:\/\/actu.fr\/auteur\/laurene-fertin\" title=\"Consulter tous les articles de Laur\u00e8ne Fertin\" target=\"_blank\" rel=\"noopener\">Laur\u00e8ne Fertin<\/a><br \/>\n        <\/strong><\/p>\n<p>        Publi\u00e9 le<\/p>\n<p>            25 juin 2025 \u00e0 6h02        <\/p>\n<p>Chaque ann\u00e9e, <a href=\"https:\/\/actu.fr\/bretagne\/rennes_35238\/nouvelle-place-speciale-transports-gratuits-village-sportif-la-grande-braderie-de-rennes-revient-bientot_62638175.html\" target=\"_blank\" rel=\"noopener\">la Grande braderie<\/a> de Rennes revient pour une nouvelle \u00e9dition. <strong>Commer\u00e7ants<\/strong> et <strong>itin\u00e9rants<\/strong> vont ainsi d\u00e9baller leurs marchandises ce mercredi 25 juin 2025, l\u2019occasion de faire de bonnes affaires.<\/p>\n<p class=\" wall-content\">Pour cette journ\u00e9e, l\u2019acc\u00e8s <a href=\"https:\/\/actu.fr\/tag\/reseau-star\" target=\"_blank\" rel=\"noopener\">au r\u00e9seau STAR<\/a> sera <strong>gratuit<\/strong> toute la journ\u00e9e, <strong>d\u00e8s 5h du matin jusqu\u2019\u00e0 2h \u2013<\/strong> bus, m\u00e9tro et parking relais.<\/p>\n<p>Des perturbations<\/p>\n<p class=\" wall-content\"><strong>Les lignes de bus<\/strong> desservant le centre-ville seront par ailleurs <strong>perturb\u00e9es<\/strong> et <strong>d\u00e9vi\u00e9es,<\/strong> note le r\u00e9seau STAR, et cela, <strong>jusqu\u2019\u00e0 23h.\u00a0<\/strong>Plusieurs arr\u00eats ne seront pas desservis.<\/p>\n<p class=\" wall-content\">Dans le d\u00e9tail :<\/p>\n<p class=\" wall-content\"><strong>Ligne C1<\/strong><\/p>\n<ul class=\" wall-content\">\n<li><strong>Direction Chantepie \u2013<\/strong> Arr\u00eats non desservis : Anatole France, La Touche, Brest Verdun, Horizons, Les Lices, Place de Bretagne, R\u00e9publique, Libert\u00e9. Arr\u00eats desservis les plus proches : Anatole France (ligne 10 vers Beaulieu Chimie), Place Pasteur (Ligne C2 vers Haut Sanc\u00e9) ou Gares.<\/li>\n<li><strong>Direction Saint-Gr\u00e9goire \u2013<\/strong> Arr\u00eats non desservis : R\u00e9publique, Place de Bretagne, Les Lices, Horizons, Brest Verdun, La Touche, Anatole France. Arr\u00eats desservis les plus proches : Gares, Place Pasteur (ligne C2 vers Cesson-Viasilva) ou Anatole France (ligne 10 vers Porte de Cleunay).<\/li>\n<\/ul>\n<p>Vid\u00e9os : en ce moment sur Actu<\/p>\n<p class=\" wall-content\"><strong>Ligne C2<\/strong><\/p>\n<p class=\" wall-content\"><strong>Dans les deux sens :<\/strong> les arr\u00eats R\u00e9publique, Charles-de-Gaulle sont report\u00e9s \u00e0 Place Pasteur ou Gares.<\/p>\n<p class=\" wall-content\"><strong>Ligne C3<\/strong><\/p>\n<ul class=\" wall-content\">\n<li><strong>Direction Henri-Fr\u00e9ville<\/strong> <strong>\u2013<\/strong> Les arr\u00eats R\u00e9publique et Charles-de-Gaulle sont report\u00e9s \u00e0 Place Pasteur ou \u00e0 Gares (Ligne 12 vers La Poterie).<\/li>\n<li><strong>Direction Patton \u2013<\/strong> Les arr\u00eats R\u00e9publique et Charles-de-Gaulle sont report\u00e9s \u00e0 Place Pasteur ou \u00e0 Gares (Ligne 12 vers Villejean-Universit\u00e9).<\/li>\n<\/ul>\n<p class=\" wall-content\"><strong>Ligne C4<\/strong><\/p>\n<ul class=\" wall-content\">\n<li><strong>Direction Grand Quartier \u2013 <\/strong>Arr\u00eats non desservis : Paul Bert, Mus\u00e9e Beaux Arts, R\u00e9publique, Place de Bretagne. Arr\u00eats desservis les plus proches : Gares (arr\u00eat temporaire situ\u00e9 Bd Solf\u00e9rino), Charles-de-Gaulle (ligne C2 vers Cesson-Viasilva).<\/li>\n<li><strong>Direction ZA Saint-Sulpice<\/strong> <strong>\u2013<\/strong> Arr\u00eats non desservis : Place de Bretagne, R\u00e9publique, Mus\u00e9e Beaux Arts, Paul Bert. Arr\u00eats desservis les plus proches : Pont de Bretagne (lignes 53 vers Rennes), Charles-de-Gaulle (ligne C2 vers Haut Sanc\u00e9), Gares (arr\u00eat temporaire situ\u00e9 Bd Solf\u00e9rino).<\/li>\n<\/ul>\n<p class=\" wall-content\"><strong>Ligne C5<\/strong><\/p>\n<ul class=\" wall-content\">\n<li><strong>Direction lyc\u00e9e Br\u00e9quigny<\/strong> <strong>\u2013<\/strong> Arr\u00eats non desservis : R\u00e9publique, La Cri\u00e9e, Colombier, Cit\u00e9 Judiciaire, Pont de Nantes. Arr\u00eats desservis les plus proches : Gares (ligne 12 vers La Poterie), arr\u00eat temporaire situ\u00e9 bd du Colombier \u00e0 proximit\u00e9 du Pont de Nantes.<\/li>\n<li><strong>Direction Saint-Laurent \u2013 <\/strong>Arr\u00eats non desservis : Pont de Nantes, Cit\u00e9 Judiciaire, Colombier, La Cri\u00e9e, R\u00e9publique. Arr\u00eats desservis les plus proches : arr\u00eat temporaire situ\u00e9 sous le Pont de Nantes, Gares (ligne 12 vers Villejean-Universit\u00e9).<\/li>\n<\/ul>\n<p class=\" wall-content\"><strong>Ligne C6 <\/strong><\/p>\n<ul class=\" wall-content\">\n<li><strong>Direction A\u00e9roport<\/strong> <strong>\u2013<\/strong> Arr\u00eats non desservis : Paul Bert, Mus\u00e9e Beaux Arts, R\u00e9publique, La Cri\u00e9e. Arr\u00eats desservis les plus proches : Colombier, Gares (arr\u00eat temporaire situ\u00e9 Bd Solf\u00e9rino).<\/li>\n<li><strong>Direction Cesson-S\u00e9vign\u00e9 \u2013<\/strong> Arr\u00eats non desservis : La Cri\u00e9e, R\u00e9publique, Mus\u00e9e Beaux Arts, Paul Bert. Arr\u00eats desservis les plus proches : Colombier, Gares (arr\u00eat temporaire situ\u00e9 Bd Solf\u00e9rino).<\/li>\n<\/ul>\n<p class=\" wall-content\"><strong>Ligne 11<\/strong><\/p>\n<ul class=\" wall-content\">\n<li><strong>Direction ZI Ouest \u2013<\/strong> Arr\u00eats non desservis : TNB, R\u00e9publique, Place de Bretagne, Le Mail. Arr\u00eats desservis les plus proches : Gares, Mabilais (ligne 10 vers Beaulieu Chimie).<\/li>\n<li><strong>Direction La Poterie<\/strong> <strong>\u2013<\/strong> Arr\u00eats non desservis : Le Mail, Place de Bretagne, R\u00e9publique, Libert\u00e9. Arr\u00eats desservis les plus proches : Gares, Mabilais (ligne 10 vers Porte de Cleunay).<\/li>\n<\/ul>\n<p class=\" wall-content\"><strong>Lignes 53\/153<\/strong><\/p>\n<ul class=\" wall-content\">\n<li>Terminus, arriv\u00e9e et d\u00e9part \u00e0 Charles-de-Gaulle.<\/li>\n<li>Arr\u00eats non desservis : R\u00e9publique, Pont de Bretagne.<\/li>\n<\/ul>\n<p class=\" wall-content\"><strong>Lignes 54\/154-55\/155<\/strong><\/p>\n<ul class=\" wall-content\">\n<li>Terminus, arriv\u00e9e et d\u00e9part \u00e0 Villejean-Universit\u00e9 (ligne 52 vers Pac\u00e9\/Saint-Gilles).<\/li>\n<li>Arr\u00eats non desservis vers Rennes : Pont de Bretagne, R\u00e9publique, Charles-de-Gaulle.<\/li>\n<\/ul>\n<p class=\" wall-content\"><strong>Lignes 56\/156<\/strong><\/p>\n<ul class=\" wall-content\">\n<li>Terminus, arriv\u00e9e et d\u00e9part \u00e0 l\u2019arr\u00eat habituel Charles-de-Gaulle.<\/li>\n<li>Arr\u00eats non desservis vers Rennes : Pont de Bretagne, R\u00e9publique.<\/li>\n<\/ul>\n<p class=\" wall-content\"><strong>Lignes 67\/167<\/strong><\/p>\n<ul class=\" wall-content\">\n<li>Terminus arriv\u00e9e et d\u00e9part \u00e0 l\u2019arr\u00eat Beaulieu Universit\u00e9 de la ligne N4 vers R\u00e9publique.<\/li>\n<li>Arr\u00eats non desservis vers Rennes : Tournebride, Pileti\u00e8re, Moulin de Jou\u00e9, Robidou, Mus\u00e9e Beaux Arts, R\u00e9publique.<\/li>\n<\/ul>\n<p class=\" wall-content\"><strong>Ligne Touche Tizon<\/strong><\/p>\n<ul class=\" wall-content\">\n<li>L\u2019arr\u00eat R\u00e9publique est report\u00e9 \u00e0 Place Pasteur.<\/li>\n<li>L\u2019arr\u00eat Charles-de-Gaulle est report\u00e9 \u00e0 Gare Sud F\u00e9val.<\/li>\n<\/ul>\n<p class=\" wall-content\"><strong>Ligne Api\u2019Bus<\/strong><\/p>\n<p class=\" wall-content\">Les arr\u00eats R\u00e9publique et La Cri\u00e9e sont report\u00e9s \u00e0 Charles-de-Gaulle ou Colombier.<\/p>\n<p class=\" wall-content\"><strong>Navette Centre-Ville<\/strong><\/p>\n<p class=\" wall-content\">La Navette centre-ville ne circule pas.<\/p>\n<p class=\" wall-content\">Suivez toute l\u2019actualit\u00e9 de vos villes et m\u00e9dias favoris en vous inscrivant \u00e0 <a href=\"https:\/\/moncompte.actu.fr\" title=\"D\u00e9couvez Mon Actu\" rel=\"nofollow noopener\" data-trk=\"{&quot;cta&quot;:{&quot;action&quot;:&quot;https:\\\/\\\/moncompte.actu.fr&quot;,&quot;category&quot;:&quot;mon compte&quot;,&quot;from&quot;:&quot;article footer&quot;,&quot;name&quot;:&quot;Mon actu&quot;,&quot;type&quot;:&quot;cta&quot;}}\" target=\"_blank\">Mon Actu<\/a>.<\/p>\n","protected":false},"excerpt":{"rendered":"Par Laur\u00e8ne Fertin Publi\u00e9 le 25 juin 2025 \u00e0 6h02 Chaque ann\u00e9e, la Grande braderie de Rennes revient&hellip;\n","protected":false},"author":2,"featured_media":202325,"comment_status":"","ping_status":"","sticky":false,"template":"","format":"standard","meta":{"footnotes":""},"categories":[2821],"tags":[1111,11,829,1777,674,1011,27,12,584,25,5001,104],"class_list":{"0":"post-202324","1":"post","2":"type-post","3":"status-publish","4":"format-standard","5":"has-post-thumbnail","7":"category-rennes","8":"tag-actu","9":"tag-actualites","10":"tag-bretagne","11":"tag-eu","12":"tag-europe","13":"tag-fr","14":"tag-france","15":"tag-news","16":"tag-rennes","17":"tag-republique-francaise","18":"tag-reseau-star","19":"tag-societe"},"share_on_mastodon":{"url":"","error":""},"_links":{"self":[{"href":"https:\/\/www.europesays.com\/fr\/wp-json\/wp\/v2\/posts\/202324","targetHints":{"allow":["GET"]}}],"collection":[{"href":"https:\/\/www.europesays.com\/fr\/wp-json\/wp\/v2\/posts"}],"about":[{"href":"https:\/\/www.europesays.com\/fr\/wp-json\/wp\/v2\/types\/post"}],"author":[{"embeddable":true,"href":"https:\/\/www.europesays.com\/fr\/wp-json\/wp\/v2\/users\/2"}],"replies":[{"embeddable":true,"href":"https:\/\/www.europesays.com\/fr\/wp-json\/wp\/v2\/comments?post=202324"}],"version-history":[{"count":0,"href":"https:\/\/www.europesays.com\/fr\/wp-json\/wp\/v2\/posts\/202324\/revisions"}],"wp:featuredmedia":[{"embeddable":true,"href":"https:\/\/www.europesays.com\/fr\/wp-json\/wp\/v2\/media\/202325"}],"wp:attachment":[{"href":"https:\/\/www.europesays.com\/fr\/wp-json\/wp\/v2\/media?parent=202324"}],"wp:term":[{"taxonomy":"category","embeddable":true,"href":"https:\/\/www.europesays.com\/fr\/wp-json\/wp\/v2\/categories?post=202324"},{"taxonomy":"post_tag","embeddable":true,"href":"https:\/\/www.europesays.com\/fr\/wp-json\/wp\/v2\/tags?post=202324"}],"curies":[{"name":"wp","href":"https:\/\/api.w.org\/{rel}","templated":true}]}}