{"id":202326,"date":"2025-06-25T04:07:11","date_gmt":"2025-06-25T04:07:11","guid":{"rendered":"https:\/\/www.europesays.com\/fr\/202326\/"},"modified":"2025-06-25T04:07:11","modified_gmt":"2025-06-25T04:07:11","slug":"strasbourg-le-festival-des-arts-de-la-rue-fete-ses-dix-ans","status":"publish","type":"post","link":"https:\/\/www.europesays.com\/fr\/202326\/","title":{"rendered":"Strasbourg. Le Festival des arts de la rue f\u00eate ses dix ans"},"content":{"rendered":"<p>Dix ans, d\u00e9j\u00e0, qu\u2019il anime Strasbourg au c\u0153ur de l\u2019\u00e9t\u00e9\u00a0! <\/p>\n<p>Le FARSe, ce sont des textes de Shakespeare d\u00e9clam\u00e9s sous un soleil de plomb dans la cour de la Haute \u00e9cole des arts du Rhin\u00a0; un funambule entre les tours des Ponts couverts\u00a0; un d\u00e9luge de feu parc du Heyritz\u00a0; un d\u00e9fil\u00e9 d\u2019\u00e9l\u00e9phants rue des Grandes-Arcades\u00a0; un pas de deux militant place Grimmeissen\u2026 C\u2019est une place Kl\u00e9ber prise sous une jubilatoire temp\u00eate de plumes dont les participants se souviendront toute leur vie. Une kyrielle de moments po\u00e9tiques et\/ou acrobatiques, perch\u00e9s ou drolatiques, qui depuis une d\u00e9cennie, distillent une dose de culture, de surprises et de petits bonheurs avant les tracas de la rentr\u00e9e.<\/p>\n<p>  Plus de 50 spectacles arrivent en ville<\/p>\n<p>Les vendredi\u00a029, samedi\u00a030 et dimanche 31\u00a0ao\u00fbt, la 10e \u00e9dition du Festival des arts de la rue investira une nouvelle fois l\u2019espace public, invitant \u00e0 regarder autrement une place, un mur d\u2019immeuble, ou un poteau \u00e9lectrique. D\u00e9cal\u00e9 fin ao\u00fbt en 2024 pour cause de Jeux Olympiques de Paris, le FARSe conserve le m\u00eame calendrier pour le cru 2025. Avec plus de 50 repr\u00e9sentations annonc\u00e9es, il promet un moment unique, en dialogue direct avec les artistes.<\/p>\n<p>Gratuit et ouvert \u00e0 tous, l\u2019\u00e9v\u00e9nement port\u00e9 par Axel Goepfer, qui en signe pour la troisi\u00e8me fois la programmation artistique, veut faire \u00ab\u00a0Jubiler\u00a0\u00bb Strasbourgeois et visiteurs. \u00ab\u00a0Jubiler, c\u2019est bouillonner int\u00e9rieurement et rendre au FARSe toute l\u2019\u00e9motion qu\u2019il nous procure. Jubiler, c\u2019est laisser s\u2019exprimer la joie qui nous anime. Un jubil\u00e9 pour le FARSe, c\u2019est un arr\u00eat sur la ligne du temps, pour faire de cet anniversaire un moment particulier\u00a0\u00bb, \u00e9crit-il. <\/p>\n<p>Durant ce week-end organis\u00e9 et financ\u00e9 par la Ville, mais accompagn\u00e9 par plusieurs dizaines de b\u00e9n\u00e9voles, le FARSe accueillera des compagnies r\u00e9gionales, \u00e0 l\u2019image de La Chose publique (54) et de ses  Hurluberlus masqu\u00e9s qui entra\u00eeneront la foule dans le sillage de leur fanfare d\u00e9jant\u00e9e. Mais aussi nationales, avec Notre Insouciance, bas\u00e9e \u00e0 Saint-Maur-des-Foss\u00e9s (94)\u00a0; une compagnie \u00ab\u00a0au croisement de la recherche artistique contemporaine et des enjeux soci\u00e9taux\u00a0\u00bb qui fera Jouir (du nom de son spectacle) les spectateurs les 30 et 31\u00a0ao\u00fbt. Sans oublier la touche internationale, apport\u00e9e notamment par La Horde dans les Pav\u00e9s, un collectif d\u2019intervention acrobatique suisse qui accorde une grande place \u00e0 l\u2019improvisation. Vivement la fin ao\u00fbt\u00a0!<\/p>\n<p class=\"note\">FARSe, du 29 au 31\u00a0ao\u00fbt \u00e0 Strasbourg. Gratuit. Plus d\u2019infos\u00a0: <a href=\"https:\/\/ete.strasbourg.eu\/\" target=\"_blank\" rel=\"noopener\">ete.strasbourg.eu<\/a><\/p>\n","protected":false},"excerpt":{"rendered":"Dix ans, d\u00e9j\u00e0, qu\u2019il anime Strasbourg au c\u0153ur de l\u2019\u00e9t\u00e9\u00a0! Le FARSe, ce sont des textes de Shakespeare&hellip;\n","protected":false},"author":2,"featured_media":202327,"comment_status":"","ping_status":"","sticky":false,"template":"","format":"standard","meta":{"footnotes":""},"categories":[2820],"tags":[1111,11,1687,27337,1777,674,3326,1011,27,775,873,12,25,3140,640,2879],"class_list":{"0":"post-202326","1":"post","2":"type-post","3":"status-publish","4":"format-standard","5":"has-post-thumbnail","7":"category-strasbourg","8":"tag-actu","9":"tag-actualites","10":"tag-culture-loisirs","11":"tag-estivales","12":"tag-eu","13":"tag-europe","14":"tag-fete-locale","15":"tag-fr","16":"tag-france","17":"tag-grand-est","18":"tag-musique","19":"tag-news","20":"tag-republique-francaise","21":"tag-spectacle","22":"tag-strasbourg","23":"tag-strasbourg-ville"},"share_on_mastodon":{"url":"","error":""},"_links":{"self":[{"href":"https:\/\/www.europesays.com\/fr\/wp-json\/wp\/v2\/posts\/202326","targetHints":{"allow":["GET"]}}],"collection":[{"href":"https:\/\/www.europesays.com\/fr\/wp-json\/wp\/v2\/posts"}],"about":[{"href":"https:\/\/www.europesays.com\/fr\/wp-json\/wp\/v2\/types\/post"}],"author":[{"embeddable":true,"href":"https:\/\/www.europesays.com\/fr\/wp-json\/wp\/v2\/users\/2"}],"replies":[{"embeddable":true,"href":"https:\/\/www.europesays.com\/fr\/wp-json\/wp\/v2\/comments?post=202326"}],"version-history":[{"count":0,"href":"https:\/\/www.europesays.com\/fr\/wp-json\/wp\/v2\/posts\/202326\/revisions"}],"wp:featuredmedia":[{"embeddable":true,"href":"https:\/\/www.europesays.com\/fr\/wp-json\/wp\/v2\/media\/202327"}],"wp:attachment":[{"href":"https:\/\/www.europesays.com\/fr\/wp-json\/wp\/v2\/media?parent=202326"}],"wp:term":[{"taxonomy":"category","embeddable":true,"href":"https:\/\/www.europesays.com\/fr\/wp-json\/wp\/v2\/categories?post=202326"},{"taxonomy":"post_tag","embeddable":true,"href":"https:\/\/www.europesays.com\/fr\/wp-json\/wp\/v2\/tags?post=202326"}],"curies":[{"name":"wp","href":"https:\/\/api.w.org\/{rel}","templated":true}]}}