{"id":202328,"date":"2025-06-25T04:08:10","date_gmt":"2025-06-25T04:08:10","guid":{"rendered":"https:\/\/www.europesays.com\/fr\/202328\/"},"modified":"2025-06-25T04:08:10","modified_gmt":"2025-06-25T04:08:10","slug":"ete-multiple-pour-tous-les-publics","status":"publish","type":"post","link":"https:\/\/www.europesays.com\/fr\/202328\/","title":{"rendered":"\u00e9t\u00e9 multiple pour tous les publics"},"content":{"rendered":"<p>La place du Ch\u00e2teau accueille chaque ann\u00e9e la vitrine de cette programmation. Apr\u00e8s l\u2019installation Pages Blanches de l\u2019an dernier qui c\u00e9l\u00e9brait le livre \u00e0 travers de grandes toiles tendues, le dispositif de 2025 sera \u00e0 nouveau une exp\u00e9rience immersive, cette fois sur le th\u00e8me de la for\u00eat. Et r\u00e9pondant au doux nom de Der Wald\/La for\u00eat\/The wood.<\/p>\n<p>La sc\u00e9nographie originale au milieu d\u2019arbres artificiels et de parterres de plantes sera une invitation \u00e0 ralentir et se reconnecter. Pour se poser en journ\u00e9e ou profiter de la mise en lumi\u00e8re f\u00e9erique du lieu le soir. Des temps forts de musique, de danse et autres animations transformeront ponctuellement l\u2019espace (qui comprend aussi une sc\u00e8ne) en lieu d\u2019expressions artistiques et de rencontre. L\u2019ouverture officielle se fera le 5\u00a0juillet avec un concert de la chorale Sankofa Unit \u00e0 21\u00a0h.<\/p>\n<p>Apr\u00e8s le d\u00e9marrage officiel de l\u2019\u00e9t\u00e9 avec le gros raout de la f\u00eate de la musique, de nombreux concerts rythmeront la programmation. L\u2019incontournable sera \u00e0 nouveau la Symphonie des arts du 27 au 30\u00a0juin. Pour cette derni\u00e8re, le philharmonique de Strasbourg dirig\u00e9 par Aziz Shokhakimov reviendra au jardin des Deux-Rives le samedi soir avec les plus beaux airs d\u2019op\u00e9ra.<\/p>\n<p>Le kiosque du parc des Contades accueillera tous les dimanches de juin \u00e0 17\u00a0h des concerts plus intimistes. Autre lieu, autre ambiance\u00a0: les concerts de musique traditionnelle alsacienne seront au centre-ville du 30\u00a0juin au 20\u00a0ao\u00fbt (du lundi au mercredi \u00e0 20\u00a0h). Compl\u00e9t\u00e9s par les prestations des groupes folkloriques, tous les dimanches \u00e0 10\u00a0h\u00a030 (du 29\u00a0juin au 17\u00a0ao\u00fbt) sur la place Gutenberg.<\/p>\n<p>C\u00f4t\u00e9 culture encore, des ateliers ou visites guid\u00e9es des mus\u00e9es, une programmation de spectacles jeune public et\/ou familiaux aux deux TAPS Laiterie et Scala, (programmation compl\u00e8te sur https:\/\/taps.strasbourg.eu) mais \u00e9galement au kiosque du parc des Contades les mercredis de juillet et d\u00e9but ao\u00fbt devraient satisfaire tous les publics.<\/p>\n<p>  Un bassin mobile pour apprendre \u00e0 nager<\/p>\n<p>Cette offre multiple est autant destin\u00e9e aux touristes qu\u2019aux habitants de tout le territoire. C\u2019est pourquoi des spectacles font le chemin vers les quartiers, comme, en juillet, la tourn\u00e9e des cr\u00e8ches et lieux d\u2019accueil parents enfants (LAPE) du spectacle Cache Cach\u00e9 pour les petits \u00e0 partir d\u2019un an. Ce d\u00e9ploiement en forme de tourn\u00e9e sera valable aussi pour les interventions de l\u2019association Arachnima et ses ateliers artistiques, scientifiques, sportifs et ludiques au pied des immeubles au parc de la Bergerie, \u00e0 la cit\u00e9 Amp\u00e8re ou au Hohberg.<\/p>\n<p>Le volet sportif des animations investira les trois plaines sportives de la ville. Du 9\u00a0juillet au 24\u00a0ao\u00fbt des activit\u00e9s pour enfants, adolescents, de fitness et zen ainsi que des tournois pour tous publics seront dans cette offre. En d\u00e9tail, rendez-vous est fix\u00e9 au Baggersee du mercredi au dimanche de 14\u00a0h\u00a030 \u00e0 17\u00a0h\u00a045. \u00c0 la plaine sportive de Hautepierre (parc des Sports) du mercredi au vendredi de 16\u00a0h \u00e0 21\u00a0h, les samedis et dimanches de 10\u00a0h \u00e0 21\u00a0h. \u00c0 la Citadelle, les mercredis, jeudis, samedis de 14\u00a0h \u00e0 17\u00a0h, les vendredis et dimanches de 10\u00a0h \u00e0 17\u00a0h.<\/p>\n<p>On mettra encore en avant la tourn\u00e9e du bassin mobile Carava\u2019nage pour familiariser les 4-6 ans non nageurs au milieu aquatique. Le dispositif et ses animateurs seront \u00e0 la Wantzenau du 7 au 18\u00a0juillet, \u00e0 Plobsheim du 21\u00a0juillet au 1er\u00a0ao\u00fbt, \u00e0 Strasbourg Neufeld du 4 au 15\u00a0ao\u00fbt et \u00e0 Oberschaeffolsheim du 18 au 29\u00a0ao\u00fbt.<\/p>\n<p>Reste \u00e0 \u00e9voquer l\u2019ouverture au grand public de six cours d\u2019\u00e9cole v\u00e9g\u00e9talis\u00e9es du 7\u00a0juillet au 24\u00a0ao\u00fbt pour que chacune et chacun puisse profiter de ces \u00eelots de fra\u00eecheur. Sont concern\u00e9s la Canardi\u00e8re, L\u00e9onard de Vinci, Albert le Grand, Schoepflin, Louvois et l\u2019\u00e9cole Langevin. Tables de pique-nique, cabanes, transats et activit\u00e9s sportives seront \u00e0 disposition. Ainsi que des jeux pour tous les go\u00fbts\u00a0: mikado, craies g\u00e9antes, molky, raquettes de badminton\u2026<\/p>\n<p class=\"note\">Plus de d\u00e9tails en ligne sur https:\/\/ete.strasbourg.eu. Lire \u00e9galement en page\u00a06 trois propositions sp\u00e9cifiques de cette programmation estivale.<\/p>\n","protected":false},"excerpt":{"rendered":"La place du Ch\u00e2teau accueille chaque ann\u00e9e la vitrine de cette programmation. Apr\u00e8s l\u2019installation Pages Blanches de l\u2019an&hellip;\n","protected":false},"author":2,"featured_media":202329,"comment_status":"","ping_status":"","sticky":false,"template":"","format":"standard","meta":{"footnotes":""},"categories":[2820],"tags":[1111,11,1687,27337,1777,674,1011,27,775,873,12,2661,25,3140,640,2879],"class_list":{"0":"post-202328","1":"post","2":"type-post","3":"status-publish","4":"format-standard","5":"has-post-thumbnail","7":"category-strasbourg","8":"tag-actu","9":"tag-actualites","10":"tag-culture-loisirs","11":"tag-estivales","12":"tag-eu","13":"tag-europe","14":"tag-fr","15":"tag-france","16":"tag-grand-est","17":"tag-musique","18":"tag-news","19":"tag-patrimoine-culturel","20":"tag-republique-francaise","21":"tag-spectacle","22":"tag-strasbourg","23":"tag-strasbourg-ville"},"share_on_mastodon":{"url":"","error":""},"_links":{"self":[{"href":"https:\/\/www.europesays.com\/fr\/wp-json\/wp\/v2\/posts\/202328","targetHints":{"allow":["GET"]}}],"collection":[{"href":"https:\/\/www.europesays.com\/fr\/wp-json\/wp\/v2\/posts"}],"about":[{"href":"https:\/\/www.europesays.com\/fr\/wp-json\/wp\/v2\/types\/post"}],"author":[{"embeddable":true,"href":"https:\/\/www.europesays.com\/fr\/wp-json\/wp\/v2\/users\/2"}],"replies":[{"embeddable":true,"href":"https:\/\/www.europesays.com\/fr\/wp-json\/wp\/v2\/comments?post=202328"}],"version-history":[{"count":0,"href":"https:\/\/www.europesays.com\/fr\/wp-json\/wp\/v2\/posts\/202328\/revisions"}],"wp:featuredmedia":[{"embeddable":true,"href":"https:\/\/www.europesays.com\/fr\/wp-json\/wp\/v2\/media\/202329"}],"wp:attachment":[{"href":"https:\/\/www.europesays.com\/fr\/wp-json\/wp\/v2\/media?parent=202328"}],"wp:term":[{"taxonomy":"category","embeddable":true,"href":"https:\/\/www.europesays.com\/fr\/wp-json\/wp\/v2\/categories?post=202328"},{"taxonomy":"post_tag","embeddable":true,"href":"https:\/\/www.europesays.com\/fr\/wp-json\/wp\/v2\/tags?post=202328"}],"curies":[{"name":"wp","href":"https:\/\/api.w.org\/{rel}","templated":true}]}}