{"id":202336,"date":"2025-06-25T04:13:12","date_gmt":"2025-06-25T04:13:12","guid":{"rendered":"https:\/\/www.europesays.com\/fr\/202336\/"},"modified":"2025-06-25T04:13:12","modified_gmt":"2025-06-25T04:13:12","slug":"dylan-van-eyck-nouvelle-recrue-du-nbh-pour-2025-26","status":"publish","type":"post","link":"https:\/\/www.europesays.com\/fr\/202336\/","title":{"rendered":"Dylan Van Eyck, nouvelle recrue du NBH pour 2025-26 !"},"content":{"rendered":"<p><strong>Le Nantes Basket Hermine a le plaisir d\u2019annoncer la signature du hollandais Dylan Van Eyck (2,03m\u00a0; 27 ans) pour la saison 2025-2026. L\u2019ailier fort, pass\u00e9 par les championnats italien, danois et espagnol ces derni\u00e8res saisons, vient compl\u00e9ter l\u2019effectif nantais avec toute sa polyvalence et son intelligence de jeu.<\/strong><\/p>\n<p>Form\u00e9 aux \u00c9tats-Unis au sein de Iona University (NCAA), Dylan Van Eyck a ensuite poursuivi sa carri\u00e8re professionnelle en Europe\u00a0: Umana Chiusi (Italie), Juaristi ISB (Espagne), Svendborg Rabbits (Danemark) et Cartagena (Espagne). Appr\u00e9ci\u00e9 pour sa polyvalence, sa rigueur d\u00e9fensive et sa capacit\u00e9 \u00e0 faire vivre le ballon, il peut \u00e9voluer sur les postes 3 et 4, avec un profil moderne et mobile.<\/p>\n<p>Cette arriv\u00e9e s\u2019inscrit dans la volont\u00e9 du club de renforcer l\u2019\u00e9quipe avec un joueur exp\u00e9riment\u00e9, collectif et capable de s\u2019adapter aux exigences de la Pro B. Dylan Van Eyck rejoindra Nantes \u00e0 la reprise de l\u2019entra\u00eenement pr\u00e9vue d\u00e9but ao\u00fbt.<\/p>\n<p><strong>R\u00e9my Valin, Coach du Nantes Basket Hermine\u00a0:<\/strong><\/p>\n<blockquote class=\"wp-block-quote is-layout-flow wp-block-quote-is-layout-flow\">\n<p>\u00ab Nous sommes ravis d\u2019accueillir Dylan dans notre effectif l\u2019ann\u00e9e prochaine au poste 4\/3. Apr\u00e8s un bon cursus universitaire o\u00f9 il a eu Rick Pitino comme coach \u00e0 Iona\u00a0; il a r\u00e9alis\u00e9 en 23\/24 une tr\u00e8s grosse saison individuelle, avant de poser ses valises la saison derni\u00e8re dans le club de Cartagena, club surprise de cette saison en Espagne. Club qui a pouss\u00e9 S\u00e9ville (vainqueur des playoffs) au match 5 en 1\/4 de finale, au cours duquel Dylan a jou\u00e9 un vrai r\u00f4le.<br \/>Dylan est un joueur athl\u00e9tique et surtout cr\u00e9atif, qui peut jouer sur plusieurs positions et faire beaucoup de choses sur le terrain balle en main (il a beaucoup pratiqu\u00e9 le 3\u00d73 en \u00e9quipe nationale hollandaise). Sa qualit\u00e9 de passe est l\u2019une de ses principales armes, il est d\u00e9crit par ses ex-coachs comme un booster dans une \u00e9quipe. Gr\u00e2ce \u00e0 son jeu et sa personnalit\u00e9, il sera un des \u00e9l\u00e9ments moteurs de notre \u00e9quipe pour la saison prochaine. \u00bb<\/p>\n<\/blockquote>\n<p><strong>Dylan Van Eyck :<\/strong> <\/p>\n<blockquote class=\"wp-block-quote is-layout-flow wp-block-quote-is-layout-flow\">\n<p>\u00ab\u00a0Je suis tr\u00e8s heureux de venir \u00e0 Nantes. J\u2019ai entendu beaucoup de bien de la ville, de l\u2019\u00e9quipe et des supporters. J\u2019ai h\u00e2te de venir vivre cette exp\u00e9rience et de vivre une saison exceptionnelle. \u00bb<\/p>\n<\/blockquote>\n","protected":false},"excerpt":{"rendered":"Le Nantes Basket Hermine a le plaisir d\u2019annoncer la signature du hollandais Dylan Van Eyck (2,03m\u00a0; 27 ans)&hellip;\n","protected":false},"author":2,"featured_media":202337,"comment_status":"","ping_status":"","sticky":false,"template":"","format":"standard","meta":{"footnotes":""},"categories":[2818],"tags":[1111,11,1465,34171,1777,674,1011,27,34172,3145,766,34173,12,2636,25,34174],"class_list":{"0":"post-202336","1":"post","2":"type-post","3":"status-publish","4":"format-standard","5":"has-post-thumbnail","7":"category-nantes","8":"tag-actu","9":"tag-actualites","10":"tag-basket","11":"tag-elite2","12":"tag-eu","13":"tag-europe","14":"tag-fr","15":"tag-france","16":"tag-hermine","17":"tag-lnb","18":"tag-nantes","19":"tag-nbh","20":"tag-news","21":"tag-pays-de-la-loire","22":"tag-republique-francaise","23":"tag-van-eycke"},"share_on_mastodon":{"url":"https:\/\/pubeurope.com\/@fr\/114742060975039086","error":""},"_links":{"self":[{"href":"https:\/\/www.europesays.com\/fr\/wp-json\/wp\/v2\/posts\/202336","targetHints":{"allow":["GET"]}}],"collection":[{"href":"https:\/\/www.europesays.com\/fr\/wp-json\/wp\/v2\/posts"}],"about":[{"href":"https:\/\/www.europesays.com\/fr\/wp-json\/wp\/v2\/types\/post"}],"author":[{"embeddable":true,"href":"https:\/\/www.europesays.com\/fr\/wp-json\/wp\/v2\/users\/2"}],"replies":[{"embeddable":true,"href":"https:\/\/www.europesays.com\/fr\/wp-json\/wp\/v2\/comments?post=202336"}],"version-history":[{"count":0,"href":"https:\/\/www.europesays.com\/fr\/wp-json\/wp\/v2\/posts\/202336\/revisions"}],"wp:featuredmedia":[{"embeddable":true,"href":"https:\/\/www.europesays.com\/fr\/wp-json\/wp\/v2\/media\/202337"}],"wp:attachment":[{"href":"https:\/\/www.europesays.com\/fr\/wp-json\/wp\/v2\/media?parent=202336"}],"wp:term":[{"taxonomy":"category","embeddable":true,"href":"https:\/\/www.europesays.com\/fr\/wp-json\/wp\/v2\/categories?post=202336"},{"taxonomy":"post_tag","embeddable":true,"href":"https:\/\/www.europesays.com\/fr\/wp-json\/wp\/v2\/tags?post=202336"}],"curies":[{"name":"wp","href":"https:\/\/api.w.org\/{rel}","templated":true}]}}