{"id":202340,"date":"2025-06-25T04:15:16","date_gmt":"2025-06-25T04:15:16","guid":{"rendered":"https:\/\/www.europesays.com\/fr\/202340\/"},"modified":"2025-06-25T04:15:16","modified_gmt":"2025-06-25T04:15:16","slug":"mercato-les-girondins-tiennent-leur-premiere-recrue","status":"publish","type":"post","link":"https:\/\/www.europesays.com\/fr\/202340\/","title":{"rendered":"Mercato : les Girondins tiennent leur premi\u00e8re recrue"},"content":{"rendered":"<p><img decoding=\"async\" src=\"https:\/\/www.europesays.com\/fr\/wp-content\/uploads\/2025\/06\/671_fbadce814885927d65626f0fbf68c20f.jpg\" alt=\"Mercato : les Girondins tiennent leur premi\u00e8re recrue\" class=\"img-responsive mt-3\"\/><\/p>\n<p class=\"text-center mb-3\" style=\"font-size: 14px\">\u00a9 Iconsport<\/p>\n<p><strong>Un attaquant de N2<\/strong><\/p>\n<p style=\"text-align: justify;\">Le site Ici Gironde annonce que Bordeaux va faire signer Mathieu Villette, un attaquant de 24 ans. La saison pass\u00e9e, il a jou\u00e9 et perform\u00e9 \u00e0 La Roche Vend\u00e9e. Il a inscrit 20 buts en 35 matchs toutes comp\u00e9titions confondues, dont 16 en championnat, ce qui fait de lui le deuxi\u00e8me meilleur buteur du groupe B.<\/p>\n<p style=\"text-align: justify;\">Avant de rejoindre La Roche, Mathieu Villette \u00e9voluait au Tours FC, o\u00f9 il avait marqu\u00e9 19 buts en 27 matchs.<\/p>\n<p style=\"text-align: justify;\">Selon Cl\u00e9ment Carpentier, l\u2019attaquant fran\u00e7ais passera sa visite m\u00e9dicale ce mercredi.<\/p>\n<p style=\"text-align: justify;\">\u00a0<\/p>\n<blockquote class=\"twitter-tweet\">\n<p dir=\"ltr\" lang=\"fr\">\u26bd\ufe0f Info <a href=\"https:\/\/twitter.com\/ici_gironde?ref_src=twsrc%5Etfw\" target=\"_blank\" rel=\"noopener\">@ici_gironde<\/a> <br \/>Mathieu Villette, attaquant de La Roche Vend\u00e9e (20 buts en 35 matchs cette saison), sera la premi\u00e8re recrue des <a href=\"https:\/\/twitter.com\/girondins?ref_src=twsrc%5Etfw\" target=\"_blank\" rel=\"noopener\">@girondins<\/a> ! Il passera sa visite m\u00e9dicale ce mercredi avant de s\u2019engager avec les Marine et Blanc.<\/p>\n<p>\u2014 Clement Carpentier (@clementcarpet) <a href=\"https:\/\/twitter.com\/clementcarpet\/status\/1937579795476320737?ref_src=twsrc%5Etfw\" target=\"_blank\" rel=\"noopener\">June 24, 2025<\/a>\n<\/p><\/blockquote>\n<p>\u00c0 lire &gt;&gt; <strong><a href=\"https:\/\/www.webgirondins.com\/actualite-girondins-girondins-gerard-lopez-sur-place-a-la-dncg-mais-plusieurs-clubs-pourraient-saisir-la-fifa-129535\" target=\"_blank\" rel=\"noopener\">Girondins : G\u00e9rard Lopez sur place \u00e0 la DNCG, mais plusieurs clubs pourraient saisir la FIFA<\/a><\/strong><\/p>\n<p>\u00a0<\/p>\n<p>    <script async src=\"https:\/\/platform.twitter.com\/widgets.js\" charset=\"utf-8\"><\/script><\/p>\n","protected":false},"excerpt":{"rendered":"\u00a9 Iconsport Un attaquant de N2 Le site Ici Gironde annonce que Bordeaux va faire signer Mathieu Villette,&hellip;\n","protected":false},"author":2,"featured_media":183902,"comment_status":"","ping_status":"","sticky":false,"template":"","format":"standard","meta":{"footnotes":""},"categories":[2817],"tags":[1111,11,150,34177,1997,34178,16162,18637,29859,6596,9399,1777,674,1011,27,34176,1987,2705,34175,3289,1434,12,2219,10936,471,3051,30328,25,3242,13544,13129],"class_list":{"0":"post-202340","1":"post","2":"type-post","3":"status-publish","4":"format-standard","5":"has-post-thumbnail","7":"category-bordeaux","8":"tag-actu","9":"tag-actualites","10":"tag-apres","11":"tag-atteler","12":"tag-bordeaux","13":"tag-constituer","14":"tag-departs","15":"tag-desormais","16":"tag-dizaine","17":"tag-enfin","18":"tag-etapes","19":"tag-eu","20":"tag-europe","21":"tag-fr","22":"tag-france","23":"tag-franchies","24":"tag-girondins","25":"tag-groupe","26":"tag-juridiques","27":"tag-leur","28":"tag-mercato","29":"tag-news","30":"tag-nouvelle-aquitaine","31":"tag-peuvent","32":"tag-pour","33":"tag-premiere","34":"tag-recrue","35":"tag-republique-francaise","36":"tag-saison","37":"tag-tiennent","38":"tag-venir"},"share_on_mastodon":{"url":"https:\/\/pubeurope.com\/@fr\/114742068741335332","error":""},"_links":{"self":[{"href":"https:\/\/www.europesays.com\/fr\/wp-json\/wp\/v2\/posts\/202340","targetHints":{"allow":["GET"]}}],"collection":[{"href":"https:\/\/www.europesays.com\/fr\/wp-json\/wp\/v2\/posts"}],"about":[{"href":"https:\/\/www.europesays.com\/fr\/wp-json\/wp\/v2\/types\/post"}],"author":[{"embeddable":true,"href":"https:\/\/www.europesays.com\/fr\/wp-json\/wp\/v2\/users\/2"}],"replies":[{"embeddable":true,"href":"https:\/\/www.europesays.com\/fr\/wp-json\/wp\/v2\/comments?post=202340"}],"version-history":[{"count":0,"href":"https:\/\/www.europesays.com\/fr\/wp-json\/wp\/v2\/posts\/202340\/revisions"}],"wp:featuredmedia":[{"embeddable":true,"href":"https:\/\/www.europesays.com\/fr\/wp-json\/wp\/v2\/media\/183902"}],"wp:attachment":[{"href":"https:\/\/www.europesays.com\/fr\/wp-json\/wp\/v2\/media?parent=202340"}],"wp:term":[{"taxonomy":"category","embeddable":true,"href":"https:\/\/www.europesays.com\/fr\/wp-json\/wp\/v2\/categories?post=202340"},{"taxonomy":"post_tag","embeddable":true,"href":"https:\/\/www.europesays.com\/fr\/wp-json\/wp\/v2\/tags?post=202340"}],"curies":[{"name":"wp","href":"https:\/\/api.w.org\/{rel}","templated":true}]}}