{"id":202352,"date":"2025-06-25T04:23:10","date_gmt":"2025-06-25T04:23:10","guid":{"rendered":"https:\/\/www.europesays.com\/fr\/202352\/"},"modified":"2025-06-25T04:23:10","modified_gmt":"2025-06-25T04:23:10","slug":"le-lyon-street-food-festival-cest-parti-des-ce-mercredi","status":"publish","type":"post","link":"https:\/\/www.europesays.com\/fr\/202352\/","title":{"rendered":"le Lyon street food festival, c\u2019est parti d\u00e8s ce mercredi"},"content":{"rendered":"<p>Les foodies ont rendez-vous \u00e0 partir de ce mercredi soir (un jour de plus que lors des pr\u00e9c\u00e9dentes \u00e9ditions) aux Grandes Locos d\u2019Oullins-la-Mulati\u00e8re pour <a href=\"https:\/\/www.leprogres.fr\/magazine-cuisine-et-vins\/2025\/05\/22\/cuisine-musique-et-culture-le-menu-du-9e-lyon-street-food-festival-s-annonce-caliente\" target=\"_blank\" rel=\"noopener\"> la 9e\u00a0\u00e9dition du Lyon street food festival<\/a>. Au programme\u00a0: de la \u00ab\u00a0food\u00a0\u00bb bien s\u00fbr, 130 chef (fe) s et p\u00e2tissier(e) s, des concerts, des ateliers (gratuits)\u2026<\/p>\n<p>L\u2019an dernier, 52\u00a0000 festivaliers \u00e9taient au rendez-vous.<\/p>\n<p>  Philippe Etchebest en guest et en concert<\/p>\n<p>De mercredi \u00e0 vendredi, l\u2019\u00e9v\u00e9nement aura lieu en soir\u00e9e (et en journ\u00e9e, aussi, le week-end). La premi\u00e8re sera inaugur\u00e9e par le groupe Chef &amp; The Gang (du chef Philippe Etchebest), et c\u00f4t\u00e9 fourneaux, on note la pr\u00e9sence de J\u00e9r\u00e9my Galvan, Pierre Sang, Florent Ladeyn, L\u00e9o Troisgros et Lisa Roche,\u00a0etc.<\/p>\n<p>Les jours suivants\u00a0: FFF (jeudi), Kiddy Smile (vendredi) sur sc\u00e8ne\u2026 Attention, si certains chefs sont pr\u00e9sents les cinq jours, d\u2019autres ne le sont pas en permanence.<\/p>\n<p>Deux destinations sont plus particuli\u00e8rement \u00e0 l\u2019honneur\u00a0: le Br\u00e9sil et l\u2019Irlande.<\/p>\n<p class=\"note\">Lyon street food festival, du mercredi\u00a025 au dimanche 29\u00a0juin, aux Grandes Locos d\u2019Oullins-La Mulati\u00e8re (10, rue Gabriel-P\u00e9ri). Pass 1 jour\u00a0: 10\u00a0\u20ac (5\u00a0\u20ac pour les enfants de 8 \u00e0 14 ans), 8\u00a0\u20ac en pr\u00e9vente. Mer, jeu et ven de 18\u00a0h \u00e0 minuit, sam de 11\u00a0h \u00e0 minuit et dimanche de 11\u00a0h \u00e0 22\u00a0h\u00a030. Sur place\u00a0: paiement cashless et street food \u00e0 partir de 5\u00a0\u20ac. Site, programme complet et billetterie\u00a0: <a href=\"https:\/\/lyonstreetfoodfestival.com\/\" target=\"_blank\" rel=\"noopener\"> lyonstreetfoodfestival.com<\/a><\/p>\n","protected":false},"excerpt":{"rendered":"Les foodies ont rendez-vous \u00e0 partir de ce mercredi soir (un jour de plus que lors des pr\u00e9c\u00e9dentes&hellip;\n","protected":false},"author":2,"featured_media":202353,"comment_status":"","ping_status":"","sticky":false,"template":"","format":"standard","meta":{"footnotes":""},"categories":[1889],"tags":[1111,11,2430,1687,3154,1777,674,107,1685,1011,27,2428,34179,6016,12,15665,15666,25,2429],"class_list":{"0":"post-202352","1":"post","2":"type-post","3":"status-publish","4":"format-standard","5":"has-post-thumbnail","7":"category-lyon","8":"tag-actu","9":"tag-actualites","10":"tag-auvergne-rhone-alpes","11":"tag-culture-loisirs","12":"tag-edition-sud-lyonnais","13":"tag-eu","14":"tag-europe","15":"tag-fil-info","16":"tag-foire-et-salon","17":"tag-fr","18":"tag-france","19":"tag-lyon","20":"tag-lyon-street-food-festival","21":"tag-magazine-cuisine-et-vins","22":"tag-news","23":"tag-oullins-pierre-benite","24":"tag-oullins-ville","25":"tag-republique-francaise","26":"tag-rhone"},"share_on_mastodon":{"url":"https:\/\/pubeurope.com\/@fr\/114742100583851259","error":""},"_links":{"self":[{"href":"https:\/\/www.europesays.com\/fr\/wp-json\/wp\/v2\/posts\/202352","targetHints":{"allow":["GET"]}}],"collection":[{"href":"https:\/\/www.europesays.com\/fr\/wp-json\/wp\/v2\/posts"}],"about":[{"href":"https:\/\/www.europesays.com\/fr\/wp-json\/wp\/v2\/types\/post"}],"author":[{"embeddable":true,"href":"https:\/\/www.europesays.com\/fr\/wp-json\/wp\/v2\/users\/2"}],"replies":[{"embeddable":true,"href":"https:\/\/www.europesays.com\/fr\/wp-json\/wp\/v2\/comments?post=202352"}],"version-history":[{"count":0,"href":"https:\/\/www.europesays.com\/fr\/wp-json\/wp\/v2\/posts\/202352\/revisions"}],"wp:featuredmedia":[{"embeddable":true,"href":"https:\/\/www.europesays.com\/fr\/wp-json\/wp\/v2\/media\/202353"}],"wp:attachment":[{"href":"https:\/\/www.europesays.com\/fr\/wp-json\/wp\/v2\/media?parent=202352"}],"wp:term":[{"taxonomy":"category","embeddable":true,"href":"https:\/\/www.europesays.com\/fr\/wp-json\/wp\/v2\/categories?post=202352"},{"taxonomy":"post_tag","embeddable":true,"href":"https:\/\/www.europesays.com\/fr\/wp-json\/wp\/v2\/tags?post=202352"}],"curies":[{"name":"wp","href":"https:\/\/api.w.org\/{rel}","templated":true}]}}