{"id":202359,"date":"2025-06-25T04:28:09","date_gmt":"2025-06-25T04:28:09","guid":{"rendered":"https:\/\/www.europesays.com\/fr\/202359\/"},"modified":"2025-06-25T04:28:09","modified_gmt":"2025-06-25T04:28:09","slug":"il-ne-reste-que-des-fast-foods-et-des-magasins-discounts-comment-faire-revivre-le-boulevard-saint-michel","status":"publish","type":"post","link":"https:\/\/www.europesays.com\/fr\/202359\/","title":{"rendered":"\u00ab\u00a0Il ne reste que des fast-foods et des magasins discounts\u00a0\u00bb\u00a0: comment faire revivre le boulevard Saint-Michel ?"},"content":{"rendered":"<p class=\"paragraph text_align_left lp-f-body-02\">En observant par la porte vitr\u00e9e du <a href=\"https:\/\/www.leparisien.fr\/paris-75\/paris-75005\/le-petit-journal-saint-michel-un-temple-du-jazz-a-proteger-a-paris-13-05-2016-5793533.php\" target=\"_blank\" rel=\"noreferrer nofollow noopener\">Petit Journal Saint-Michel<\/a> (Ve), les derniers instants de vie de ce c\u00e9l\u00e8bre jazz club parisien situ\u00e9 face au <a href=\"https:\/\/www.leparisien.fr\/paris-75\/le-jardin-du-luxembourg-un-lieu-tres-chic-plebiscite-par-les-parisiens-comme-par-les-touristes-12-08-2022-LXQNZKPS25HWPJGHBRVGKY7URY.php\" target=\"_blank\" rel=\"noreferrer nofollow noopener\">jardin du Luxembourg<\/a> se devinent : des affiches de concerts placard\u00e9es, du mobilier encore en place, quelques m\u00e9gots qui tra\u00eenent.<\/p>\n<p class=\"paragraph text_align_left lp-f-body-02\">En d\u00e9but d\u2019ann\u00e9e, ce cabaret tr\u00e8s appr\u00e9ci\u00e9 des amateurs de jazz mais en proie \u00e0 de lourdes difficult\u00e9s financi\u00e8res a discr\u00e8tement fait ses adieux, \u00e0 contrec\u0153ur.<\/p>\n","protected":false},"excerpt":{"rendered":"En observant par la porte vitr\u00e9e du Petit Journal Saint-Michel (Ve), les derniers instants de vie de ce&hellip;\n","protected":false},"author":2,"featured_media":202360,"comment_status":"","ping_status":"","sticky":false,"template":"","format":"standard","meta":{"footnotes":""},"categories":[1888],"tags":[11,1777,674,1011,27,1944,12,626,25],"class_list":{"0":"post-202359","1":"post","2":"type-post","3":"status-publish","4":"format-standard","5":"has-post-thumbnail","7":"category-paris","8":"tag-actualites","9":"tag-eu","10":"tag-europe","11":"tag-fr","12":"tag-france","13":"tag-ma-ville","14":"tag-news","15":"tag-paris","16":"tag-republique-francaise"},"share_on_mastodon":{"url":"https:\/\/pubeurope.com\/@fr\/114742119892151557","error":""},"_links":{"self":[{"href":"https:\/\/www.europesays.com\/fr\/wp-json\/wp\/v2\/posts\/202359","targetHints":{"allow":["GET"]}}],"collection":[{"href":"https:\/\/www.europesays.com\/fr\/wp-json\/wp\/v2\/posts"}],"about":[{"href":"https:\/\/www.europesays.com\/fr\/wp-json\/wp\/v2\/types\/post"}],"author":[{"embeddable":true,"href":"https:\/\/www.europesays.com\/fr\/wp-json\/wp\/v2\/users\/2"}],"replies":[{"embeddable":true,"href":"https:\/\/www.europesays.com\/fr\/wp-json\/wp\/v2\/comments?post=202359"}],"version-history":[{"count":0,"href":"https:\/\/www.europesays.com\/fr\/wp-json\/wp\/v2\/posts\/202359\/revisions"}],"wp:featuredmedia":[{"embeddable":true,"href":"https:\/\/www.europesays.com\/fr\/wp-json\/wp\/v2\/media\/202360"}],"wp:attachment":[{"href":"https:\/\/www.europesays.com\/fr\/wp-json\/wp\/v2\/media?parent=202359"}],"wp:term":[{"taxonomy":"category","embeddable":true,"href":"https:\/\/www.europesays.com\/fr\/wp-json\/wp\/v2\/categories?post=202359"},{"taxonomy":"post_tag","embeddable":true,"href":"https:\/\/www.europesays.com\/fr\/wp-json\/wp\/v2\/tags?post=202359"}],"curies":[{"name":"wp","href":"https:\/\/api.w.org\/{rel}","templated":true}]}}