{"id":202361,"date":"2025-06-25T04:29:09","date_gmt":"2025-06-25T04:29:09","guid":{"rendered":"https:\/\/www.europesays.com\/fr\/202361\/"},"modified":"2025-06-25T04:29:09","modified_gmt":"2025-06-25T04:29:09","slug":"ce-quartier-chic-de-paris-pose-des-limites-aux-nuisances-des-livraisons-a-domicile","status":"publish","type":"post","link":"https:\/\/www.europesays.com\/fr\/202361\/","title":{"rendered":"ce quartier chic de Paris pose des limites aux nuisances des livraisons \u00e0 domicile"},"content":{"rendered":"<p>            Par<br \/>\n        <strong><br \/>\n            <a href=\"https:\/\/actu.fr\/auteur\/joel-nandjui\" title=\"Consulter tous les articles de Joel Nandjui\" rel=\"nofollow noopener\" target=\"_blank\">Joel Nandjui<\/a><br \/>\n        <\/strong><\/p>\n<p>        Publi\u00e9 le<\/p>\n<p>            25 juin 2025 \u00e0 6h18        <\/p>\n<p>Les livreurs sont apparus dans le paysage urbain en m\u00eame temps que l\u2019\u00e9closion des plateformes de livraison. Dans le <a href=\"https:\/\/actu.fr\/ile-de-france\/paris_75056\/pietonnisation-de-la-place-du-trocadero-le-maire-du-16e-arrondissement-de-paris-riposte-a-anne-hidalgo_62055482.html\" rel=\"nofollow noopener\" target=\"_blank\">16e arrondissement de Paris, <\/a>adoss\u00e9s \u00e0 leurs scooters ou \u00e0 des<a href=\"https:\/\/actu.fr\/ile-de-france\/les-lilas_93045\/aux-lilas-les-velos-en-libre-service-lime-peuvent-enfin-franchir-le-peripherique_62679062.html\" rel=\"nofollow noopener\" target=\"_blank\"> v\u00e9los \u00e9lectriques<\/a>, ils patientent aux abords des grandes avenues, attendant qu\u2019une commande \u00e0 livrer leur soit assign\u00e9e. Leur pr\u00e9sence cr\u00e9e parfois certaines frictions avec les riverains. Cette situation est confirm\u00e9e par les nombreuses plaintes re\u00e7ues par les services de la mairie de secteur\u2009: \u00ab\u2009On en re\u00e7oit tous les jours\u2009\u00bb, peut-on entendre dans les couloirs de l\u2019h\u00f4tel de ville. Nuisances sonores, incivilit\u00e9s, encombrement de l\u2019espace public, propret\u00e9 sont les principaux griefs remont\u00e9s par les r\u00e9sidents.<\/p>\n<p>Une charte pour encadrer l\u2019activit\u00e9 des livreurs<\/p>\n<p class=\" wall-content\">Une situation qui a pouss\u00e9 le maire, <a href=\"https:\/\/actu.fr\/ile-de-france\/paris_75056\/paris-decouvrez-le-nom-du-nouveau-maire-du-16e-arrondissement_60306551.html\" rel=\"nofollow noopener\" target=\"_blank\">J\u00e9r\u00e9my Redler<\/a> (LR), \u00e0 mettre autour de la table les deux principales plateformes, Deliveroo et Uber Eats, pour limiter les perturbations li\u00e9es \u00e0 ce nouveau mode de consommation. Les \u00e9changes ont d\u00e9bouch\u00e9 sur la signature d\u2019une charte entre la mairie et les deux entreprises. \u00ab\u2009Nous avons entam\u00e9 des discussions il y a quatre ans et c\u2019est la premi\u00e8re fois qu\u2019une mairie d\u2019arrondissement signe une convention avec ces acteurs\u2009\u00bb, souligne Thomas Forestier, directeur adjoint de cabinet du maire.<\/p>\n<p class=\" wall-content\">Sign\u00e9e lundi 24 juin 2025, elle favorise la cr\u00e9ation d\u2019un canal de communication entre les livreurs et les acteurs pour remonter les plaintes, et la cr\u00e9ation d\u2019une \u00e9quipe charg\u00e9e de traiter les dol\u00e9ances de la mairie. <strong><a href=\"https:\/\/actu.fr\/ile-de-france\/paris_75056\/restaurants-deliveroo-devoile-son-guide-des-meilleures-adresses-a-paris_60573767.html\" rel=\"nofollow noopener\" target=\"_blank\">Deliveroo<\/a> et Uber Eats<\/strong> se sont \u00e9galement engag\u00e9es \u00e0 coop\u00e9rer avec la mairie et les services de la police municipale pour g\u00e9rer les actions de r\u00e9quisition.<br \/>\u00ab\u2009Cette signature nous a permis de formaliser un travail de longue date avec la mairie pour am\u00e9liorer la qualit\u00e9 de vie des riverains et privil\u00e9gier une meilleure communication entre les diff\u00e9rentes parties prenantes\u2009\u00bb, r\u00e9sume R\u00e9mi Mulemba, responsable des affaires publiques de Deliveroo France.<\/p>\n<p class=\" wall-content\">Dans certains secteurs auparavant probl\u00e9matiques, comme \u00e0 proximit\u00e9 du McDonald\u2019s de Passy et \u00e0 la <strong>Porte de Saint-Cloud,<\/strong> le travail de la mairie a d\u00e9j\u00e0 commenc\u00e9 \u00e0 porter ses fruits avec une baisse des plaintes des habitants. Une zone a encore du mal \u00e0 \u00eatre r\u00e9gul\u00e9e et cristallise les tensions\u2009: l\u2019avenue <strong>Victor-Hugo<\/strong> et sa place \u00e9ponyme.<\/p>\n<p>Des riverains partag\u00e9s<\/p>\n<p class=\" wall-content\">Devant l\u2019\u00e9glise Saint-Honor\u00e9 d\u2019Eylau, qui jouxte cette place, \u00c9lisabeth ne m\u00e2che pas ses mots contre les livreurs\u2009: \u00ab\u2009Ils sont sans g\u00eane, ils ne respectent rien et ils nous emp\u00eachent de circuler sur le trottoir.\u2009\u00bb \u00ab\u2009Je ne vois pas ce que fait la mairie\u2009\u00bb, poursuit l\u2019habitante, pr\u00e9sente dans le quartier depuis quarante ans.<\/p>\n<p class=\" wall-content\">Suzanna, qui a emm\u00e9nag\u00e9 dans le quartier depuis moins longtemps, en promenade avec son chien, pointe du doigt l\u2019ins\u00e9curit\u00e9 que cr\u00e9e la multiplication du recours aux <a href=\"https:\/\/actu.fr\/ile-de-france\/paris_75056\/deterioree-par-le-passage-des-livreurs-une-mosaique-historique-a-l-entree-d-un-franprix-de-paris-en-peril_62465620.html\" rel=\"nofollow noopener\" target=\"_blank\">livreurs<\/a>\u2009: \u00ab\u2009Les codes des immeubles circulent un peu partout, on ne sait pas qui y rentre, c\u2019est ce que je trouve dangereux\u2009\u00bb, affirme-t-elle.\u00a0D\u2019autres habitants sont moins durs\u2009: \u00ab\u2009Je n\u2019ai <strong>jamais eu de probl\u00e8mes<\/strong> avec eux\u2009\u00bb, avoue spontan\u00e9ment Nathalie. Marc, qui s\u2019est install\u00e9 dans le quartier il y a deux ans, est plus sarcastique sur la question\u2009: \u00ab\u2009Les gens, s\u2019ils veulent la tranquillit\u00e9, qu\u2019ils aillent \u00e0 la campagne.\u2009\u00bb<\/p>\n<p class=\" wall-content\">\u00c0 la sortie de la bouche de m\u00e9tro de la ligne 2, Lionel plaide, lui, pour la cr\u00e9ation d\u2019espaces d\u2019attente d\u00e9di\u00e9s aux livreurs. \u00ab\u2009\u00c7a permettrait d\u2019\u00e9viter qu\u2019ils soient regroup\u00e9s au m\u00eame endroit sur les trottoirs et qu\u2019ils g\u00eanent les passants\u2009\u00bb, explique-t-il. Une id\u00e9e <strong>\u00e9voqu\u00e9e dans la charte,<\/strong> mais pas encore mise en place. La r\u00e9flexion sur le d\u00e9veloppement de telles zones va \u00eatre engag\u00e9e entre la mairie et les deux entreprises de livraison.<\/p>\n<p>Les zones blanches comme solution ?<\/p>\n<p class=\" wall-content\">D\u2019autres collectivit\u00e9s, comme la ville de <a href=\"https:\/\/actu.fr\/ile-de-france\/boulogne-billancourt_92012\/espace-de-livraisons-zones-blanches-boulogne-billancourt-veut-reguler-les-livraisons-a-domicile_49402452.html\" rel=\"nofollow noopener\" target=\"_blank\">Boulogne-Billancourt<\/a>, dans les Hauts-de-Seine, ont opt\u00e9 pour une solution plus radicale avec la mise en place de zones blanches. <strong>Ces aires circonscrites<\/strong>, au sein desquelles l\u2019application ne fonctionne pas, emp\u00eachant ainsi les livreurs de recevoir des commandes \u00e0 cet endroit. Elles sont d\u00e9ploy\u00e9es \u00e0 la demande de la collectivit\u00e9. Chez Uber Eats, qui est le seul acteur \u00e0 pouvoir d\u00e9velopper cette solution, on milite pour un usage limit\u00e9 de cette technique. \u00ab\u2009Aujourd\u2019hui, nous privil\u00e9gions la cr\u00e9ation d\u2019un cadre de concertation, comme avec la mairie du 16e arrondissement, pour trouver des solutions p\u00e9rennes \u00e0 ces situations de nuisance\u2009\u00bb, d\u00e9taille Louise Pasin, porte-parole d\u2019<a href=\"https:\/\/actu.fr\/ile-de-france\/paris_75056\/selon-un-classement-d-uber-paris-est-la-ville-ou-les-passagers-sont-les-moins-aimables_62141304.html\" rel=\"nofollow noopener\" target=\"_blank\">Uber<\/a>.<\/p>\n<p class=\" wall-content\">Suivez toute l\u2019actualit\u00e9 de vos villes et m\u00e9dias favoris en vous inscrivant \u00e0 <a href=\"https:\/\/moncompte.actu.fr\" title=\"D\u00e9couvez Mon Actu\" rel=\"nofollow noopener\" data-trk=\"{&quot;cta&quot;:{&quot;action&quot;:&quot;https:\\\/\\\/moncompte.actu.fr&quot;,&quot;category&quot;:&quot;mon compte&quot;,&quot;from&quot;:&quot;article footer&quot;,&quot;name&quot;:&quot;Mon actu&quot;,&quot;type&quot;:&quot;cta&quot;}}\" target=\"_blank\">Mon Actu<\/a>.<\/p>\n<ul class=\"ac-article-tag wall-content\">\n<li><a href=\"https:\/\/actu.fr\/tag\/mairie-de-paris\" data-trk=\"{&quot;cta&quot;:{&quot;action&quot;:&quot;Mairie de Paris&quot;,&quot;category&quot;:&quot;tag&quot;,&quot;from&quot;:&quot;article footer&quot;,&quot;name&quot;:&quot;Mairie de Paris&quot;,&quot;type&quot;:&quot;cta&quot;}}\" rel=\"nofollow noopener\" target=\"_blank\">#Mairie de Paris<\/a><\/li>\n<li><a href=\"https:\/\/actu.fr\/tag\/restaurant\" data-trk=\"{&quot;cta&quot;:{&quot;action&quot;:&quot;Restaurant&quot;,&quot;category&quot;:&quot;tag&quot;,&quot;from&quot;:&quot;article footer&quot;,&quot;name&quot;:&quot;Restaurant&quot;,&quot;type&quot;:&quot;cta&quot;}}\" rel=\"nofollow noopener\" target=\"_blank\">#Restaurant<\/a><\/li>\n<\/ul>\n","protected":false},"excerpt":{"rendered":"Par Joel Nandjui Publi\u00e9 le 25 juin 2025 \u00e0 6h18 Les livreurs sont apparus dans le paysage urbain&hellip;\n","protected":false},"author":2,"featured_media":202362,"comment_status":"","ping_status":"","sticky":false,"template":"","format":"standard","meta":{"footnotes":""},"categories":[1888],"tags":[11,1777,674,1011,27,2381,12,626,25,1340,104],"class_list":{"0":"post-202361","1":"post","2":"type-post","3":"status-publish","4":"format-standard","5":"has-post-thumbnail","7":"category-paris","8":"tag-actualites","9":"tag-eu","10":"tag-europe","11":"tag-fr","12":"tag-france","13":"tag-mairie-de-paris","14":"tag-news","15":"tag-paris","16":"tag-republique-francaise","17":"tag-restaurant","18":"tag-societe"},"share_on_mastodon":{"url":"https:\/\/pubeurope.com\/@fr\/114742123906009994","error":""},"_links":{"self":[{"href":"https:\/\/www.europesays.com\/fr\/wp-json\/wp\/v2\/posts\/202361","targetHints":{"allow":["GET"]}}],"collection":[{"href":"https:\/\/www.europesays.com\/fr\/wp-json\/wp\/v2\/posts"}],"about":[{"href":"https:\/\/www.europesays.com\/fr\/wp-json\/wp\/v2\/types\/post"}],"author":[{"embeddable":true,"href":"https:\/\/www.europesays.com\/fr\/wp-json\/wp\/v2\/users\/2"}],"replies":[{"embeddable":true,"href":"https:\/\/www.europesays.com\/fr\/wp-json\/wp\/v2\/comments?post=202361"}],"version-history":[{"count":0,"href":"https:\/\/www.europesays.com\/fr\/wp-json\/wp\/v2\/posts\/202361\/revisions"}],"wp:featuredmedia":[{"embeddable":true,"href":"https:\/\/www.europesays.com\/fr\/wp-json\/wp\/v2\/media\/202362"}],"wp:attachment":[{"href":"https:\/\/www.europesays.com\/fr\/wp-json\/wp\/v2\/media?parent=202361"}],"wp:term":[{"taxonomy":"category","embeddable":true,"href":"https:\/\/www.europesays.com\/fr\/wp-json\/wp\/v2\/categories?post=202361"},{"taxonomy":"post_tag","embeddable":true,"href":"https:\/\/www.europesays.com\/fr\/wp-json\/wp\/v2\/tags?post=202361"}],"curies":[{"name":"wp","href":"https:\/\/api.w.org\/{rel}","templated":true}]}}