{"id":202363,"date":"2025-06-25T04:30:10","date_gmt":"2025-06-25T04:30:10","guid":{"rendered":"https:\/\/www.europesays.com\/fr\/202363\/"},"modified":"2025-06-25T04:30:10","modified_gmt":"2025-06-25T04:30:10","slug":"pourquoi-zelensky-se-rend-il-a-strasbourg-ce-mercredi","status":"publish","type":"post","link":"https:\/\/www.europesays.com\/fr\/202363\/","title":{"rendered":"Pourquoi Zelensky se rend-il \u00e0 Strasbourg ce mercredi\u00a0?"},"content":{"rendered":"<p>Le <a href=\"https:\/\/www.coe.int\/fr\/web\/portal\" target=\"_blank\" rel=\"nofollow noopener\">Conseil de l\u2019Europe<\/a>, qui r\u00e9unit 46 pays, dont l\u2019Ukraine (1), est la vigie de la d\u00e9mocratie et des droits de l\u2019Homme sur le continent. Dans un communiqu\u00e9, il a pr\u00e9cis\u00e9 que Volodymyr Zelensky s\u2019adresserait, ce mercredi, \u00e0 son comit\u00e9 de ministres, organe qui \u00ab est en train de finaliser les instruments juridiques n\u00e9cessaires au lancement d\u2019un tribunal \u00bb destin\u00e9 \u00e0 poursuivre les dirigeants russes pour <a href=\"https:\/\/www.letelegramme.fr\/monde\/la-russie-lance-une-operation-militaire-en-ukraine-des-explosions-entendues-a-kiev-213288.php\" target=\"_blank\" rel=\"nofollow noopener\">l\u2019invasion de l\u2019Ukraine<\/a>.<\/p>\n<p><a href=\"https:\/\/www.letelegramme.fr\/monde\/guerre-ukraine-russie\/\" target=\"_blank\" rel=\"nofollow noopener\">Tout sur la guerre en Ukraine<\/a>Objectif ? Juger le \u00ab crime d\u2019agression \u00bb<\/p>\n<p>Ce tribunal, dont la cr\u00e9ation a \u00e9t\u00e9 annonc\u00e9e, le 9 mai, \u00e0 Lviv, par l\u2019Ukraine et ses alli\u00e9s europ\u00e9ens, aura <a href=\"https:\/\/www.letelegramme.fr\/monde\/guerre-ukraine-russie\/lukraine-et-ses-allies-europeens-approuvent-la-creation-dun-tribunal-pour-juger-la-russie-pour-son-invasion-6813889.php\" target=\"_blank\" rel=\"nofollow noopener\">pour objectif de juger le \u00ab crime d\u2019agression \u00bb<\/a>. Ce que ne peut faire la Cour p\u00e9nale internationale (CPI). \u00ab Cette agression ne doit pas rester impunie \u00bb, a d\u00e9clar\u00e9 Alain Berset, secr\u00e9taire g\u00e9n\u00e9ral du Conseil de l\u2019Europe. \u00ab Ce tribunal sp\u00e9cial vise \u00e0 garantir la responsabilit\u00e9, et \u00e0 faire en sorte que celles et ceux qui portent la plus grande part de responsabilit\u00e9 r\u00e9pondent de leurs actes \u00bb, a-t-il ajout\u00e9. Une structure qui ne pourrait toutefois pas poursuivre Vladimir Poutine, ni son Premier ministre, ni son ministre des Affaires \u00e9trang\u00e8res, tant qu\u2019ils sont en fonction.<\/p>\n<p>\u00ab Plus de 34 000 demandes d\u2019indemnisation \u00bb<\/p>\n<p>Outre le projet de tribunal sp\u00e9cial, le Conseil de l\u2019Europe est \u00e0 l\u2019initiative d\u2019un registre des dommages caus\u00e9s par la guerre en Ukraine. Un registre qui a d\u00e9j\u00e0 re\u00e7u \u00ab plus de 34 000 demandes d\u2019indemnisation \u00bb, selon le communiqu\u00e9.<\/p>\n<p>Ce mercredi, Volodymyr Zelensky va \u00e9galement s\u2019adresser \u00e0 l\u2019Assembl\u00e9e parlementaire du Conseil de l\u2019Europe, compos\u00e9e d\u2019\u00e9lus des \u00c9tats membres de l\u2019organisation internationale, et r\u00e9pondra \u00e0 leurs questions.<\/p>\n<p class=\"note\">1. L\u2019Ukraine fait partie du Conseil de l\u2019Europe. La Russie, elle, en a \u00e9t\u00e9 exclue en 2022, peu apr\u00e8s le d\u00e9but de la guerre entre les deux pays.<\/p>\n<p><strong>Une rencontre Zelensky-Trump aussi ce mercredi<\/strong><br \/>Une rencontre entre Volodymyr Zelensky et Donald Trump est <a href=\"https:\/\/www.letelegramme.fr\/monde\/guerre-ukraine-russie\/guerre-en-ukraine-une-rencontre-entre-zelensky-et-trump-est-prevue-ce-mercredi-en-marge-du-sommet-de-lotan-6841988.php\" target=\"_blank\" rel=\"nofollow noopener\">pr\u00e9vue ce mercredi<\/a>, en marge du sommet de l\u2019Otan \u00e0 La Haye. Le pr\u00e9sident ukrainien, dont <a href=\"https:\/\/www.letelegramme.fr\/monde\/guerre-ukraine-russie\/vous-jouez-avec-la-troisieme-guerre-mondiale-etes-vous-deja-alles-en-ukraine-pour-voir-nos-problemes-la-passe-darmes-entre-zelensky-trump-et-vance-6769050.php\" target=\"_blank\" rel=\"nofollow noopener\">les relations avec son homologue am\u00e9ricain sont compliqu\u00e9es<\/a>, va \u00e9voquer \u00ab les sanctions contre la Russie \u00bb et l\u2019achat d\u2019armes \u00e0 Washington, a pr\u00e9cis\u00e9 un haut responsable de la pr\u00e9sidence ukrainienne sous le couvert de l\u2019anonymat.<\/p>\n","protected":false},"excerpt":{"rendered":"Le Conseil de l\u2019Europe, qui r\u00e9unit 46 pays, dont l\u2019Ukraine (1), est la vigie de la d\u00e9mocratie et&hellip;\n","protected":false},"author":2,"featured_media":202364,"comment_status":"","ping_status":"","sticky":false,"template":"","format":"standard","meta":{"footnotes":""},"categories":[1591],"tags":[11,765,1887,131,2069,74,12,1885,1886,132,220],"class_list":{"0":"post-202363","1":"post","2":"type-post","3":"status-publish","4":"format-standard","5":"has-post-thumbnail","7":"category-russie","8":"tag-actualites","9":"tag-en-continu","10":"tag-federation-de-russie","11":"tag-guerre-en-ukraine","12":"tag-guerre-ukraine-russie","13":"tag-monde","14":"tag-news","15":"tag-russia","16":"tag-russian-federation","17":"tag-russie","18":"tag-ukraine"},"share_on_mastodon":{"url":"https:\/\/pubeurope.com\/@fr\/114742127688499081","error":""},"_links":{"self":[{"href":"https:\/\/www.europesays.com\/fr\/wp-json\/wp\/v2\/posts\/202363","targetHints":{"allow":["GET"]}}],"collection":[{"href":"https:\/\/www.europesays.com\/fr\/wp-json\/wp\/v2\/posts"}],"about":[{"href":"https:\/\/www.europesays.com\/fr\/wp-json\/wp\/v2\/types\/post"}],"author":[{"embeddable":true,"href":"https:\/\/www.europesays.com\/fr\/wp-json\/wp\/v2\/users\/2"}],"replies":[{"embeddable":true,"href":"https:\/\/www.europesays.com\/fr\/wp-json\/wp\/v2\/comments?post=202363"}],"version-history":[{"count":0,"href":"https:\/\/www.europesays.com\/fr\/wp-json\/wp\/v2\/posts\/202363\/revisions"}],"wp:featuredmedia":[{"embeddable":true,"href":"https:\/\/www.europesays.com\/fr\/wp-json\/wp\/v2\/media\/202364"}],"wp:attachment":[{"href":"https:\/\/www.europesays.com\/fr\/wp-json\/wp\/v2\/media?parent=202363"}],"wp:term":[{"taxonomy":"category","embeddable":true,"href":"https:\/\/www.europesays.com\/fr\/wp-json\/wp\/v2\/categories?post=202363"},{"taxonomy":"post_tag","embeddable":true,"href":"https:\/\/www.europesays.com\/fr\/wp-json\/wp\/v2\/tags?post=202363"}],"curies":[{"name":"wp","href":"https:\/\/api.w.org\/{rel}","templated":true}]}}