{"id":202365,"date":"2025-06-25T04:31:13","date_gmt":"2025-06-25T04:31:13","guid":{"rendered":"https:\/\/www.europesays.com\/fr\/202365\/"},"modified":"2025-06-25T04:31:13","modified_gmt":"2025-06-25T04:31:13","slug":"une-reunion-entre-zelensky-et-trump-prevue-ce-mercredi","status":"publish","type":"post","link":"https:\/\/www.europesays.com\/fr\/202365\/","title":{"rendered":"Une r\u00e9union entre Zelensky et Trump pr\u00e9vue ce mercredi\u2026"},"content":{"rendered":"<p>Trump va \u00ab\u00a0probablement\u00a0\u00bb rencontrer Zelensky<\/p>\n<p>Une r\u00e9union entre Volodymyr Zelensky et Donald Trump, dont les relations sont fluctuantes, est pr\u00e9vue ce mercredi aux Pays-Bas en marge du sommet de l\u2019Otan. Le pr\u00e9sident am\u00e9ricain a confirm\u00e9 qu\u2019il rencontrerait \u00ab\u00a0probablement\u00a0\u00bb son homologue ukrainien.<\/p>\n<p>Le locataire de la Maison-Blanche pousse pour un arr\u00eat des hostilit\u00e9s, mais son implication personnelle dans le dossier ukrainien n\u2019a, \u00e0 ce stade, pas permis de rapprocher les positions toujours tr\u00e8s \u00e9loign\u00e9es des deux bellig\u00e9rants.<\/p>\n<p>Au moins 19 morts dans des frappes russes dans la r\u00e9gion de Dnipropetrovsk<\/p>\n<p>Au moins 19 personnes ont \u00e9t\u00e9 tu\u00e9es et pr\u00e8s de 300 bless\u00e9es mardi dans des bombardements russes dans la r\u00e9gion de Dnipropetrovsk (Centre-Est), selon les autorit\u00e9s ukrainiennes. Kiev a d\u00e9nonc\u00e9 le \u00ab\u00a0message de terreur\u00a0\u00bb envoy\u00e9 par Moscou au moment o\u00f9 les n\u00e9gociations entre les deux camps sont au point mort.<\/p>\n<p>Bienvenue dans ce nouveau Live<\/p>\n<p>Bonjour \u00e0 toutes et \u00e0 tous. Comme chaque jour, la r\u00e9daction de 20 Minutes est mobilis\u00e9e pour vous donner l\u2019ensemble des informations sur le conflit entre Kiev et Moscou.<\/p>\n<p>Sur le terrain, la situation est difficile pour l\u2019Ukraine. Les forces russes continuent leur pouss\u00e9e dans l\u2019Est face \u00e0 une arm\u00e9e ukrainienne en difficult\u00e9 et moins nombreuse, et multiplient les bombardements, notamment sur Kiev. Cette guerre va notamment \u00eatre dans les discussions ce mercredi au sommet de l\u2019Otan qui se tient aux Pays-Bas en pr\u00e9sence de Donald Trump.<\/p>\n","protected":false},"excerpt":{"rendered":"Trump va \u00ab\u00a0probablement\u00a0\u00bb rencontrer Zelensky Une r\u00e9union entre Volodymyr Zelensky et Donald Trump, dont les relations sont fluctuantes,&hellip;\n","protected":false},"author":2,"featured_media":202366,"comment_status":"","ping_status":"","sticky":false,"template":"","format":"standard","meta":{"footnotes":""},"categories":[1590],"tags":[47,11,75,73,1777,674,131,74,12,136,132,220,133,135,134],"class_list":{"0":"post-202365","1":"post","2":"type-post","3":"status-publish","4":"format-standard","5":"has-post-thumbnail","7":"category-ukraine","8":"tag-actualite","9":"tag-actualites","10":"tag-donald-trump","11":"tag-etats-unis","12":"tag-eu","13":"tag-europe","14":"tag-guerre-en-ukraine","15":"tag-monde","16":"tag-news","17":"tag-otan","18":"tag-russie","19":"tag-ukraine","20":"tag-video","21":"tag-vladimir-poutine","22":"tag-volodymyr-zelensky"},"share_on_mastodon":{"url":"https:\/\/pubeurope.com\/@fr\/114742131607687204","error":""},"_links":{"self":[{"href":"https:\/\/www.europesays.com\/fr\/wp-json\/wp\/v2\/posts\/202365","targetHints":{"allow":["GET"]}}],"collection":[{"href":"https:\/\/www.europesays.com\/fr\/wp-json\/wp\/v2\/posts"}],"about":[{"href":"https:\/\/www.europesays.com\/fr\/wp-json\/wp\/v2\/types\/post"}],"author":[{"embeddable":true,"href":"https:\/\/www.europesays.com\/fr\/wp-json\/wp\/v2\/users\/2"}],"replies":[{"embeddable":true,"href":"https:\/\/www.europesays.com\/fr\/wp-json\/wp\/v2\/comments?post=202365"}],"version-history":[{"count":0,"href":"https:\/\/www.europesays.com\/fr\/wp-json\/wp\/v2\/posts\/202365\/revisions"}],"wp:featuredmedia":[{"embeddable":true,"href":"https:\/\/www.europesays.com\/fr\/wp-json\/wp\/v2\/media\/202366"}],"wp:attachment":[{"href":"https:\/\/www.europesays.com\/fr\/wp-json\/wp\/v2\/media?parent=202365"}],"wp:term":[{"taxonomy":"category","embeddable":true,"href":"https:\/\/www.europesays.com\/fr\/wp-json\/wp\/v2\/categories?post=202365"},{"taxonomy":"post_tag","embeddable":true,"href":"https:\/\/www.europesays.com\/fr\/wp-json\/wp\/v2\/tags?post=202365"}],"curies":[{"name":"wp","href":"https:\/\/api.w.org\/{rel}","templated":true}]}}