{"id":202379,"date":"2025-06-25T04:38:12","date_gmt":"2025-06-25T04:38:12","guid":{"rendered":"https:\/\/www.europesays.com\/fr\/202379\/"},"modified":"2025-06-25T04:38:12","modified_gmt":"2025-06-25T04:38:12","slug":"transition-de-genre-lassurance-maladie-condamnee-pour-avoir-refuse-de-financer-une-ablation-des-seins","status":"publish","type":"post","link":"https:\/\/www.europesays.com\/fr\/202379\/","title":{"rendered":"Transition de genre\u00a0: l\u2019Assurance maladie condamn\u00e9e pour avoir refus\u00e9 de financer une ablation des seins"},"content":{"rendered":"<p class=\"paragraph text_align_left lp-f-body-02\">Le tribunal judiciaire de Bobigny a condamn\u00e9, ce lundi, la caisse primaire d\u2019assurance maladie de Seine-Saint-Denis (CPAM 93) \u00e0 rembourser la somme de 5 305,79 euros \u00e0 un homme<a href=\"https:\/\/www.leparisien.fr\/seine-saint-denis-93\/grace-a-une-equipe-du-93-lassurance-maladie-accompagne-les-personnes-transgenres-dans-toute-la-france-13-06-2024-67J2M3CER5HQHIEPCOXIJKFO54.php\" target=\"_self\" rel=\"nofollow noopener\"> transgenre<\/a> et \u00e0 lui verser, ainsi qu\u2019un \u00e0 autre requ\u00e9rant, la somme de 6 000 euros au titre de dommages et int\u00e9r\u00eats.<\/p>\n<p class=\"paragraph text_align_left lp-f-body-02\">Soutenus par un collectif de plusieurs associations de d\u00e9fense des droits des personnes trans, tous deux soutenaient que la CPAM 93 avait refus\u00e9 de payer l\u2019int\u00e9gralit\u00e9 des soins li\u00e9s \u00e0 leur parcours de transition de genre, alors qu\u2019ils \u00e9taient pris \u00e0 charge \u00e0 100 % au titre d\u2019une affection longue dur\u00e9e (ALD).<\/p>\n","protected":false},"excerpt":{"rendered":"Le tribunal judiciaire de Bobigny a condamn\u00e9, ce lundi, la caisse primaire d\u2019assurance maladie de Seine-Saint-Denis (CPAM 93)&hellip;\n","protected":false},"author":2,"featured_media":202380,"comment_status":"","ping_status":"","sticky":false,"template":"","format":"standard","meta":{"footnotes":""},"categories":[2],"tags":[11,1011,27,1944,12,25,1945,104],"class_list":{"0":"post-202379","1":"post","2":"type-post","3":"status-publish","4":"format-standard","5":"has-post-thumbnail","7":"category-actualites","8":"tag-actualites","9":"tag-fr","10":"tag-france","11":"tag-ma-ville","12":"tag-news","13":"tag-republique-francaise","14":"tag-seine-saint-denis","15":"tag-societe"},"share_on_mastodon":{"url":"https:\/\/pubeurope.com\/@fr\/114742159181697947","error":""},"_links":{"self":[{"href":"https:\/\/www.europesays.com\/fr\/wp-json\/wp\/v2\/posts\/202379","targetHints":{"allow":["GET"]}}],"collection":[{"href":"https:\/\/www.europesays.com\/fr\/wp-json\/wp\/v2\/posts"}],"about":[{"href":"https:\/\/www.europesays.com\/fr\/wp-json\/wp\/v2\/types\/post"}],"author":[{"embeddable":true,"href":"https:\/\/www.europesays.com\/fr\/wp-json\/wp\/v2\/users\/2"}],"replies":[{"embeddable":true,"href":"https:\/\/www.europesays.com\/fr\/wp-json\/wp\/v2\/comments?post=202379"}],"version-history":[{"count":0,"href":"https:\/\/www.europesays.com\/fr\/wp-json\/wp\/v2\/posts\/202379\/revisions"}],"wp:featuredmedia":[{"embeddable":true,"href":"https:\/\/www.europesays.com\/fr\/wp-json\/wp\/v2\/media\/202380"}],"wp:attachment":[{"href":"https:\/\/www.europesays.com\/fr\/wp-json\/wp\/v2\/media?parent=202379"}],"wp:term":[{"taxonomy":"category","embeddable":true,"href":"https:\/\/www.europesays.com\/fr\/wp-json\/wp\/v2\/categories?post=202379"},{"taxonomy":"post_tag","embeddable":true,"href":"https:\/\/www.europesays.com\/fr\/wp-json\/wp\/v2\/tags?post=202379"}],"curies":[{"name":"wp","href":"https:\/\/api.w.org\/{rel}","templated":true}]}}