{"id":20238,"date":"2025-04-12T17:57:08","date_gmt":"2025-04-12T17:57:08","guid":{"rendered":"https:\/\/www.europesays.com\/fr\/20238\/"},"modified":"2025-04-12T17:57:08","modified_gmt":"2025-04-12T17:57:08","slug":"la-ligue-1-pas-assez-attractive-pour-mohamed-salah","status":"publish","type":"post","link":"https:\/\/www.europesays.com\/fr\/20238\/","title":{"rendered":"La Ligue 1 pas assez attractive pour Mohamed Salah ? &#8211;"},"content":{"rendered":"<p><img width=\"679\" height=\"382\" src=\"https:\/\/www.europesays.com\/fr\/wp-content\/uploads\/2025\/04\/64VdvrDe.jpg\" class=\"attachment-jannah-image-post size-jannah-image-post wp-post-image\" alt=\"Mohamed Salah\" is_main_img=\"1\" decoding=\"async\" fetchpriority=\"high\"  \/><br \/>\n Image : Instagram<br \/>\n@mosalah<\/p>\n<p>Apr\u00e8s plusieurs mois de suspense, Mohamed Salah a prolong\u00e9<br \/>\navec Liverpool. Annonc\u00e9 dans le viseur du PSG, l\u2019international<br \/>\n\u00e9gyptien a estim\u00e9 que la Ligue 1 n\u2019\u00e9tait pas assez<br \/>\nattractive.<\/p>\n<p>En fin de contrat le 30 juin prochain \u00e0<br \/>\n<strong>Liverpool<\/strong>, <strong>Mohamed Salah<\/strong> ne<br \/>\nsavait pas encore de quoi son avenir serait fait. Ces derni\u00e8res<br \/>\nsemaines, on \u00e9voquait un d\u00e9part pratiquement in\u00e9luctable de chez<br \/>\nles Reds, la proposition de prolongation de contrat ne convenant<br \/>\npas \u00e0 l\u2019international \u00e9gyptien. Son nom a alors \u00e9t\u00e9 associ\u00e9 au<br \/>\n<strong>PSG<\/strong>, un accord entre les deux parties \u00e9tant m\u00eame<br \/>\n\u00e9voqu\u00e9, m\u00eame si <strong><a href=\"https:\/\/canal-supporters.com\/mercato-nasser-al-khelaifi-met-fin-a-la-rumeur-mohamed-salah\/\" title=\"\" target=\"_blank\" rel=\"noopener\">Nasser al-Khela\u00effi<\/a><\/strong> avait d\u00e9menti.<br \/>\n<strong>Mohamed Salah<\/strong> a finalement prolong\u00e9 son contrat<br \/>\navec le club anglais hier.\u00a0<a href=\"https:\/\/www.nytimes.com\/athletic\/6269638\/2025\/04\/11\/mohamed-salah-liverpool-contract-inside-story\/?source=twitteruk&amp;utm_campaign=twitterfc&amp;utm_medium=social\" target=\"_blank\" rel=\"noreferrer noopener\">The Athletic<\/a>\u00a0a<br \/>\nfait un point sur les coulisses du choix de prolonger.\u00a0<\/p>\n<p>A voir aussi : <a href=\"https:\/\/canal-supporters.com\/piste-par-le-psg-mohamed-salah-prolonge-officiellement-a-liverpool\/\" title=\"\" target=\"_blank\" rel=\"noopener\">Pist\u00e9 par le PSG, Mohamed Salah prolonge officiellement \u00e0<br \/>\nLiverpool<\/a><\/p>\n<p><a href=\"https:\/\/x.com\/CanalSupporters\" target=\"_blank\" rel=\"noopener\" title=\"\">canalsupporters.com<\/a><\/p>\n<p>Elle n\u2019a pas la<br \/>\nvisibilit\u00e9 de la Premier League<\/p>\n<p>Selon le m\u00e9dia britannique, le <strong>PSG<\/strong> n\u2019a jamais<br \/>\nvraiment <a href=\"https:\/\/canal-supporters.com\/mercato-le-psg-simple-moyen-de-faire-pression-pour-mohamed-salah\/\" title=\"\" target=\"_blank\" rel=\"noopener\">\u00e9t\u00e9 envisag\u00e9<\/a> par le clan <strong>Salah<\/strong>.<br \/>\n<strong>Ramy Abbas<\/strong>, l\u2019avocat qui repr\u00e9sente l\u2019attaquant<br \/>\ndes <strong>Reds<\/strong> a rapidement calcul\u00e9 l\u2019impact financier<br \/>\nd\u2019une arriv\u00e9e de <strong>Salah<\/strong> en <strong>France<\/strong>.<br \/>\nIl en a conclu que la <strong>Ligue 1<\/strong> ne b\u00e9n\u00e9ficiait pas<br \/>\nde la visibilit\u00e9 de la <strong>Premier League<\/strong> et donc<br \/>\nqu\u2019une signature dans le championnat de <strong>France<\/strong><br \/>\naurait un impact n\u00e9gatif sur les sponsors de l\u2019\u00c9gyptien. The<br \/>\nAthletic explique qu\u2019il y avait aussi la possibilit\u00e9 de<br \/>\nl\u2019<strong>Arabie saoudite<\/strong>. Mais, il aime sa vie en<br \/>\n<strong>Angleterre<\/strong>, o\u00f9 sa vie priv\u00e9e est respect\u00e9e et o\u00f9<br \/>\nil peut se concentrer sur sa carri\u00e8re. Il n\u2019\u00e9tait pas s\u00fbr qu\u2019il en<br \/>\nsoit de m\u00eame en <strong>Arabie saoudite<\/strong>, pays voisin de<br \/>\nson <strong>\u00c9gypte<\/strong> natale, souligne la publication. Le<br \/>\nniveau du championnat saoudien a \u00e9t\u00e9 un autre frein.<br \/>\n<strong>Mohamed Salah<\/strong> estime que les meilleures ann\u00e9es de<br \/>\nsa carri\u00e8re sont encore \u00e0 venir et il souhaitait donc rester dans<br \/>\nun championnat comp\u00e9titif. La possibilit\u00e9 de signer dans un autre<br \/>\nclub de <strong>Premier League<\/strong> a \u00e9t\u00e9 envisag\u00e9e, mais vite<br \/>\n\u00e9cart\u00e9e. Il ne voulait rejoindre aucun des clubs de<br \/>\n<strong>Manchester<\/strong>. Seul un retour \u00e0<br \/>\n<strong>Chelsea<\/strong>, club dans lequel il a jou\u00e9 lors de la<br \/>\nsaison 2014-2015 aurait pu int\u00e9resser <strong>Mohamed<br \/>\nSalah<\/strong>, estimant avoir encore quelque chose \u00e0 prouver sous<br \/>\nle maillot du club anglais. Mais la strat\u00e9gie de<br \/>\n<strong>Chelsea<\/strong>, ax\u00e9e sur le recrutement de jeunes<br \/>\njoueurs, a mis rapidement fin \u00e0 cette possibilit\u00e9, conclut The<br \/>\nAthletic.\u00a0<\/p><\/p>\n","protected":false},"excerpt":{"rendered":"Image : Instagram @mosalah Apr\u00e8s plusieurs mois de suspense, Mohamed Salah a prolong\u00e9 avec Liverpool. Annonc\u00e9 dans le&hellip;\n","protected":false},"author":2,"featured_media":20239,"comment_status":"","ping_status":"","sticky":false,"template":"","format":"standard","meta":{"footnotes":""},"categories":[1410],"tags":[4947,81,787,63,1011,27,3490,1434,1435,7369,626,91,92,7742,7743,93,7371,60,96],"class_list":{"0":"post-20238","1":"post","2":"type-post","3":"status-publish","4":"format-standard","5":"has-post-thumbnail","7":"category-football","8":"tag-arabie-saoudite","9":"tag-canal-supporters","10":"tag-cs","11":"tag-football","12":"tag-fr","13":"tag-france","14":"tag-liverpool","15":"tag-mercato","16":"tag-mercato-psg","17":"tag-mohamed-salah","18":"tag-paris","19":"tag-paris-saint-germain","20":"tag-paris-sg","21":"tag-prolongation","22":"tag-prolongation-de-contat","23":"tag-psg","24":"tag-salah","25":"tag-sports","26":"tag-une"},"share_on_mastodon":{"url":"https:\/\/pubeurope.com\/@fr\/114326290008624045","error":""},"_links":{"self":[{"href":"https:\/\/www.europesays.com\/fr\/wp-json\/wp\/v2\/posts\/20238","targetHints":{"allow":["GET"]}}],"collection":[{"href":"https:\/\/www.europesays.com\/fr\/wp-json\/wp\/v2\/posts"}],"about":[{"href":"https:\/\/www.europesays.com\/fr\/wp-json\/wp\/v2\/types\/post"}],"author":[{"embeddable":true,"href":"https:\/\/www.europesays.com\/fr\/wp-json\/wp\/v2\/users\/2"}],"replies":[{"embeddable":true,"href":"https:\/\/www.europesays.com\/fr\/wp-json\/wp\/v2\/comments?post=20238"}],"version-history":[{"count":0,"href":"https:\/\/www.europesays.com\/fr\/wp-json\/wp\/v2\/posts\/20238\/revisions"}],"wp:featuredmedia":[{"embeddable":true,"href":"https:\/\/www.europesays.com\/fr\/wp-json\/wp\/v2\/media\/20239"}],"wp:attachment":[{"href":"https:\/\/www.europesays.com\/fr\/wp-json\/wp\/v2\/media?parent=20238"}],"wp:term":[{"taxonomy":"category","embeddable":true,"href":"https:\/\/www.europesays.com\/fr\/wp-json\/wp\/v2\/categories?post=20238"},{"taxonomy":"post_tag","embeddable":true,"href":"https:\/\/www.europesays.com\/fr\/wp-json\/wp\/v2\/tags?post=20238"}],"curies":[{"name":"wp","href":"https:\/\/api.w.org\/{rel}","templated":true}]}}