{"id":202387,"date":"2025-06-25T04:45:13","date_gmt":"2025-06-25T04:45:13","guid":{"rendered":"https:\/\/www.europesays.com\/fr\/202387\/"},"modified":"2025-06-25T04:45:13","modified_gmt":"2025-06-25T04:45:13","slug":"savadori-sest-concentre-sur-le-developpement-a-assen-nous-avons-egalement-pu-tester-de-nouvelles-choses-a-mugello-qui-nous-ont-donne-des-retours-positifs","status":"publish","type":"post","link":"https:\/\/www.europesays.com\/fr\/202387\/","title":{"rendered":"Savadori s&rsquo;est concentr\u00e9 sur le d\u00e9veloppement \u00e0 Assen : &lsquo;Nous avons \u00e9galement pu tester de nouvelles choses \u00e0 Mugello qui nous ont donn\u00e9 des retours positifs.&rsquo;"},"content":{"rendered":"<p>Lorenzo Savadori retourne au circuit TT d\u2019Assen avec un objectif clair : continuer \u00e0 d\u00e9velopper la RS-GP25. Le pilote italien conna\u00eet bien le trac\u00e9 n\u00e9erlandais, ayant couru plusieurs fois l\u00e0-bas en tant que wild card avec Aprilia Racing.<\/p>\n<p>\u2018Assen est vraiment un magnifique circuit et j\u2019ai h\u00e2te d\u2019y courir. Nous avons \u00e9galement pu tester certaines nouveaut\u00e9s \u00e0 Mugello qui nous ont donn\u00e9 des retours positifs. \u00c0 Assen, nous continuerons dans cette voie, avec l\u2019objectif de maintenir la tendance positive dans le d\u00e9veloppement de la RS-GP25\u2019.<\/p>\n<p>Savadori joue un r\u00f4le cl\u00e9 dans l\u2019\u00e9volution technique de la machine d\u2019Aprilia. Son exp\u00e9rience accumul\u00e9e et sa sensibilit\u00e9 aux retours en font une figure essentielle au sein de l\u2019\u00e9quipe.<\/p>\n<p>Sur un circuit exigeant comme Assen, avec ses 18 virages rapides et techniques, les contributions de Savadori pourraient \u00eatre cruciales pour garantir qu\u2019Aprilia continue d\u2019\u00e9voluer de mani\u00e8re coh\u00e9rente tout au long de la saison.<\/p>\n","protected":false},"excerpt":{"rendered":"Lorenzo Savadori retourne au circuit TT d\u2019Assen avec un objectif clair : continuer \u00e0 d\u00e9velopper la RS-GP25. Le&hellip;\n","protected":false},"author":2,"featured_media":202388,"comment_status":"","ping_status":"","sticky":false,"template":"","format":"standard","meta":{"footnotes":""},"categories":[1413],"tags":[1011,27,5130,1457,1456,1458,60],"class_list":{"0":"post-202387","1":"post","2":"type-post","3":"status-publish","4":"format-standard","5":"has-post-thumbnail","7":"category-moto","8":"tag-fr","9":"tag-france","10":"tag-lorenzo-savadori","11":"tag-moto","12":"tag-motocycle","13":"tag-motogp","14":"tag-sports"},"share_on_mastodon":{"url":"https:\/\/pubeurope.com\/@fr\/114742186697322830","error":""},"_links":{"self":[{"href":"https:\/\/www.europesays.com\/fr\/wp-json\/wp\/v2\/posts\/202387","targetHints":{"allow":["GET"]}}],"collection":[{"href":"https:\/\/www.europesays.com\/fr\/wp-json\/wp\/v2\/posts"}],"about":[{"href":"https:\/\/www.europesays.com\/fr\/wp-json\/wp\/v2\/types\/post"}],"author":[{"embeddable":true,"href":"https:\/\/www.europesays.com\/fr\/wp-json\/wp\/v2\/users\/2"}],"replies":[{"embeddable":true,"href":"https:\/\/www.europesays.com\/fr\/wp-json\/wp\/v2\/comments?post=202387"}],"version-history":[{"count":0,"href":"https:\/\/www.europesays.com\/fr\/wp-json\/wp\/v2\/posts\/202387\/revisions"}],"wp:featuredmedia":[{"embeddable":true,"href":"https:\/\/www.europesays.com\/fr\/wp-json\/wp\/v2\/media\/202388"}],"wp:attachment":[{"href":"https:\/\/www.europesays.com\/fr\/wp-json\/wp\/v2\/media?parent=202387"}],"wp:term":[{"taxonomy":"category","embeddable":true,"href":"https:\/\/www.europesays.com\/fr\/wp-json\/wp\/v2\/categories?post=202387"},{"taxonomy":"post_tag","embeddable":true,"href":"https:\/\/www.europesays.com\/fr\/wp-json\/wp\/v2\/tags?post=202387"}],"curies":[{"name":"wp","href":"https:\/\/api.w.org\/{rel}","templated":true}]}}