{"id":202397,"date":"2025-06-25T04:50:16","date_gmt":"2025-06-25T04:50:16","guid":{"rendered":"https:\/\/www.europesays.com\/fr\/202397\/"},"modified":"2025-06-25T04:50:16","modified_gmt":"2025-06-25T04:50:16","slug":"la-maison-louis-carre-remet-en-lumiere-genevieve-claisse","status":"publish","type":"post","link":"https:\/\/www.europesays.com\/fr\/202397\/","title":{"rendered":"La maison Louis Carr\u00e9 remet en lumi\u00e8re Genevi\u00e8ve Claisse"},"content":{"rendered":"<p class=\"editor-content__paragraph\">C\u2019est un petit bout de Scandinavie <strong>en plein c\u0153ur des Yvelines<\/strong>. Seule r\u00e9alisation du Finlandais <strong><a href=\"https:\/\/www.beauxarts.com\/expos\/alvar-aalto-larchitecte-qui-domestiquait-la-foret\/\" target=\"_blank\" rel=\"noopener nofollow\">Alvar Aalto<\/a> <\/strong>en France, la <strong><a href=\"https:\/\/www.beauxarts.com\/lifestyle\/la-maison-louis-carre-une-merveille-de-larchitecture-moderne-cachee-dans-les-yvelines\/\" target=\"_blank\" rel=\"noopener nofollow\">maison Louis Carr\u00e9<\/a><\/strong> est un bijou architectural qui se dresse tel un phare du modernisme dans un \u00e9crin de verdure depuis la fin des ann\u00e9es 1950. Riche marchand d\u2019art, Louis Carr\u00e9 a donn\u00e9 carte blanche \u00e0 l\u2019architecte rencontr\u00e9 lors de la Biennale de Venise en 1956\u2026 \u00e0 une exception pr\u00e8s\u00a0: ce grand ami de <a href=\"https:\/\/www.beauxarts.com\/grand-format\/le-corbusier-en-2-minutes\/\" target=\"_blank\" rel=\"noopener nofollow\">Le Corbusier<\/a> a horreur des toits plats.<\/p>\n<p class=\"editor-content__paragraph\">Alvar Aalto dessine donc cette <strong>immense b\u00e2tisse aux larges baies vitr\u00e9es<\/strong> ouvrant sur un large terrain en pente. Si les chambres sont relativement petites, les pi\u00e8ces de vie pr\u00e9sentent, quant \u00e0 elles, des volumes importants, afin de permettre \u00e0 Louis Carr\u00e9 de recevoir ses amis \u2013 artistes ou collectionneurs. Des luminaires aux poign\u00e9es de portes, Aalto con\u00e7oit aussi <strong>l\u2019int\u00e9gralit\u00e9 du mobilier<\/strong>, dont les lignes organiques s\u2019int\u00e8grent \u00e0 merveille dans cet <strong>espace lumineux et bois\u00e9<\/strong> o\u00f9 cohabitent les mat\u00e9riaux nobles. Quant aux murs, ils sont laiss\u00e9s parfaitement blancs pour pouvoir accueillir, au gr\u00e9 des envies du propri\u00e9taire, les \u0153uvres issues de sa collection. \u00ab\u00a0C\u2019est une v\u00e9ritable <strong>maison-galerie<\/strong>\u00a0\u00bb, r\u00e9sume aujourd\u2019hui Asdis Olafsdottir, directrice du lieu qui rouvre ses portes aux visiteurs<strong> apr\u00e8s sept mois d\u2019importants travaux<\/strong> de r\u00e9novation de ses espaces ext\u00e9rieurs.<\/p>\n<p>    <img loading=\"lazy\" decoding=\"async\" class=\"image__img\" src=\"https:\/\/www.europesays.com\/fr\/wp-content\/uploads\/2025\/06\/webmlc-3--frederik-vercruysse-964x723.jpg\" alt=\"Maison Louis Carr\u00e9\" width=\"964\" height=\"723\"\/><\/p>\n<p class=\"editor-content__paragraph\">Depuis, \u00e0 la maison Louis Carr\u00e9, on perp\u00e9tue le souvenir de l\u2019ancien propri\u00e9taire en organisant des <strong>expositions d\u2019art moderne et contemporain<\/strong>. Cet \u00e9t\u00e9, ce sont les<strong> \u0153uvres de la peintre Genevi\u00e8ve Claisse<\/strong> qui, du salon \u00e0 la chambre, s\u2019invitent sur les murs, donnant l\u2019impression qu\u2019elles ont toujours \u00e9t\u00e9 accroch\u00e9es l\u00e0. Il faut dire que l\u2019<strong>abstraction g\u00e9om\u00e9trique<\/strong> de l\u2019artiste, comme sa palette aux tons purs, s\u2019int\u00e8grent parfaitement dans cette architecture fonctionnelle.<\/p>\n<p>        \u00c0 lire aussi :<br \/>\n        <a class=\"renvoi-explicite__link\" href=\"https:\/\/www.beauxarts.com\/lifestyle\/la-maison-louis-carre-une-merveille-de-larchitecture-moderne-cachee-dans-les-yvelines\/\" rel=\"nofollow noopener\" target=\"_blank\">La maison Louis Carr\u00e9 : une merveille de l&rsquo;architecture moderne cach\u00e9e dans les Yvelines<\/a><\/p>\n<p>L\u2019h\u00e9riti\u00e8re d\u2019Auguste Herbin<\/p>\n<p>    <img loading=\"lazy\" decoding=\"async\" class=\"image__img\" src=\"https:\/\/www.europesays.com\/fr\/wp-content\/uploads\/2025\/06\/webg-claisse-portrait-1962-964x723.jpg\" alt=\"Portrait de Genevi\u00e8ve Claisse\" width=\"964\" height=\"723\"\/><\/p>\n<p>Portrait de Genevi\u00e8ve Claisse, 1962<\/p>\n<p class=\"editor-content__paragraph\">Peu connue du grand public, Genevi\u00e8ve Claisse a pourtant compt\u00e9 <strong>parmi les grands noms de l\u2019<a href=\"https:\/\/www.beauxarts.com\/grand-format\/labstraction-en-2-minutes\/\" target=\"_blank\" rel=\"noopener nofollow\">abstraction<\/a><\/strong> de la seconde moiti\u00e9 du XXe si\u00e8cle. N\u00e9e en 1935 \u00e0 Qui\u00e9vy, non loin de Cambrai, elle s\u2019affirme comme l\u2019<strong>h\u00e9riti\u00e8re des grands coloristes<\/strong> que cette \u00e2pre terre du Nord a engendr\u00e9s tels <a href=\"https:\/\/www.beauxarts.com\/encyclo\/henri-matisse-en-2-minutes\/\" target=\"_blank\" rel=\"noopener nofollow\">Henri Matisse<\/a> et <a href=\"https:\/\/www.beauxarts.com\/expos\/letonnant-alphabet-synesthesique-dauguste-herbin-pionnier-oublie-de-lart-abstrait\/\" target=\"_blank\" rel=\"noopener nofollow\">Auguste Herbin<\/a>, dont elle d\u00e9couvre un jour de 1953\u00a0qu\u2019il est son lointain cousin.<\/p>\n<p class=\"editor-content__paragraph\">Lectrice assidue de la revue L\u2019Art d\u2019aujourd\u2019hui, Genevi\u00e8ve Claisse s\u2019engage alors, <strong> en autodidacte<\/strong>, sur la voie de l\u2019abstraction. Le vieux Herbin, bien qu\u2019atteint d\u2019h\u00e9mipl\u00e9gie, l\u2019encourage et l\u2019engage comme assistante. Bien plus tard, dans les ann\u00e9es 1990, Claisse publiera le catalogue raisonn\u00e9 de son a\u00efeul.<\/p>\n<p>    <img loading=\"lazy\" decoding=\"async\" class=\"image__img\" src=\"https:\/\/www.europesays.com\/fr\/wp-content\/uploads\/2025\/06\/modlouiscarre_gclaisselucie-jean-9-964x614.jpg\" alt=\"Exposition Genevi\u00e8ve Claisse \u00e0 la maison Louis Carr\u00e9 \u00e0 Bazoches-sur-Guyonne\" width=\"964\" height=\"614\"\/><\/p>\n<p>Exposition Genevi\u00e8ve Claisse \u00e0 la maison Louis Carr\u00e9 \u00e0 Bazoches-sur-Guyonne<\/p>\n<p>    i<\/p>\n<p class=\"editor-content__paragraph\">\u00ab\u00a0L\u2019abstraction donnait <strong>un sens \u00e0 ma vie<\/strong>, m\u2019apportait un vrai bonheur. Je me suis sentie na\u00eetre une deuxi\u00e8me fois le jour o\u00f9 j\u2019ai r\u00e9alis\u00e9 ma premi\u00e8re \u0153uvre\u00a0\u00bb, se souviendra l\u2019artiste. Bien vite, les \u00e9lans lyriques de ses d\u00e9buts c\u00e8dent leur place \u00e0 une <strong>rationalit\u00e9 g\u00e9om\u00e9trique<\/strong> qui ne la quittera plus. Son vocabulaire formel s\u2019enrichit <strong>de cercles, de triangles et d\u2019autres quadrilat\u00e8res<\/strong> qui, trait\u00e9s en aplats de couleur, colonisent la surface de la toile sur laquelle ils semblent s\u2019animer. D\u2019une grande rigueur, son \u0153uvre n\u2019en demeure pas moins marqu\u00e9e par une <strong>forte sensibilit\u00e9<\/strong> et une<strong> qu\u00eate d\u2019absolu<\/strong>.<\/p>\n<p>        \u00c0 lire aussi :<br \/>\n        <a class=\"renvoi-explicite__link\" href=\"https:\/\/www.beauxarts.com\/expos\/letonnant-alphabet-synesthesique-dauguste-herbin-pionnier-oublie-de-lart-abstrait\/\" rel=\"nofollow noopener\" target=\"_blank\">L\u2019\u00e9tonnant alphabet synesth\u00e9sique d\u2019Auguste Herbin, pionnier oubli\u00e9 de l\u2019art abstrait<\/a><\/p>\n<p>Une grande artiste abstraite \u00e0 red\u00e9couvrir<\/p>\n<blockquote class=\"editor-content__blockquote editor-content__blockquote--align-left\">\n<p>\u00ab\u00a0Genevi\u00e8ve Claisse respire l\u2019esprit de son \u00e9poque dans ce qu\u2019il a de meilleur.\u00a0\u00bb<\/p>\n<p>Mario Choueiry<\/p>\n<\/blockquote>\n<p class=\"editor-content__paragraph\">Aujourd\u2019hui largement <strong>m\u00e9connue du grand public<\/strong> (et ce malgr\u00e9 une importante r\u00e9trospective pr\u00e9sent\u00e9e en 2015\u00a0au <a href=\"https:\/\/www.beauxarts.com\/expos\/au-cateau-cambresis-la-fabuleuse-renaissance-du-musee-matisse\/\" target=\"_blank\" rel=\"noopener nofollow\">mus\u00e9e Matisse du Cateau-Cambr\u00e9sis<\/a>), Genevi\u00e8ve Claisse a pourtant fait partie des figures embl\u00e9matiques de l\u2019abstraction et de l\u2019art cin\u00e9tique d\u00e9fendues par la galerie Denise Ren\u00e9, aux c\u00f4t\u00e9s, entre autres, de <a href=\"https:\/\/www.beauxarts.com\/grand-format\/victor-vasarely-en-2-minutes\/\" target=\"_blank\" rel=\"noopener nofollow\">Victor Vasarely<\/a>. <strong>Expos\u00e9e \u00e0 Paris mais aussi \u00e0 Londres, New York et Copenhague<\/strong>, elle assoit sa stature internationale et r\u00e9alise en 1967, \u00e0 l\u2019occasion de l\u2019Exposition universelle de Montr\u00e9al, le <strong>d\u00e9cor du bassin du pavillon fran\u00e7ais<\/strong>. De m\u00eame, elle prend la suite de <a href=\"https:\/\/www.beauxarts.com\/grand-format\/sonia-delaunay-en-2-minutes-2\/\" target=\"_blank\" rel=\"noopener nofollow\">Sonia Delaunay<\/a> en tant que repr\u00e9sentante de la France \u00e0 l\u2019Association internationale des arts plastiques (UNESCO) de 1986 \u00e0 1995.<\/p>\n<p>    <img loading=\"lazy\" decoding=\"async\" class=\"image__img\" src=\"https:\/\/www.europesays.com\/fr\/wp-content\/uploads\/2025\/06\/weblouiscarre_gclaisselucie-jean-6-964x580.jpg\" alt=\"Exposition Genevi\u00e8ve Claisse \u00e0 la maison Louis Carr\u00e9 \u00e0 Bazoches-sur-Guyonne\" width=\"964\" height=\"580\"\/><\/p>\n<p>Exposition Genevi\u00e8ve Claisse \u00e0 la maison Louis Carr\u00e9 \u00e0 Bazoches-sur-Guyonne<\/p>\n<p>    i<\/p>\n<p class=\"editor-content__paragraph\">D\u00e8s le milieu des ann\u00e9es 1960, ses formes g\u00e9om\u00e9triques s\u2019\u00e9chappent de la toile pour <strong>se d\u00e9ployer dans l\u2019espace<\/strong>. En t\u00e9moigne la poign\u00e9e de <strong>sculptures diss\u00e9min\u00e9es<\/strong> dans la maison Louis Carr\u00e9 et son paisible jardin. \u00ab\u00a0Elle respire l\u2019esprit de son \u00e9poque dans ce qu\u2019il a de meilleur\u00a0\u00bb, note le commissaire de l\u2019exposition Mario Choueiry (\u00e0 qui l\u2019ont doit aussi l\u2019<a href=\"https:\/\/www.beauxarts.com\/expos\/letonnant-alphabet-synesthesique-dauguste-herbin-pionnier-oublie-de-lart-abstrait\/\" target=\"_blank\" rel=\"noopener nofollow\">\u00e9clatante r\u00e9trospective consacr\u00e9e \u00e0 Auguste Herbin au mus\u00e9e de Montmartre en 2024<\/a>). La carri\u00e8re de Genevi\u00e8ve Claisse est par ailleurs marqu\u00e9e par des <strong>allers-retours entre le noir et blanc et la couleur<\/strong>.<\/p>\n<p>    <img loading=\"lazy\" decoding=\"async\" class=\"image__img\" src=\"https:\/\/www.europesays.com\/fr\/wp-content\/uploads\/2025\/06\/weblouiscarre_gclaisselucie-jean-28-964x1446.jpg\" alt=\"Exposition Genevi\u00e8ve Claisse \u00e0 la maison Louis Carr\u00e9 \u00e0 Bazoches-sur-Guyonne\" width=\"964\" height=\"1446\"\/><\/p>\n<p>Exposition Genevi\u00e8ve Claisse \u00e0 la maison Louis Carr\u00e9 \u00e0 Bazoches-sur-Guyonne<\/p>\n<p>    i<\/p>\n<p class=\"editor-content__paragraph\">Au cours des ann\u00e9es 1970, <strong>dans la continuit\u00e9 des <a href=\"https:\/\/www.beauxarts.com\/grand-format\/le-suprematisme-en-2-minutes\/\" target=\"_blank\" rel=\"noopener nofollow\">supr\u00e9matistes<\/a> russes<\/strong> (<a href=\"https:\/\/www.beauxarts.com\/grand-format\/kazimir-malevitch-en-2-minutes\/\" target=\"_blank\" rel=\"noopener nofollow\">Malevitch<\/a> en t\u00eate), elle d\u00e9laisse ses embl\u00e9matiques cercles et triangles pour se consacrer aux <strong>lignes noires<\/strong> qui invitent l\u2019\u0153il du spectateur \u00e0 un v\u00e9ritable jeu g\u00e9om\u00e9trique sur la surface blanche du tableau. Ainsi, toute sa vie, l\u2019artiste n\u2019aura eu de cesse de mener des <strong>recherches sur les formes et les couleurs<\/strong> qu\u2019elle r\u00e9actualise sur la toile. \u00ab\u00a0La couleur est la vie de l\u2019\u0153uvre, elle donne la vie\u00a0\u00bb, consid\u00e9rait Genevi\u00e8ve Claisse \u2013 <strong>une artiste de l\u2019absolu<\/strong> qu\u2019il est grand temps de red\u00e9couvrir.<\/p>\n<p>        \u00c0 lire aussi :<br \/>\n        <a class=\"renvoi-explicite__link\" href=\"https:\/\/www.beauxarts.com\/lifestyle\/chef-doeuvre-moderniste-la-maison-atelier-de-jean-lurcat-se-devoile-a-paris\/\" rel=\"nofollow noopener\" target=\"_blank\">Chef-d\u2019\u0153uvre moderniste, la maison-atelier de Jean Lur\u00e7at se d\u00e9voile \u00e0 Paris<\/a><\/p>\n<p>Du 14 juin 2025 au 21 septembre 2025<br \/>Pour visiter la maison et l&rsquo;exposition, il est n\u00e9cessaire de r\u00e9server par mail. Des visites avec navette depuis Paris le premier samedi de chaque mois d\u2019avril \u00e0 novembre.<\/p>\n<p class=\"url-expo\"><a href=\"https:\/\/www.maisonlouiscarre.fr\/mlc\/genevieve-claisse\/\" rel=\"nofollow noopener\" target=\"_blank\">www.maisonlouiscarre.fr<\/a><\/p>\n<p class=\"annexe-content__infos\">Maison Louis Carr\u00e9 \u2022 2 chemin du Saint-Sacrement \u2022 78490 Bazoches-sur-Guyonne<br \/><a href=\"https:\/\/maisonlouiscarre.fr\/mlc\/\" rel=\"nofollow noopener\" target=\"_blank\">maisonlouiscarre.fr<\/a><\/p>\n","protected":false},"excerpt":{"rendered":"C\u2019est un petit bout de Scandinavie en plein c\u0153ur des Yvelines. Seule r\u00e9alisation du Finlandais Alvar Aalto en&hellip;\n","protected":false},"author":2,"featured_media":202398,"comment_status":"","ping_status":"","sticky":false,"template":"","format":"standard","meta":{"footnotes":""},"categories":[1358],"tags":[1396,1348,1384,1385,1386,58,59,1011,27,34181,34180,1585],"class_list":{"0":"post-202397","1":"post","2":"type-post","3":"status-publish","4":"format-standard","5":"has-post-thumbnail","7":"category-arts-et-design","8":"tag-art-contemporain","9":"tag-arts","10":"tag-arts-and-design","11":"tag-arts-et-design","12":"tag-design","13":"tag-divertissement","14":"tag-entertainment","15":"tag-fr","16":"tag-france","17":"tag-genevieve-claisse","18":"tag-maison-louis-carre","19":"tag-peinture"},"share_on_mastodon":{"url":"https:\/\/pubeurope.com\/@fr\/114742206582983542","error":""},"_links":{"self":[{"href":"https:\/\/www.europesays.com\/fr\/wp-json\/wp\/v2\/posts\/202397","targetHints":{"allow":["GET"]}}],"collection":[{"href":"https:\/\/www.europesays.com\/fr\/wp-json\/wp\/v2\/posts"}],"about":[{"href":"https:\/\/www.europesays.com\/fr\/wp-json\/wp\/v2\/types\/post"}],"author":[{"embeddable":true,"href":"https:\/\/www.europesays.com\/fr\/wp-json\/wp\/v2\/users\/2"}],"replies":[{"embeddable":true,"href":"https:\/\/www.europesays.com\/fr\/wp-json\/wp\/v2\/comments?post=202397"}],"version-history":[{"count":0,"href":"https:\/\/www.europesays.com\/fr\/wp-json\/wp\/v2\/posts\/202397\/revisions"}],"wp:featuredmedia":[{"embeddable":true,"href":"https:\/\/www.europesays.com\/fr\/wp-json\/wp\/v2\/media\/202398"}],"wp:attachment":[{"href":"https:\/\/www.europesays.com\/fr\/wp-json\/wp\/v2\/media?parent=202397"}],"wp:term":[{"taxonomy":"category","embeddable":true,"href":"https:\/\/www.europesays.com\/fr\/wp-json\/wp\/v2\/categories?post=202397"},{"taxonomy":"post_tag","embeddable":true,"href":"https:\/\/www.europesays.com\/fr\/wp-json\/wp\/v2\/tags?post=202397"}],"curies":[{"name":"wp","href":"https:\/\/api.w.org\/{rel}","templated":true}]}}