{"id":202401,"date":"2025-06-25T04:52:15","date_gmt":"2025-06-25T04:52:15","guid":{"rendered":"https:\/\/www.europesays.com\/fr\/202401\/"},"modified":"2025-06-25T04:52:15","modified_gmt":"2025-06-25T04:52:15","slug":"tf1-en-direct-live-tv-tf1","status":"publish","type":"post","link":"https:\/\/www.europesays.com\/fr\/202401\/","title":{"rendered":"TF1 en direct live TV &#8211; TF1+"},"content":{"rendered":"<ol>\n<li><a href=\"https:\/\/news.google.com\/rss\/articles\/CBMiQ0FVX3lxTE5PQ1pSaHJIb0tzcm1mSEJJZE9sWmdfZVI0V3BQcWRsNkw4T2V3UEJ0VUNPSWZJcXRaTEZYNmlRckNGLVk?oc=5\" target=\"_blank\" rel=\"nofollow noopener\">TF1 en direct live TV<\/a>&nbsp;&nbsp;TF1+<\/li>\n<li><a href=\"https:\/\/news.google.com\/rss\/articles\/CBMi0AFBVV95cUxOdlIwN2l3UWMwUGhZQ2RZY096eG82bDFEbkh2SHZRS2FxWXVraDBOTGlVZ0NwQWJ4S1JDZVdac3dGaDJIVHVwOXBCRUNtb3BOUlV3OGg5ams5bGlDcW1IdnRvVVdDZ3pFQ0dtNnpWdEdSb0tZSVJFR29MRVgtV0s1Q1QyREtCSzNpcDZ4ZWZVRWxWcjVmdlJCMFFOazJ5NnFhQzdROWlkaVZXdkFPUlhEYzE3S1RpMEF1SHhrQi1Nejl6UHdydEhMWVNrcWhBVnNj?oc=5\" target=\"_blank\" rel=\"nofollow noopener\">La France \u00e9trille la Lituanie et se qualifie en demi-finales de l&rsquo;Eurobasket<\/a>&nbsp;&nbsp;L&rsquo;\u00c9quipe<\/li>\n<li><a href=\"https:\/\/news.google.com\/rss\/articles\/CBMipgFBVV95cUxQbi0xOV8wQk5tTWp0VFhnM0ZEZDJSTkctQ1VmcGN4YTV2dzBhQlVDZEUzVmZhM0lta0FWT3RwWDRMUGllWmpNV0RrSi1vODlsd3RIUV93YzJybnBtbFVSUUVKbVlubjI1T1A2U2tOdFBRZVkyRGdfZnd5T1Y1R2lkQUt3VW0zQlRJUDV1dEJqLWR1cnV1b0h0U1JmTGN1TW1SSVk3SjRn?oc=5\" target=\"_blank\" rel=\"nofollow noopener\">Euro (F) : France &#8211; Lituanie en direct<\/a>&nbsp;&nbsp;Orange Actualit\u00e9s | Sports<\/li>\n<li><a href=\"https:\/\/news.google.com\/rss\/articles\/CBMi2gFBVV95cUxORGhNbk4wcDlRYzJFdzNmOE9BVE00OXliMjhlZlhEQWM2cW5qTkxXU2tGR0kzN0pDRDdpWU5HaXNiRnFxS0NnaXdXWWhNQjd1SnEyck1McS16elNYbmw5aEdvekJJS0VrS2E3OUptTlUxU1hpVU40N2tvTFVFRVNSVU1vUGEtUVQydFpjSjZranlpRmlDMVR6M19EOVR0eXkweEI1VTBKU084WW05R3IzRjlrVjJtVWVqSEpXTDFpTzFtMGVjby0taGJCYnpXdERFbDlJanNFOU40Zw?oc=5\" target=\"_blank\" rel=\"nofollow noopener\">Eurobasket (F), France-Lituanie : adresse ph\u00e9nom\u00e9nale \u00e0 3-pts, adversit\u00e9 relative&#8230; Les tops et les flops<\/a>&nbsp;&nbsp;Le Figaro<\/li>\n<li><a href=\"https:\/\/news.google.com\/rss\/articles\/CBMihgFBVV95cUxOenNBWFdUelFyTDJnNGJ0YzYweFhJZnlKU0hMUEQ0b1JfMWk3OGROUzE4N3lRalNXdUFlNlI5ejE4ZEEzeFo0ZG02N1NxY1Etc29oalA0NU9DV1ZLVFZtYXhDQVJYOVJkcEdMdmtXM3ZKa0NoUUM3SFBrRjU4Q3NpMGhMb1VCZw?oc=5\" target=\"_blank\" rel=\"nofollow noopener\">Jean-Aim\u00e9 Toupane : \u00ab Si on veut percer ce plafond de verre\u2026 \u00bb<\/a>&nbsp;&nbsp;BeBasket<\/li>\n<\/ol>\n","protected":false},"excerpt":{"rendered":"TF1 en direct live TV&nbsp;&nbsp;TF1+ La France \u00e9trille la Lituanie et se qualifie en demi-finales de l&rsquo;Eurobasket&nbsp;&nbsp;L&rsquo;\u00c9quipe Euro&hellip;\n","protected":false},"author":2,"featured_media":202402,"comment_status":"","ping_status":"","sticky":false,"template":"","format":"standard","meta":{"footnotes":""},"categories":[1356],"tags":[34182,34188,58,59,1011,27,34184,34191,34187,34192,252,34183,34185,34186,1364,34189,34190,6718],"class_list":{"0":"post-202401","1":"post","2":"type-post","3":"status-publish","4":"format-standard","5":"has-post-thumbnail","7":"category-television","8":"tag-direct-tf1","9":"tag-direct-tv","10":"tag-divertissement","11":"tag-entertainment","12":"tag-fr","13":"tag-france","14":"tag-live-tf1","15":"tag-live-tv","16":"tag-streaming-tf1","17":"tag-streaming-tv","18":"tag-television","19":"tag-tf1-direct","20":"tag-tf1-live","21":"tag-tf1-streaming","22":"tag-tv","23":"tag-tv-direct","24":"tag-tv-live","25":"tag-tv-streaming"},"share_on_mastodon":{"url":"https:\/\/pubeurope.com\/@fr\/114742214258035312","error":""},"_links":{"self":[{"href":"https:\/\/www.europesays.com\/fr\/wp-json\/wp\/v2\/posts\/202401","targetHints":{"allow":["GET"]}}],"collection":[{"href":"https:\/\/www.europesays.com\/fr\/wp-json\/wp\/v2\/posts"}],"about":[{"href":"https:\/\/www.europesays.com\/fr\/wp-json\/wp\/v2\/types\/post"}],"author":[{"embeddable":true,"href":"https:\/\/www.europesays.com\/fr\/wp-json\/wp\/v2\/users\/2"}],"replies":[{"embeddable":true,"href":"https:\/\/www.europesays.com\/fr\/wp-json\/wp\/v2\/comments?post=202401"}],"version-history":[{"count":0,"href":"https:\/\/www.europesays.com\/fr\/wp-json\/wp\/v2\/posts\/202401\/revisions"}],"wp:featuredmedia":[{"embeddable":true,"href":"https:\/\/www.europesays.com\/fr\/wp-json\/wp\/v2\/media\/202402"}],"wp:attachment":[{"href":"https:\/\/www.europesays.com\/fr\/wp-json\/wp\/v2\/media?parent=202401"}],"wp:term":[{"taxonomy":"category","embeddable":true,"href":"https:\/\/www.europesays.com\/fr\/wp-json\/wp\/v2\/categories?post=202401"},{"taxonomy":"post_tag","embeddable":true,"href":"https:\/\/www.europesays.com\/fr\/wp-json\/wp\/v2\/tags?post=202401"}],"curies":[{"name":"wp","href":"https:\/\/api.w.org\/{rel}","templated":true}]}}