{"id":202421,"date":"2025-06-25T05:02:15","date_gmt":"2025-06-25T05:02:15","guid":{"rendered":"https:\/\/www.europesays.com\/fr\/202421\/"},"modified":"2025-06-25T05:02:15","modified_gmt":"2025-06-25T05:02:15","slug":"les-notes-de-koh-lanta-la-revanche-des-4-terres-so-foot-com-3","status":"publish","type":"post","link":"https:\/\/www.europesays.com\/fr\/202421\/","title":{"rendered":"Les notes de Koh-Lanta : la revanche des 4 terres &#8211; SO FOOT.com"},"content":{"rendered":"<ol>\n<li><a href=\"https:\/\/news.google.com\/rss\/articles\/CBMimAFBVV95cUxQOVpUdGhUd1JlV1ZVQURabWtnZVB5QjJFWnVTajlCNFpfYTlYZ29xUDFsdVlFT3Z4ek1TcmpTN3d4eFZRa2lxblhqQ1FhLUZaX1FWZlRXYWlURkhYYnhhOUpNV0RwRWN4NUoxVDhwVW1CVEtDdW15RnZiUHVTOGxSWS0tNjlHaDVwT3AxdXR3TmF4NGh3OW9pMQ?oc=5\" target=\"_blank\" rel=\"nofollow noopener\">Les notes de Koh-Lanta : la revanche des 4 terres<\/a>&nbsp;&nbsp;SO FOOT.com<\/li>\n<li><a href=\"https:\/\/news.google.com\/rss\/articles\/CBMiwwFBVV95cUxQN0hjRTItWGxuZ25WTVh2OHdnU3FNSDVOOUlWYmxyMVdPQzRQQjJEVDhZbFl0d3A1bnBudWR1VkJxNEh6YmlJSmJqcGQ1dDBvNFBhb2I4TFhfUmdNckNUcWNWWVRjYkdJb2dxUGJUR2VCUGlFbXhYb0xWZk9BOG9XVWk1YVh5WU1JZE5hOHI4ekxuS3JCM0d2Q3BsWmJycnFsckFjQ1YwMzZMaE9nWlZmSkFvc25UOEpqcmhaekxDM3l5Z28?oc=5\" target=\"_blank\" rel=\"nofollow noopener\">Koh-Lanta La Revanche des 4 Terres &#8211; Emission 17 du 24 juin 2025 &#8211; Partie 1<\/a>&nbsp;&nbsp;TF1+<\/li>\n<li><a href=\"https:\/\/news.google.com\/rss\/articles\/CBMi7wFBVV95cUxOVTJQcUN4R2V3QWVHd19XOFJ5YkNmNTU3c0F4MG9TWWpRRnpRMEZCdGUycXlQcm9MeHhtVEZtOE9QalAzRWt0SzQtTWRvMnBjWWVhNm96aV80MnBoc3A5WG1NaUszS2ZCRnJMYXZhUjBrN0JrZDJUOUo1T1BFelN5TERmZl85aEc0WjMtcW5JTVZfUnpNd1p2THNLVHNLWFM2REg3RjR1SjdCUVg5bEFhM3A0cUlkeEEwZlpCTGpobVEyT290clFqWjdFQnJuVzlwTGVjNUdrQUhMblFjUnBOLWFScjJCc2JVUDRDQ05mbw?oc=5\" target=\"_blank\" rel=\"nofollow noopener\">On sait qui est le grand gagnant de \u00ab Koh-Lanta, La Revanche des 4 Terres \u00bb \u00e0 l\u2019issue de la finale<\/a>&nbsp;&nbsp;Le HuffPost<\/li>\n<li><a href=\"https:\/\/news.google.com\/rss\/articles\/CBMi_wFBVV95cUxOQnVtR28wWHJGTGx5SG96aEJhT2pFZTBYYUc5TU8xdHFuM0dieDA4V0tPTWN4UTdEaUVnbENyOTh5Wjk4TGlJTTVGdzVDUk1hZm9QMzVfN2ltcmlaSDk1SDA0eE5fd2ptejBWbkNJRHNTMlVobGI0cTlDSzM5bTFIRHhwTEdyX3pJWFZiYWtmdHQ2bnZvSXlnYzZpSlZfajFqZlpyOGxpT0hFU3RabFVjbFJlSW1CN3ZLNWM3UWlneWVTcF9Ta1k1Z3RMT2tRX3JmcmotdjNWY3dQQ1ZFM1RaeXhMZVljUThWbHM2Z1VtdC1FY3dET2p2MXdlWEx3alE?oc=5\" target=\"_blank\" rel=\"nofollow noopener\">\u00ab Koh-Lanta \u00bb. Ga\u00eblle remporte l\u2019\u00e9preuve des poteaux et la finale de \u00ab La revanche des 4 Terres \u00bb<\/a>&nbsp;&nbsp;Ouest-France<\/li>\n<li><a href=\"https:\/\/news.google.com\/rss\/articles\/CBMi1gFBVV95cUxQSmlrbjVUMzU0S3NjY1NEbXNiYUhQSmVUaUlwemxzTFk3TzdIOGRKQ0xKYjZmeTlUTGhVVU9hUG1mYlBCNm9udGREX2tCelRpTU96VXhTa3hQSmx2T0x5RW5YT2JtVnFweGRlSjJTeV8xWjFqZUNGdHdWVVJaNUZMVGh5N0tUMll3N3BDdGdBSVZkV2JrVGRVRDdvSEstZC1HX011LXRjVEJQSjBPcUpGRW1VTHFYNU1xSmpXR1ByWFZoUVA5M2VjdGluYnl0azFFWHNXY29B?oc=5\" target=\"_blank\" rel=\"nofollow noopener\">\u00ab On est fiers de lui \u00bb : les amis de Ma\u00ebl r\u00e9unis \u00e0 Fouesnant pour la finale de Koh-Lanta<\/a>&nbsp;&nbsp;francebleu.fr<\/li>\n<\/ol>\n","protected":false},"excerpt":{"rendered":"Les notes de Koh-Lanta : la revanche des 4 terres&nbsp;&nbsp;SO FOOT.com Koh-Lanta La Revanche des 4 Terres &#8211;&hellip;\n","protected":false},"author":2,"featured_media":202422,"comment_status":"","ping_status":"","sticky":false,"template":"","format":"standard","meta":{"footnotes":""},"categories":[2],"tags":[47,11,61,69,65,64,63,1011,27,68,66,12,62,70,67],"class_list":{"0":"post-202421","1":"post","2":"type-post","3":"status-publish","4":"format-standard","5":"has-post-thumbnail","7":"category-actualites","8":"tag-actualite","9":"tag-actualites","10":"tag-actus-football","11":"tag-bundesliga","12":"tag-championnats-europeens","13":"tag-equipe-de-france","14":"tag-football","15":"tag-fr","16":"tag-france","17":"tag-ligua","18":"tag-ligue-1","19":"tag-news","20":"tag-news-foot","21":"tag-premier-league","22":"tag-serie-a"},"share_on_mastodon":{"url":"https:\/\/pubeurope.com\/@fr\/114742253609253221","error":""},"_links":{"self":[{"href":"https:\/\/www.europesays.com\/fr\/wp-json\/wp\/v2\/posts\/202421","targetHints":{"allow":["GET"]}}],"collection":[{"href":"https:\/\/www.europesays.com\/fr\/wp-json\/wp\/v2\/posts"}],"about":[{"href":"https:\/\/www.europesays.com\/fr\/wp-json\/wp\/v2\/types\/post"}],"author":[{"embeddable":true,"href":"https:\/\/www.europesays.com\/fr\/wp-json\/wp\/v2\/users\/2"}],"replies":[{"embeddable":true,"href":"https:\/\/www.europesays.com\/fr\/wp-json\/wp\/v2\/comments?post=202421"}],"version-history":[{"count":0,"href":"https:\/\/www.europesays.com\/fr\/wp-json\/wp\/v2\/posts\/202421\/revisions"}],"wp:featuredmedia":[{"embeddable":true,"href":"https:\/\/www.europesays.com\/fr\/wp-json\/wp\/v2\/media\/202422"}],"wp:attachment":[{"href":"https:\/\/www.europesays.com\/fr\/wp-json\/wp\/v2\/media?parent=202421"}],"wp:term":[{"taxonomy":"category","embeddable":true,"href":"https:\/\/www.europesays.com\/fr\/wp-json\/wp\/v2\/categories?post=202421"},{"taxonomy":"post_tag","embeddable":true,"href":"https:\/\/www.europesays.com\/fr\/wp-json\/wp\/v2\/tags?post=202421"}],"curies":[{"name":"wp","href":"https:\/\/api.w.org\/{rel}","templated":true}]}}