{"id":202423,"date":"2025-06-25T05:03:10","date_gmt":"2025-06-25T05:03:10","guid":{"rendered":"https:\/\/www.europesays.com\/fr\/202423\/"},"modified":"2025-06-25T05:03:10","modified_gmt":"2025-06-25T05:03:10","slug":"saint-etienne-a-tarentaize-des-travaux-xxl-et-des-conditions-de-travail-difficiles-pour-les-agents-de-la-ville","status":"publish","type":"post","link":"https:\/\/www.europesays.com\/fr\/202423\/","title":{"rendered":"Saint-Etienne. \u00c0 Tarentaize, des travaux XXL et des conditions de travail difficiles pour les agents de la Ville"},"content":{"rendered":"<p>\u00ab\u00a0Ce sera un peu compliqu\u00e9 pour eux. Les abords d\u2019immeubles seront impact\u00e9s, il y aura de la poussi\u00e8re, des interventions dans les appartements\u00a0\u00bb, expliquait <a href=\"https:\/\/www.leprogres.fr\/societe\/2024\/04\/23\/12-millions-d-euros-et-deux-ans-de-travaux-pour-rehabiliter-l-ilot-tarentaize-2\" target=\"_blank\" rel=\"nofollow noopener\">dans nos colonnes, en avril dernier<\/a>, Loris Flandin, directeur du p\u00f4le d\u00e9veloppement et transformation des territoires chez Habitat &amp; M\u00e9tropole.<\/p>\n<p>Il \u00e9voquait la situation \u00e0 venir des habitants concern\u00e9s par les importants travaux de r\u00e9habilitation de l\u2019\u00eelot Tarentaize 2.<\/p>\n<p>Pendant deux ans et demi, les immeubles compris entre les rues Tarentaize, Jo-Gouttebarge et Polignais vont \u00eatre enti\u00e8rement repens\u00e9s. Ces b\u00e2timents, construits en 1985, sont r\u00e9habilit\u00e9s \u00e0 l\u2019int\u00e9rieur comme \u00e0 l\u2019ext\u00e9rieur par Habitat &amp; M\u00e9tropole. Cent sept&#8230;<\/p>\n","protected":false},"excerpt":{"rendered":"\u00ab\u00a0Ce sera un peu compliqu\u00e9 pour eux. Les abords d\u2019immeubles seront impact\u00e9s, il y aura de la poussi\u00e8re,&hellip;\n","protected":false},"author":2,"featured_media":202424,"comment_status":"","ping_status":"","sticky":false,"template":"","format":"standard","meta":{"footnotes":""},"categories":[9653],"tags":[1111,11,2430,33,7539,1777,674,1011,27,1116,12,25,4001,7538],"class_list":{"0":"post-202423","1":"post","2":"type-post","3":"status-publish","4":"format-standard","5":"has-post-thumbnail","7":"category-saint-etienne","8":"tag-actu","9":"tag-actualites","10":"tag-auvergne-rhone-alpes","11":"tag-economie","12":"tag-edition-loire-sud","13":"tag-eu","14":"tag-europe","15":"tag-fr","16":"tag-france","17":"tag-immobilier","18":"tag-news","19":"tag-republique-francaise","20":"tag-saint-etienne","21":"tag-saint-etienne-ville"},"share_on_mastodon":{"url":"https:\/\/pubeurope.com\/@fr\/114742257462319558","error":""},"_links":{"self":[{"href":"https:\/\/www.europesays.com\/fr\/wp-json\/wp\/v2\/posts\/202423","targetHints":{"allow":["GET"]}}],"collection":[{"href":"https:\/\/www.europesays.com\/fr\/wp-json\/wp\/v2\/posts"}],"about":[{"href":"https:\/\/www.europesays.com\/fr\/wp-json\/wp\/v2\/types\/post"}],"author":[{"embeddable":true,"href":"https:\/\/www.europesays.com\/fr\/wp-json\/wp\/v2\/users\/2"}],"replies":[{"embeddable":true,"href":"https:\/\/www.europesays.com\/fr\/wp-json\/wp\/v2\/comments?post=202423"}],"version-history":[{"count":0,"href":"https:\/\/www.europesays.com\/fr\/wp-json\/wp\/v2\/posts\/202423\/revisions"}],"wp:featuredmedia":[{"embeddable":true,"href":"https:\/\/www.europesays.com\/fr\/wp-json\/wp\/v2\/media\/202424"}],"wp:attachment":[{"href":"https:\/\/www.europesays.com\/fr\/wp-json\/wp\/v2\/media?parent=202423"}],"wp:term":[{"taxonomy":"category","embeddable":true,"href":"https:\/\/www.europesays.com\/fr\/wp-json\/wp\/v2\/categories?post=202423"},{"taxonomy":"post_tag","embeddable":true,"href":"https:\/\/www.europesays.com\/fr\/wp-json\/wp\/v2\/tags?post=202423"}],"curies":[{"name":"wp","href":"https:\/\/api.w.org\/{rel}","templated":true}]}}