{"id":202427,"date":"2025-06-25T05:05:49","date_gmt":"2025-06-25T05:05:49","guid":{"rendered":"https:\/\/www.europesays.com\/fr\/202427\/"},"modified":"2025-06-25T05:05:49","modified_gmt":"2025-06-25T05:05:49","slug":"on-vous-dit-tout-sur-la-guinguette-la-cageotfolle-a-nancy","status":"publish","type":"post","link":"https:\/\/www.europesays.com\/fr\/202427\/","title":{"rendered":"on vous dit tout sur la Guinguette la Cageot&rsquo;Folle \u00e0 Nancy"},"content":{"rendered":"\n<p>Soir\u00e9es Blind Test, Karaok\u00e9s, concerts, tournois sportifs, Comedy Club, \u00e9v\u00e9nements \u00e9ph\u00e9m\u00e8res&#8230; La Guinguette de la <strong>Cageot&rsquo;Folle <\/strong>\u00e0 Nancy se veut familiale. Situ\u00e9e au milieu d&rsquo;un Parc, celui de <strong>Charles III<\/strong> et cette derni\u00e8re se fait \u00e9galement en collaboration avec l\u2019association des commer\u00e7ants Mercure : 3 Cageots et L&rsquo;arrosoir. Une bonne id\u00e9e pour se rafra\u00eechir cet \u00e9t\u00e9 dans la cit\u00e9 ducale.<\/p>\n","protected":false},"excerpt":{"rendered":"Soir\u00e9es Blind Test, Karaok\u00e9s, concerts, tournois sportifs, Comedy Club, \u00e9v\u00e9nements \u00e9ph\u00e9m\u00e8res&#8230; La Guinguette de la Cageot&rsquo;Folle \u00e0 Nancy&hellip;\n","protected":false},"author":2,"featured_media":202428,"comment_status":"","ping_status":"","sticky":false,"template":"","format":"standard","meta":{"footnotes":""},"categories":[9635],"tags":[1111,11,34195,34194,1777,674,1011,27,775,34193,19846,776,3457,1702,12,9666,25],"class_list":{"0":"post-202427","1":"post","2":"type-post","3":"status-publish","4":"format-standard","5":"has-post-thumbnail","7":"category-nancy","8":"tag-actu","9":"tag-actualites","10":"tag-blind-test","11":"tag-cage-aux-folles","12":"tag-eu","13":"tag-europe","14":"tag-fr","15":"tag-france","16":"tag-grand-est","17":"tag-guiguette","18":"tag-karaoke","19":"tag-lorraine","20":"tag-meurthe-et-moselle","21":"tag-nancy","22":"tag-news","23":"tag-plaisir","24":"tag-republique-francaise"},"share_on_mastodon":{"url":"https:\/\/pubeurope.com\/@fr\/114742269304305091","error":""},"_links":{"self":[{"href":"https:\/\/www.europesays.com\/fr\/wp-json\/wp\/v2\/posts\/202427","targetHints":{"allow":["GET"]}}],"collection":[{"href":"https:\/\/www.europesays.com\/fr\/wp-json\/wp\/v2\/posts"}],"about":[{"href":"https:\/\/www.europesays.com\/fr\/wp-json\/wp\/v2\/types\/post"}],"author":[{"embeddable":true,"href":"https:\/\/www.europesays.com\/fr\/wp-json\/wp\/v2\/users\/2"}],"replies":[{"embeddable":true,"href":"https:\/\/www.europesays.com\/fr\/wp-json\/wp\/v2\/comments?post=202427"}],"version-history":[{"count":0,"href":"https:\/\/www.europesays.com\/fr\/wp-json\/wp\/v2\/posts\/202427\/revisions"}],"wp:featuredmedia":[{"embeddable":true,"href":"https:\/\/www.europesays.com\/fr\/wp-json\/wp\/v2\/media\/202428"}],"wp:attachment":[{"href":"https:\/\/www.europesays.com\/fr\/wp-json\/wp\/v2\/media?parent=202427"}],"wp:term":[{"taxonomy":"category","embeddable":true,"href":"https:\/\/www.europesays.com\/fr\/wp-json\/wp\/v2\/categories?post=202427"},{"taxonomy":"post_tag","embeddable":true,"href":"https:\/\/www.europesays.com\/fr\/wp-json\/wp\/v2\/tags?post=202427"}],"curies":[{"name":"wp","href":"https:\/\/api.w.org\/{rel}","templated":true}]}}