{"id":202429,"date":"2025-06-25T05:06:21","date_gmt":"2025-06-25T05:06:21","guid":{"rendered":"https:\/\/www.europesays.com\/fr\/202429\/"},"modified":"2025-06-25T05:06:21","modified_gmt":"2025-06-25T05:06:21","slug":"la-metropole-du-grand-nancy-veut-creer-de-nouveaux-parkings-relais-voici-ou","status":"publish","type":"post","link":"https:\/\/www.europesays.com\/fr\/202429\/","title":{"rendered":"la M\u00e9tropole du Grand Nancy veut cr\u00e9er de nouveaux parkings relais, voici o\u00f9"},"content":{"rendered":"<p>            Par<br \/>\n        <strong><br \/>\n            <a href=\"https:\/\/actu.fr\/auteur\/amandine-mehl\" title=\"Consulter tous les articles de Amandine Mehl\" target=\"_blank\" rel=\"noopener\">Amandine Mehl<\/a><br \/>\n        <\/strong><\/p>\n<p>        Publi\u00e9 le<\/p>\n<p>            25 juin 2025 \u00e0 7h02        <\/p>\n<p>\u00c0 l\u2019\u00e9chelle du <a href=\"https:\/\/actu.fr\/tag\/grand-nancy\" target=\"_blank\" rel=\"noopener\">Grand Nancy<\/a>, <strong>11<\/strong> <a href=\"https:\/\/actu.fr\/grand-est\/vandoeuvre-les-nancy_54547\/moins-de-voitures-dans-nancy-un-nouveau-parking-relais-ouvre-a-la-sortie-de-l-a330_36119684.html\" target=\"_blank\" rel=\"noopener\">parkings relais<\/a> accueillent les automobilistes pour un total de <strong>1 300 places<\/strong> de <a href=\"https:\/\/actu.fr\/tag\/stationnement\" target=\"_blank\" rel=\"noopener\">stationnement<\/a>.<\/p>\n<p class=\" wall-content\">Lors d\u2019une conf\u00e9rence de presse, la M\u00e9tropole a annonc\u00e9 que des <strong>parkings suppl\u00e9mentaires<\/strong> allaient voir le jour.<\/p>\n<p>Un parking relais pr\u00e8s de l\u2019autoroute A31<\/p>\n<p class=\" wall-content\">Comme elle a pu le rappeler : \u00ab\u00a0Tout le sens des parkings relais, c\u2019est qu\u2019ils soient <strong>bien plac\u00e9s<\/strong>, notamment au niveau des <strong>lignes de bus \u00e0 haut niveau de service<\/strong>\u00ab\u00a0.<\/p>\n<p class=\" wall-content\">Parmi les projets qui avancent le plus, on note l\u2019implantation d\u2019un parking relais <strong>au niveau de l\u2019entr\u00e9e nord de l\u2019autoroute A31<\/strong>. \u00ab\u00a0On va faire un <strong>giratoire<\/strong> qui va s\u00e9curiser l\u2019entr\u00e9e de ville et qui desservira le parking\u00a0\u00bb, a indiqu\u00e9 <strong>Bertrand Mazur<\/strong>, directeur g\u00e9n\u00e9ral adjoint en charge des mobilit\u00e9s \u00e0 la M\u00e9tropole.<\/p>\n<p class=\" wall-content\">La premi\u00e8re \u00e9tape consistera en la cr\u00e9ation d\u2019un <strong>parking au sol d\u2019une cinquantaine de places<\/strong>. La livraison est pr\u00e9vue en <strong>2026<\/strong>, <strong>voire d\u00e9but 2027<\/strong>. Ensuite, en fonction de l\u2019utilisation et de la mont\u00e9e en puissance de la ligne Tempo 2, le Grand Nancy pr\u00e9voit de cr\u00e9er <strong>des \u00e9tages<\/strong>. L\u2019id\u00e9e \u00e9tant \u00e0 terme d\u2019arriver \u00e0 une jauge moyenne de <strong>200\/250 places de stationnement<\/strong>.<\/p>\n<p>Vid\u00e9os : en ce moment sur ActuUn parking relais au niveau de la porte nord dans le Grand Nancy<\/p>\n<p class=\" wall-content\">Au niveau de la <strong>porte nord<\/strong>, un autre <a href=\"https:\/\/actu.fr\/grand-est\/nancy_54395\/stationnement-a-nancy-un-parking-de-400-places-va-voir-le-jour-dans-ce-secteur-tres-frequente_61386806.html\" target=\"_blank\" rel=\"noopener\">parking<\/a> va \u00eatre implant\u00e9, l\u00e0 o\u00f9 se trouvera le terminus d\u2019<a href=\"https:\/\/actu.fr\/grand-est\/nancy_54395\/on-connait-le-futur-trace-de-l-urbanloop-a-nancy-passera-t-il-par-chez-vous_60203021.html\" target=\"_blank\" rel=\"noopener\">Urbanloop<\/a> et de la <a href=\"https:\/\/actu.fr\/grand-est\/nancy_54395\/reseau-stan-parcours-horaires-ouverture-tout-ce-qu-il-faut-savoir-sur-la-future-ligne-5-a-nancy_62134194.html\" target=\"_blank\" rel=\"noopener\">ligne 5<\/a>. Un <strong>giratoire<\/strong> sera \u00e9galement cr\u00e9\u00e9.\u00a0<\/p>\n<p class=\" wall-content\">Dans un premier temps, <strong>80 places de stationnement<\/strong> au sol seront propos\u00e9es. Ensuite, en 2028, <strong>200 \u00e0 250 places<\/strong> verront le jour.<\/p>\n<p>Vers une extension du parking relais Essey Mouzimpr\u00e9 ?<\/p>\n<p class=\" wall-content\">Bertrand Mazur a aussi \u00e9voqu\u00e9 le projet de la <strong>gare de Ludres<\/strong>. \u00ab\u00a0Il est port\u00e9 en ma\u00eetrise d\u2019ouvrage par la SNCF. Il s\u2019agit d\u2019une <strong>extension<\/strong> du parking pour pouvoir r\u00e9pondre \u00e0 une saturation. Le projet a \u00e9t\u00e9 valid\u00e9 et l\u2019objectif est une livraison pour <strong>2026<\/strong>\u00ab\u00a0. M\u00eame chose concernant le parking de la gare de Houdemont. Ces extensions permettront de <strong>gagner entre 30 et 50 places \u00e0 chaque fois<\/strong>.<\/p>\n<p class=\" wall-content\">\u00c0 plus long terme, le Grand Nancy veut <strong>renforcer<\/strong> la pr\u00e9sence des parkings relais sur les lignes de bus \u00e0 haut niveau de service. \u00ab\u00a0On travaille sur des hypoth\u00e8ses du c\u00f4t\u00e9 de <strong>Laneuveville-devant-Nancy<\/strong>, c\u00f4t\u00e9 terminus de la ligne Tempo 2, mais aussi du c\u00f4t\u00e9 de la <strong>Sapini\u00e8re \u00e0 Laxou<\/strong>\u00ab\u00a0.\u00a0<\/p>\n<p class=\" wall-content\">En fonction de la demande, une <strong>extension du parking relais Essey Mouzimpr\u00e9<\/strong> pourrait par ailleurs \u00eatre envisag\u00e9e, mais <strong>pas avant 2028-2030<\/strong>.<\/p>\n<p class=\" wall-content\">Suivez toute l\u2019actualit\u00e9 de vos villes et m\u00e9dias favoris en vous inscrivant \u00e0 <a href=\"https:\/\/moncompte.actu.fr\" title=\"D\u00e9couvez Mon Actu\" rel=\"nofollow noopener\" data-trk=\"{&quot;cta&quot;:{&quot;action&quot;:&quot;https:\\\/\\\/moncompte.actu.fr&quot;,&quot;category&quot;:&quot;mon compte&quot;,&quot;from&quot;:&quot;article footer&quot;,&quot;name&quot;:&quot;Mon actu&quot;,&quot;type&quot;:&quot;cta&quot;}}\" target=\"_blank\">Mon Actu<\/a>.<\/p>\n<ul class=\"ac-article-tag wall-content\">\n<li><a href=\"https:\/\/actu.fr\/tag\/grand-nancy\" data-trk=\"{&quot;cta&quot;:{&quot;action&quot;:&quot;Grand Nancy&quot;,&quot;category&quot;:&quot;tag&quot;,&quot;from&quot;:&quot;article footer&quot;,&quot;name&quot;:&quot;Grand Nancy&quot;,&quot;type&quot;:&quot;cta&quot;}}\" target=\"_blank\" rel=\"noopener\">#Grand Nancy<\/a><\/li>\n<li><a href=\"https:\/\/actu.fr\/tag\/stationnement\" data-trk=\"{&quot;cta&quot;:{&quot;action&quot;:&quot;Stationnement&quot;,&quot;category&quot;:&quot;tag&quot;,&quot;from&quot;:&quot;article footer&quot;,&quot;name&quot;:&quot;Stationnement&quot;,&quot;type&quot;:&quot;cta&quot;}}\" target=\"_blank\" rel=\"noopener\">#Stationnement<\/a><\/li>\n<\/ul>\n","protected":false},"excerpt":{"rendered":"Par Amandine Mehl Publi\u00e9 le 25 juin 2025 \u00e0 7h02 \u00c0 l\u2019\u00e9chelle du Grand Nancy, 11 parkings relais&hellip;\n","protected":false},"author":2,"featured_media":44848,"comment_status":"","ping_status":"","sticky":false,"template":"","format":"standard","meta":{"footnotes":""},"categories":[9635],"tags":[1111,11,1777,674,1011,27,775,10375,1702,12,25,104,6173],"class_list":{"0":"post-202429","1":"post","2":"type-post","3":"status-publish","4":"format-standard","5":"has-post-thumbnail","7":"category-nancy","8":"tag-actu","9":"tag-actualites","10":"tag-eu","11":"tag-europe","12":"tag-fr","13":"tag-france","14":"tag-grand-est","15":"tag-grand-nancy","16":"tag-nancy","17":"tag-news","18":"tag-republique-francaise","19":"tag-societe","20":"tag-stationnement"},"share_on_mastodon":{"url":"https:\/\/pubeurope.com\/@fr\/114742269498946244","error":""},"_links":{"self":[{"href":"https:\/\/www.europesays.com\/fr\/wp-json\/wp\/v2\/posts\/202429","targetHints":{"allow":["GET"]}}],"collection":[{"href":"https:\/\/www.europesays.com\/fr\/wp-json\/wp\/v2\/posts"}],"about":[{"href":"https:\/\/www.europesays.com\/fr\/wp-json\/wp\/v2\/types\/post"}],"author":[{"embeddable":true,"href":"https:\/\/www.europesays.com\/fr\/wp-json\/wp\/v2\/users\/2"}],"replies":[{"embeddable":true,"href":"https:\/\/www.europesays.com\/fr\/wp-json\/wp\/v2\/comments?post=202429"}],"version-history":[{"count":0,"href":"https:\/\/www.europesays.com\/fr\/wp-json\/wp\/v2\/posts\/202429\/revisions"}],"wp:featuredmedia":[{"embeddable":true,"href":"https:\/\/www.europesays.com\/fr\/wp-json\/wp\/v2\/media\/44848"}],"wp:attachment":[{"href":"https:\/\/www.europesays.com\/fr\/wp-json\/wp\/v2\/media?parent=202429"}],"wp:term":[{"taxonomy":"category","embeddable":true,"href":"https:\/\/www.europesays.com\/fr\/wp-json\/wp\/v2\/categories?post=202429"},{"taxonomy":"post_tag","embeddable":true,"href":"https:\/\/www.europesays.com\/fr\/wp-json\/wp\/v2\/tags?post=202429"}],"curies":[{"name":"wp","href":"https:\/\/api.w.org\/{rel}","templated":true}]}}