{"id":202431,"date":"2025-06-25T05:08:41","date_gmt":"2025-06-25T05:08:41","guid":{"rendered":"https:\/\/www.europesays.com\/fr\/202431\/"},"modified":"2025-06-25T05:08:41","modified_gmt":"2025-06-25T05:08:41","slug":"begles-toulon-sur-quelle-chaine-et-a-quelle-heure-voir-la-demi-finale-du-top-14","status":"publish","type":"post","link":"https:\/\/www.europesays.com\/fr\/202431\/","title":{"rendered":"B\u00e8gles &#8211; Toulon\u00a0: Sur quelle cha\u00eene et \u00e0 quelle heure voir la demi-finale du Top 14\u00a0?"},"content":{"rendered":"<p>Ce samedi, sur la pelouse du Groupama Stadium de Lyon, le Racing Club de Toulon d\u00e9fie le champion d\u2019Europe, l\u2019Union Bordeaux-B\u00e8gles, pour une place en finale du Top 14. M\u00eame s\u2019ils ne partent pas favoris, les Varois vendront ch\u00e8rement leur peau.<\/p>\n<p>\u00c0 quelle heure et sur quelle cha\u00eene voir Bordeaux-B\u00e8gles &#8211; Toulon<\/p>\n<p>La demi-finale du Top 14 sera diffus\u00e9e sur Canal +, en direct pour les abonn\u00e9es, le samedi 21\u00a0juin 2025 \u00e0 21h05.<\/p>\n<p>Le champion d\u2019Europe vise le doubl\u00e9<\/p>\n<p>Apr\u00e8s deux semaines de pause, Bordeaux-B\u00e8gles arrive avec les batteries recharg\u00e9es dans cette demi-finale. 2e place de la saison r\u00e9guli\u00e8re, les Girondins sont favoris au vu de leur saison. Mais ils devront composer sans le meilleur joueur de l\u2019ann\u00e9e, <a href=\"https:\/\/www.20minutes.fr\/sport\/louis-bielle-biarrey\/\" class=\"color-ultramarine c-link\" target=\"_blank\" rel=\"noopener\">Louis Bielle-Biarrey<\/a>, bless\u00e9 (s\u00e9quelles d\u2019une commotion). Le surpuissant seconde ligne, Adam Coleman (2m04, 130 kgs), est \u00e9galement forfait pour une blessure au tendon pectoral.<\/p>\n<p>Toulon compte sur son pack<\/p>\n<p>Les Varois restent sur huit ann\u00e9es de disette et sont de retour dans le dernier carr\u00e9 national. R\u00e9put\u00e9s comme f\u00e9roces, ils devront contenirs les ardeurs des Girondins et de leurs voltigeurs. Gianmarco Lucchesi (genou) et <a href=\"https:\/\/www.20minutes.fr\/sport\/charles-ollivon\/\" class=\"color-ultramarine c-link\" target=\"_blank\" rel=\"noopener\">Charles Ollivon<\/a> (genou) sont bless\u00e9s pour ce choc.<\/p>\n<p class=\"mb-m@xs text-l@xs\">En cliquant sur\u00ab J\u2019accepte \u00bb, vous acceptez le d\u00e9p\u00f4t de cookies par des services externes et aurez ainsi acc\u00e8s aux contenus de nos partenaires.<\/p>\n<p class=\"mb-xl@xs text-s@xs\">Plus d\u2019informations sur la page<a href=\"https:\/\/www.20minutes.fr\/gestion-cookies\" class=\"mx-xxs@xs color-ultramarine\" target=\"_blank\" rel=\"noopener\">Politique de gestion des cookies<\/a><\/p>\n<p>J\u2019accepteLes compos probables<\/p>\n<ul>\n<li>Union Bordeaux-B\u00e8gles\u00a0: 15. Buros\u00a0; 14. Penaud, 13. Depoortere, 12. Moefana, 11. Uberti\u00a0; 10. Jalibert\u00a0; 9. Lucu (cap.)\u00a0; 7. Petti, 8. Samu, 6. Diaby\u00a0; 5. Cazeaux, 4. Coleman\u00a0; 3. Falatea, 2. Lamothe, 1. Poirot.<\/li>\n<li>RC <a href=\"https:\/\/www.20minutes.fr\/dossier\/toulon\" class=\"color-ultramarine c-link\" target=\"_blank\" rel=\"noopener\">Toulon<\/a>\u00a0: 15. Jaminet\u00a0; 14. Wainiqolo\u00a0; 13. Fainga\u2019anuku, 12. Sinzelle, 11. Villi\u00e8re\u00a0; 10. Garbisi, 9. Serin\u00a0; 7. Abadie, 8. Isa, 6. Ludlam\u00a0; 5. Ribbans, 4. Halagahu\u00a0; 3. Sinckler, 2. Baubigny, 1. Gros.<\/li>\n<\/ul>\n","protected":false},"excerpt":{"rendered":"Ce samedi, sur la pelouse du Groupama Stadium de Lyon, le Racing Club de Toulon d\u00e9fie le champion&hellip;\n","protected":false},"author":2,"featured_media":202432,"comment_status":"","ping_status":"","sticky":false,"template":"","format":"standard","meta":{"footnotes":""},"categories":[9619],"tags":[1111,11,3177,1997,1777,674,1011,27,2905,12,2219,882,8177,25,479,517,478,2310],"class_list":{"0":"post-202431","1":"post","2":"type-post","3":"status-publish","4":"format-standard","5":"has-post-thumbnail","7":"category-toulon","8":"tag-actu","9":"tag-actualites","10":"tag-aquitaine","11":"tag-bordeaux","12":"tag-eu","13":"tag-europe","14":"tag-fr","15":"tag-france","16":"tag-gironde","17":"tag-news","18":"tag-nouvelle-aquitaine","19":"tag-provence-alpes-cote-dazur","20":"tag-rc-toulon","21":"tag-republique-francaise","22":"tag-rugby","23":"tag-sport","24":"tag-top-14","25":"tag-toulon"},"share_on_mastodon":{"url":"https:\/\/pubeurope.com\/@fr\/114742277183501021","error":""},"_links":{"self":[{"href":"https:\/\/www.europesays.com\/fr\/wp-json\/wp\/v2\/posts\/202431","targetHints":{"allow":["GET"]}}],"collection":[{"href":"https:\/\/www.europesays.com\/fr\/wp-json\/wp\/v2\/posts"}],"about":[{"href":"https:\/\/www.europesays.com\/fr\/wp-json\/wp\/v2\/types\/post"}],"author":[{"embeddable":true,"href":"https:\/\/www.europesays.com\/fr\/wp-json\/wp\/v2\/users\/2"}],"replies":[{"embeddable":true,"href":"https:\/\/www.europesays.com\/fr\/wp-json\/wp\/v2\/comments?post=202431"}],"version-history":[{"count":0,"href":"https:\/\/www.europesays.com\/fr\/wp-json\/wp\/v2\/posts\/202431\/revisions"}],"wp:featuredmedia":[{"embeddable":true,"href":"https:\/\/www.europesays.com\/fr\/wp-json\/wp\/v2\/media\/202432"}],"wp:attachment":[{"href":"https:\/\/www.europesays.com\/fr\/wp-json\/wp\/v2\/media?parent=202431"}],"wp:term":[{"taxonomy":"category","embeddable":true,"href":"https:\/\/www.europesays.com\/fr\/wp-json\/wp\/v2\/categories?post=202431"},{"taxonomy":"post_tag","embeddable":true,"href":"https:\/\/www.europesays.com\/fr\/wp-json\/wp\/v2\/tags?post=202431"}],"curies":[{"name":"wp","href":"https:\/\/api.w.org\/{rel}","templated":true}]}}