{"id":202439,"date":"2025-06-25T05:15:13","date_gmt":"2025-06-25T05:15:13","guid":{"rendered":"https:\/\/www.europesays.com\/fr\/202439\/"},"modified":"2025-06-25T05:15:13","modified_gmt":"2025-06-25T05:15:13","slug":"deux-blesses-graves-cette-nuit-a-brie-et-angonnes","status":"publish","type":"post","link":"https:\/\/www.europesays.com\/fr\/202439\/","title":{"rendered":"deux bless\u00e9s graves cette nuit \u00e0 Bri\u00e9-et-Angonnes"},"content":{"rendered":"<p>Un automobiliste a subitement perdu le contr\u00f4le de son v\u00e9hicule, lequel a quitt\u00e9 la chauss\u00e9e pour finir sa course contre un arbre, peu avant 2 h 30 dans la nuit du mardi 24 au mercredi 25 juin, sur la RD 8 (la route Napol\u00e9on) \u00e0 Bri\u00e9-et-Angonnes.<\/p>\n<p>Ce contenu est bloqu\u00e9 car vous n&rsquo;avez pas accept\u00e9 les cookies et autres traceurs.<\/p>\n<p>En cliquant sur \u00ab J\u2019accepte \u00bb, les cookies et autres traceurs seront d\u00e9pos\u00e9s et vous pourrez visualiser les contenus  (<a href=\"\" class=\"consentModule_policy\" target=\"_blank\" title=\"Consulter la politique de protection des donn\u00e9es du fournisseur\">plus d&rsquo;informations<\/a>).<\/p>\n<p>En cliquant sur \u00ab J\u2019accepte tous les cookies \u00bb, vous autorisez des d\u00e9p\u00f4ts de cookies et autres traceurs pour le stockage de vos donn\u00e9es sur nos sites et applications \u00e0 des fins de personnalisation et de ciblage publicitaire.<\/p>\n<p class=\"consentModule_secondaryText\">Vous gardez la possibilit\u00e9 de retirer votre consentement \u00e0 tout moment en consultant notre <a href=\"https:\/\/www.ledauphine.com\/protection-des-donnees\" target=\"_blank\" title=\"Consulter notre politique de protection des donn\u00e9es\" rel=\"nofollow noopener\">politique de protection des donn\u00e9es<\/a>. <br \/>&#13;<br \/>\n            <a href=\"https:\/\/www.ledauphine.com\/faits-divers-justice\/2025\/06\/25\/javascript:Didomi.notice.show()\" class=\"consentModule_cmp\" rel=\"nofollow noopener\" target=\"_blank\">G\u00e9rer mes choix<\/a>&#13;\n        <\/p>\n<p>&#13;<br \/>\n                        J&rsquo;accepte&#13;<br \/>\n            J&rsquo;accepte tous les cookies&#13;\n        <\/p>\n<p>Si le passager avant, un homme de 18 ans, est sorti quasiment indemne de l&rsquo;accident, le conducteur, un homme de 19 ans, et sa passag\u00e8re arri\u00e8re, une femme de 18 ans, ont \u00e9t\u00e9 gravement bless\u00e9s dans le choc.<\/p>\n<p>Secourus par les sapeurs-pompiers et m\u00e9dicalis\u00e9s par une \u00e9quipe du Samu 38, ils ont \u00e9t\u00e9 transport\u00e9s au CHU Grenoble-Alpes tandis que les gendarmes proc\u00e9daient aux constatations d&rsquo;usage afin de d\u00e9terminer les circonstances de cette sortie de route.<\/p>\n","protected":false},"excerpt":{"rendered":"Un automobiliste a subitement perdu le contr\u00f4le de son v\u00e9hicule, lequel a quitt\u00e9 la chauss\u00e9e pour finir sa&hellip;\n","protected":false},"author":2,"featured_media":202440,"comment_status":"","ping_status":"","sticky":false,"template":"","format":"standard","meta":{"footnotes":""},"categories":[9566],"tags":[1111,11,2430,21753,113,1777,674,274,107,1011,27,2731,108,12,25],"class_list":{"0":"post-202439","1":"post","2":"type-post","3":"status-publish","4":"format-standard","5":"has-post-thumbnail","7":"category-grenoble","8":"tag-actu","9":"tag-actualites","10":"tag-auvergne-rhone-alpes","11":"tag-brie-et-angonnes","12":"tag-edition-gresivaudan-oisans","13":"tag-eu","14":"tag-europe","15":"tag-faits-divers-justice","16":"tag-fil-info","17":"tag-fr","18":"tag-france","19":"tag-grenoble","20":"tag-isere","21":"tag-news","22":"tag-republique-francaise"},"share_on_mastodon":{"url":"https:\/\/pubeurope.com\/@fr\/114742304716679684","error":""},"_links":{"self":[{"href":"https:\/\/www.europesays.com\/fr\/wp-json\/wp\/v2\/posts\/202439","targetHints":{"allow":["GET"]}}],"collection":[{"href":"https:\/\/www.europesays.com\/fr\/wp-json\/wp\/v2\/posts"}],"about":[{"href":"https:\/\/www.europesays.com\/fr\/wp-json\/wp\/v2\/types\/post"}],"author":[{"embeddable":true,"href":"https:\/\/www.europesays.com\/fr\/wp-json\/wp\/v2\/users\/2"}],"replies":[{"embeddable":true,"href":"https:\/\/www.europesays.com\/fr\/wp-json\/wp\/v2\/comments?post=202439"}],"version-history":[{"count":0,"href":"https:\/\/www.europesays.com\/fr\/wp-json\/wp\/v2\/posts\/202439\/revisions"}],"wp:featuredmedia":[{"embeddable":true,"href":"https:\/\/www.europesays.com\/fr\/wp-json\/wp\/v2\/media\/202440"}],"wp:attachment":[{"href":"https:\/\/www.europesays.com\/fr\/wp-json\/wp\/v2\/media?parent=202439"}],"wp:term":[{"taxonomy":"category","embeddable":true,"href":"https:\/\/www.europesays.com\/fr\/wp-json\/wp\/v2\/categories?post=202439"},{"taxonomy":"post_tag","embeddable":true,"href":"https:\/\/www.europesays.com\/fr\/wp-json\/wp\/v2\/tags?post=202439"}],"curies":[{"name":"wp","href":"https:\/\/api.w.org\/{rel}","templated":true}]}}