{"id":202441,"date":"2025-06-25T05:16:11","date_gmt":"2025-06-25T05:16:11","guid":{"rendered":"https:\/\/www.europesays.com\/fr\/202441\/"},"modified":"2025-06-25T05:16:11","modified_gmt":"2025-06-25T05:16:11","slug":"interview-grenoble-eric-piolle-dit-ce-quil-pense-de-melenchon-et-hollande-pour-la-presidentielle-2027","status":"publish","type":"post","link":"https:\/\/www.europesays.com\/fr\/202441\/","title":{"rendered":"Interview. Grenoble. Eric Piolle dit ce qu&rsquo;il pense de M\u00e9lenchon et Hollande pour la pr\u00e9sidentielle 2027"},"content":{"rendered":"<p>            Par<br \/>\n        <strong><br \/>\n            <a href=\"https:\/\/actu.fr\/auteur\/anthony-soudani\" title=\"Consulter tous les articles de Anthony Soudani\" target=\"_blank\" rel=\"noopener\">Anthony Soudani<\/a><br \/>\n        <\/strong><\/p>\n<p>        Publi\u00e9 le<\/p>\n<p>            25 juin 2025 \u00e0 6h08        <\/p>\n<p>Jean-Luc M\u00e9lenchon, <a href=\"https:\/\/actu.fr\/occitanie\/millau_12145\/en-tournee-en-occitanie-francois-hollande-aurait-il-l-oeil-tourne-vers-2027_62753065.html\" target=\"_blank\" rel=\"noopener\">Fran\u00e7ois Hollande<\/a>, Marine Tondelier\u2026 \u00c0 gauche, ce ne sont pas les ambitions pr\u00e9sidentielles qui manquent. <a href=\"https:\/\/actu.fr\/auvergne-rhone-alpes\/grenoble_38185\/le-maire-de-grenoble-eric-piolle-occupe-une-nouvelle-fonction-chez-les-ecologistes_62565311.html\" target=\"_blank\" rel=\"noopener\">Eric Piolle<\/a>, porte-parole des \u00c9cologistes, confie \u00e0 actu Grenoble ses envies politiques pour la suite, ses souhaits pour les municipales 2026 et pour l\u2019\u00e9ch\u00e9ance pr\u00e9sidentielle.<\/p>\n<p class=\" wall-content\">Le maire de <a href=\"https:\/\/actu.fr\/grenoble\/\" target=\"_blank\" rel=\"noopener\">Grenoble<\/a>, dont c\u2019est le dernier mandat, veut tourner la page de la politique locale pour s\u2019orienter vers le national.<\/p>\n<p class=\" wall-content\">Candidat en 2022,<strong> il ne se pr\u00e9sentera pas directement<\/strong> pour succ\u00e9der \u00e0 Emmanuel Macron mais plaide pour une union de la gauche. Il dit notamment ce qu\u2019il pense de Jean-Luc M\u00e9lenchon et Fran\u00e7ois Hollande. Interview.<\/p>\n<p>\u00catre maire \u00e9colo, \u00ab\u00a0c\u2019est toujours populaire\u00a0\u00bb<\/p>\n<p class=\"ac-article-content__question wall-content\"><strong class=\"color-primary\">Actu : <\/strong>Pensez-vous qu&rsquo;aujourd&rsquo;hui, c&rsquo;est toujours populaire d&rsquo;\u00eatre maire \u00e9cologiste ? Est-ce que la hype (tendance) de 2020 ne s&rsquo;est pas un peu \u00e9teinte ?<\/p>\n<p class=\" wall-content\"><strong class=\"color-primary\">Eric Piolle : <\/strong>Je pense que oui, c&rsquo;est toujours populaire. Nous sommes dans un d\u00e9bat national qui s&rsquo;est radicalis\u00e9 beaucoup plus que les gens. Les cha\u00eenes d&rsquo;actualit\u00e9 en continu et le noyautage de certains m\u00e9dias par des milliardaires d&rsquo;extr\u00eame droite, qui ont un agenda politique, ont radicalis\u00e9 l&rsquo;offre politique nationale. Mais \u00e0 l&rsquo;\u00e9chelle locale, il y a cette envie de continuer de vivre en communaut\u00e9.<\/p>\n<p class=\"ac-article-content__question wall-content\">Vous \u00eates accus\u00e9 d&rsquo;avoir demand\u00e9 \u00e0 un de vos conseillers de r\u00e9troc\u00e9der ses revenus \u00e0 une \u00e9lue, Elisa Martin. Cela repr\u00e9senterait 16 800 euros en liquide, non d\u00e9clar\u00e9s au fisc. Cette affaire a-t-elle terni votre image ? Avez-vous des nouvelles de la justice ?<\/p>\n<p class=\" wall-content\"><strong class=\"color-primary\">E.P. : <\/strong>Je n&rsquo;ai pas de nouvelles depuis bient\u00f4t 7-8 mois. La justice fait son travail. J&rsquo;ai toujours dit que j&rsquo;\u00e9tais un justiciable comme les autres. Et \u00e7a n&rsquo;a pas terni mon image. Elisa Martin a \u00e9t\u00e9 la d\u00e9put\u00e9e la mieux r\u00e9\u00e9lue de toute l&rsquo;Is\u00e8re. Dans la population, personne ne m&rsquo;en parle.<\/p>\n<p>Vid\u00e9os : en ce moment sur Actu<\/p>\n<p class=\"ac-article-content__question wall-content\">Vous allez laisser votre place \u00e0 une candidate \u00e9cologiste qui reste \u00e0 d\u00e9terminer. Si la France insoumise part avec un candidat de son c\u00f4t\u00e9 et prend la t\u00eate de la mairie de Grenoble. Pour vous, est-ce que ce serait une bonne chose ?<\/p>\n<p class=\" wall-content\"><strong class=\"color-primary\">E.P. : <\/strong>Je suis \u00e9cologiste. Je pense que ce munipalisme \u00e9cologiste fonctionne dans la fa\u00e7on de faire de la politique. Quand on est arriv\u00e9, il y avait 20 voitures de fonction pour les adjoints, deux voitures pour le maire&#8230; On a baiss\u00e9 les indemnit\u00e9s, le train de vie des \u00e9lus. Cette pratique politique reste originale.  <\/p>\n<p>    <img   decoding=\"async\" loading=\"lazy\" src=\"https:\/\/www.europesays.com\/fr\/wp-content\/uploads\/2025\/06\/eric-piolle-maire-de-grenoble-3-960x640.jpg\" alt=\"Eric Piolle maire de Grenoble\" width=\"960\" height=\"640\"\/><br \/>\n    Eric Piolle, maire de Grenoble, souhaite que son parti continue \u00e0 faire alliance avec LFI en 2026. (\u00a9Anthony Soudani \/ actu Grenoble)Municipales \u00e0 Grenoble : \u00ab\u00a0Pour la France insoumise, c\u2019est Jean-Luc M\u00e9lenchon qui d\u00e9cidera \u00e0 la fin\u00a0\u00bb<\/p>\n<p class=\"ac-article-content__question wall-content\">Pensez-vous que les \u00c9cologistes vont faire mieux ou moins bien aux municipales 2026 ?<\/p>\n<p class=\" wall-content\"><strong class=\"color-primary\">E.P. : <\/strong>J&rsquo;esp\u00e8re que le mouvement de 2020 va s&rsquo;\u00e9tendre. On pense aux pr\u00e9fectures. On a tous Lille en t\u00eate avec la succession de Martine Aubry. Il y a des villes de droite qui peuvent \u00eatre conquises par la gauche et les \u00e9cologistes s&rsquo;ils savent s&rsquo;unir.<\/p>\n<p class=\"ac-article-content__question wall-content\">Appelez-vous la France insoumise \u00e0 rejoindre les \u00e9cologistes pour faire une liste ensemble aux municipales 2026 \u00e0 Grenoble ? <\/p>\n<p class=\" wall-content\"><strong class=\"color-primary\">E.P. : <\/strong>Il y a une aspiration \u00e0 continuer ensemble. Pourquoi ne pas \u00e9largir au p\u00e9rim\u00e8tre du Nouveau front populaire (NFP). Rien n&rsquo;est fig\u00e9 du c\u00f4t\u00e9 du Parti socialiste, qui \u00e9tait dans l&rsquo;opposition la derni\u00e8re fois. Tout le monde sait que pour la France insoumise, c&rsquo;est Jean-Luc M\u00e9lenchon qui d\u00e9cidera \u00e0 la fin.<\/p>\n<p>Eric Piolle veut continuer avec LFI \u00e0 Grenoble<\/p>\n<p class=\"ac-article-content__question wall-content\">Sentez-vous une volont\u00e9 de mettre un candidat insoumis \u00e0 Grenoble face aux \u00e9cologistes d\u00e8s le premier tour ?<\/p>\n<p class=\" wall-content\"><strong class=\"color-primary\">E.P. : <\/strong>\u00c0 Grenoble, ils sont attach\u00e9s \u00e0 ce que nous avons construit ensemble. S&rsquo;il y a une d\u00e9cision de Jean-Luc M\u00e9lenchon sur les municipales, ce sera une d\u00e9cision nationale.<\/p>\n<p class=\"ac-article-content__question wall-content\">Discutez-vous avec Jean-Luc M\u00e9lenchon ? Vous envoie-t-il les m\u00eames messages qu&rsquo;\u00e0 Marine Tondelier ? (N.D.L.R. \u00ab On va te renvoyer la dose que tu m\u00e9rites. \u00bb, lui avait-il envoy\u00e9 avant les l\u00e9gislatives de Grenoble.)<\/p>\n<p class=\" wall-content\"><strong class=\"color-primary\">E.P. : <\/strong>Il ne m&rsquo;envoie pas les m\u00eames messages qu&rsquo;\u00e0 Marine Tondelier. On sait comment fonctionne LFI. La d\u00e9cision, on sait o\u00f9 elle se prend. Y a-t-il une prise de risque pour eux ? C&rsquo;est potentiellement montrer une sorte de plafond de verre, comme \u00e0 Villeneuve-Saint-Georges. Mais surtout, il faut regarder le fond politique. \u00c0 l&rsquo;\u00e9chelle nationale, les \u00e9cologistes n&rsquo;ont pas la m\u00eame fa\u00e7on de s&rsquo;adresser \u00e0 la soci\u00e9t\u00e9 que Jean-Luc M\u00e9lenchon. Mais \u00e0 l&rsquo;\u00e9chelle locale, nous avons travaill\u00e9 en bonne harmonie sur les pr\u00e9occupations des habitants. L&rsquo;envie, c&rsquo;est de continuer dans un p\u00e9rim\u00e8tre \u00e9largi du NFP. <\/p>\n<p>Eric Piolle veut \u00ab\u00a0porter la candidature d\u2019une femme\u00a0\u00bb \u00e0 la pr\u00e9sidentielle 2027<\/p>\n<p class=\"ac-article-content__question wall-content\">Vous \u00eates une des grandes figures des \u00c9cologistes. Avez-vous des ambitions pr\u00e9sidentielles en 2027 ?<\/p>\n<p class=\" wall-content\"><strong class=\"color-primary\">E.P. : <\/strong>Mon ambition, c&rsquo;est d&rsquo;avoir une candidature commune qui soit en capacit\u00e9 de jouer la victoire au deuxi\u00e8me tour face \u00e0 l&rsquo;extr\u00eame droite. Pour la premi\u00e8re fois, on peut se dire qu&rsquo;elle sera en t\u00eate du premier tour des \u00e9lections. En tout cas, si elle ne l&rsquo;\u00e9tait pas, ce serait une surprise majeure. C&rsquo;est une inversion par rapport aux campagnes pr\u00e9c\u00e9dentes. <\/p>\n<p>La question c&rsquo;est : quelle sera la candidature pour battre l&rsquo;extr\u00eame droite ? Nous travaillons \u00e0 une candidature commune. Nous ne sommes pas dans une logique de primaire \u00e9colo. Moi, j&rsquo;ai \u00e9t\u00e9 candidat la derni\u00e8re fois parce que je pensais que j&rsquo;\u00e9tais le seul \u00e0 r\u00e9unir de la France insoumise au Parti socialiste. L\u00e0, je suis plut\u00f4t au service du collectif.<\/p>\n<p>    <img   decoding=\"async\" loading=\"lazy\" src=\"https:\/\/www.europesays.com\/fr\/wp-content\/uploads\/2025\/06\/91dc417462176e5dc41746217c9dc4v-960x640.jpg\" alt=\"Marine Tondelier a pris la parole devant les salari\u00e9s en gr\u00e8ve.\" width=\"960\" height=\"640\"\/><br \/>\n    Marine Tondelier pourrait-elle porter une candidature commune en 2027 ? Eric Piolle botte en touche. (\u00a9Paul LESIGNE)<\/p>\n<p class=\"ac-article-content__question wall-content\">Vous ne vous voyez pas personnellement candidat donc&#8230;<\/p>\n<p class=\" wall-content\"><strong class=\"color-primary\">E.P. : <\/strong>Je ne suis pas dans la m\u00eame logique que 2022. Ce qui m&rsquo;importe c&rsquo;est le collectif avec cette envie de faire \u00e9merger une candidature commune et si possible une candidature de femme. Comme \u00e0 Grenoble, je suis fier que ce soit une femme qui prenne la t\u00eate de la liste apr\u00e8s moi.<\/p>\n<p class=\"ac-article-content__question wall-content\">Plut\u00f4t Marine Tondelier ou Lucie Castets ?<\/p>\n<p class=\" wall-content\"><strong class=\"color-primary\">E.P. : <\/strong>Je le garde pour moi. 2022, c&rsquo;\u00e9taient des candidatures individuelles, y compris la mienne. 2027 sera une aventure collective.<\/p>\n<p>\u00ab\u00a0Si Jean-Luc M\u00e9lenchon d\u00e9cide d\u2019\u00eatre candidat en 2027, ok c\u2019est sa vie\u2026\u00a0\u00bb<\/p>\n<p class=\"ac-article-content__question wall-content\">Mais avec la France insoumise, c&rsquo;est presque mission impossible&#8230;<\/p>\n<p class=\" wall-content\"><strong class=\"color-primary\">E.P. : <\/strong>C&rsquo;est ouvert. Je ne pense pas qu&rsquo;ils seront l\u00e0 le 2 juillet (\u00e0 la r\u00e9union entre partis de gauche et la soci\u00e9t\u00e9 civile). Mais quel que soit le p\u00e9rim\u00e8tre, ce sera un collectif. Il n&rsquo;y aura aucune candidature naturelle. Si Jean-Luc M\u00e9lenchon d\u00e9cide d&rsquo;\u00eatre candidat, ok c&rsquo;est sa vie&#8230;<\/p>\n<p class=\"ac-article-content__question wall-content\">Vous seriez pr\u00eats \u00e0 vous ranger derri\u00e8re Jean-Luc M\u00e9lenchon d\u00e8s le premier tour pour faire une union de la gauche derri\u00e8re la France insoumise ?<\/p>\n<p class=\" wall-content\"><strong class=\"color-primary\">E.P. : <\/strong>M\u00eame si \u00e7a a rat\u00e9 deux fois, il en \u00e9tait tr\u00e8s proche. Je pense que Jean-Luc M\u00e9lenchon a montr\u00e9 qu&rsquo;il \u00e9tait le plus talentueux pour \u00e9carter l&rsquo;extr\u00eame droite du deuxi\u00e8me tour. <\/p>\n<p>La question qui est nouvelle en 2027, c&rsquo;est qui peut battre l&rsquo;extr\u00eame droite au deuxi\u00e8me tour ? La personne que nous cherchons est une personne qui peut rassembler une large partie des Fran\u00e7ais dans ce front r\u00e9publicain sur un projet de transformation profonde. Je souris un peu quand je vois la candidature de Fran\u00e7ois Hollande, parce qu&rsquo;il ne peut rien se faire dans une strat\u00e9gie d&rsquo;accompagnement du syst\u00e8me sur cinq ans comme \u00e7a a \u00e9t\u00e9 fait entre 2012 et 2017.<\/p>\n<p>Fran\u00e7ois Hollande dans la course : \u00ab\u00a0\u00c7a me fait sourire\u00a0\u00bb<\/p>\n<p class=\"ac-article-content__question wall-content\">Elle vous fait rire la potentielle candidature de Fran\u00e7ois Hollande&#8230;<\/p>\n<p class=\" wall-content\"><strong class=\"color-primary\">E.P. : <\/strong>Elle me fait sourire. \u00c7a fait 15 ans qu&rsquo;il a \u00e9t\u00e9 \u00e9lu&#8230; \u00e7a a un c\u00f4t\u00e9 Giscard qui r\u00f4dait dans les parages pour voir s&rsquo;il pouvait revenir. Les succ\u00e8s qu&rsquo;il peut rencontrer dans les d\u00e9dicaces de son livre ne sont peut-\u00eatre pas forc\u00e9ment les pr\u00e9mices d&rsquo;un succ\u00e8s d&rsquo;une nouvelle candidature.<\/p>\n<p>    <img   decoding=\"async\" loading=\"lazy\" src=\"https:\/\/www.europesays.com\/fr\/wp-content\/uploads\/2025\/06\/5513543d8a3564913543d8a351d135v-960x640.jpg\" alt=\"Fran\u00e7ois Hollande sera ce jeudi 1er mai 2025 \u00e0 Marmande pour l'inauguration de la Foire.\" width=\"960\" height=\"640\"\/><br \/>\n    Fran\u00e7ois Hollande ne cache pas son int\u00e9r\u00eat pour 2027. (\u00a9actu.fr)<\/p>\n<p class=\"ac-article-content__question wall-content\">Apr\u00e8s mars 2026, allez-vous garder un pied dans la vie politique grenobloise ou vraiment, c&rsquo;est fini pour vous ?<\/p>\n<p class=\" wall-content\"><strong class=\"color-primary\">E.P. : <\/strong>Je n&rsquo;ai pas envie d&rsquo;\u00eatre encombrant pour la suite. Il faut laisser de la place, \u00e7a ne sert \u00e0 rien de r\u00f4der comme un vieux. Je ne vais pas faire le Fran\u00e7ois Hollande grenoblois : r\u00f4der pour voir si les gens me regrettent. Je n&rsquo;ai pas du tout ce besoin-l\u00e0. Je continuerai de vivre ici et aussi \u00e0 Paris. Je continuerai le travail national en \u00e9tant bas\u00e9 \u00e0 Grenoble sans \u00eatre dans la vie politique locale.<\/p>\n<p class=\" wall-content\"><strong>Propos recueillis par Lisa Rodrigues et Anthony Soudani<\/strong><\/p>\n<p class=\" wall-content\">Suivez toute l\u2019actualit\u00e9 de vos villes et m\u00e9dias favoris en vous inscrivant \u00e0 <a href=\"https:\/\/moncompte.actu.fr\" title=\"D\u00e9couvez Mon Actu\" rel=\"nofollow noopener\" data-trk=\"{&quot;cta&quot;:{&quot;action&quot;:&quot;https:\\\/\\\/moncompte.actu.fr&quot;,&quot;category&quot;:&quot;mon compte&quot;,&quot;from&quot;:&quot;article footer&quot;,&quot;name&quot;:&quot;Mon actu&quot;,&quot;type&quot;:&quot;cta&quot;}}\" target=\"_blank\">Mon Actu<\/a>.<\/p>\n","protected":false},"excerpt":{"rendered":"Par Anthony Soudani Publi\u00e9 le 25 juin 2025 \u00e0 6h08 Jean-Luc M\u00e9lenchon, Fran\u00e7ois Hollande, Marine Tondelier\u2026 \u00c0 gauche,&hellip;\n","protected":false},"author":2,"featured_media":202442,"comment_status":"","ping_status":"","sticky":false,"template":"","format":"standard","meta":{"footnotes":""},"categories":[9566],"tags":[1111,11,2430,1777,674,7430,1011,27,3082,2731,3081,12,316,25],"class_list":{"0":"post-202441","1":"post","2":"type-post","3":"status-publish","4":"format-standard","5":"has-post-thumbnail","7":"category-grenoble","8":"tag-actu","9":"tag-actualites","10":"tag-auvergne-rhone-alpes","11":"tag-eu","12":"tag-europe","13":"tag-europe-ecologie-les-verts-eelv","14":"tag-fr","15":"tag-france","16":"tag-francois-hollande","17":"tag-grenoble","18":"tag-jean-luc-melenchon","19":"tag-news","20":"tag-politique","21":"tag-republique-francaise"},"share_on_mastodon":{"url":"https:\/\/pubeurope.com\/@fr\/114742308687996686","error":""},"_links":{"self":[{"href":"https:\/\/www.europesays.com\/fr\/wp-json\/wp\/v2\/posts\/202441","targetHints":{"allow":["GET"]}}],"collection":[{"href":"https:\/\/www.europesays.com\/fr\/wp-json\/wp\/v2\/posts"}],"about":[{"href":"https:\/\/www.europesays.com\/fr\/wp-json\/wp\/v2\/types\/post"}],"author":[{"embeddable":true,"href":"https:\/\/www.europesays.com\/fr\/wp-json\/wp\/v2\/users\/2"}],"replies":[{"embeddable":true,"href":"https:\/\/www.europesays.com\/fr\/wp-json\/wp\/v2\/comments?post=202441"}],"version-history":[{"count":0,"href":"https:\/\/www.europesays.com\/fr\/wp-json\/wp\/v2\/posts\/202441\/revisions"}],"wp:featuredmedia":[{"embeddable":true,"href":"https:\/\/www.europesays.com\/fr\/wp-json\/wp\/v2\/media\/202442"}],"wp:attachment":[{"href":"https:\/\/www.europesays.com\/fr\/wp-json\/wp\/v2\/media?parent=202441"}],"wp:term":[{"taxonomy":"category","embeddable":true,"href":"https:\/\/www.europesays.com\/fr\/wp-json\/wp\/v2\/categories?post=202441"},{"taxonomy":"post_tag","embeddable":true,"href":"https:\/\/www.europesays.com\/fr\/wp-json\/wp\/v2\/tags?post=202441"}],"curies":[{"name":"wp","href":"https:\/\/api.w.org\/{rel}","templated":true}]}}