{"id":202443,"date":"2025-06-25T05:17:09","date_gmt":"2025-06-25T05:17:09","guid":{"rendered":"https:\/\/www.europesays.com\/fr\/202443\/"},"modified":"2025-06-25T05:17:09","modified_gmt":"2025-06-25T05:17:09","slug":"les-delais-dattente-sont-tres-courts-pres-de-rennes-un-nouveau-centre-de-soins-en-psychiatrie-a-ouvert","status":"publish","type":"post","link":"https:\/\/www.europesays.com\/fr\/202443\/","title":{"rendered":"\u00ab\u00a0Les d\u00e9lais d\u2019attente sont tr\u00e8s courts\u00a0\u00bb\u00a0: pr\u00e8s de Rennes, un nouveau centre de soins en psychiatrie a ouvert"},"content":{"rendered":"<p>Depuis deux mois, Sol\u00e8ne, habitante des alentours de Rennes, se rend plusieurs fois par semaines chez Medipsy, \u00e0 Saint-Jacques-de-la-Lande, un h\u00f4pital priv\u00e9 de jour en psychiatrie. Souffrant de d\u00e9pression depuis plusieurs ann\u00e9es, elle a pu obtenir une prise en charge dans ce nouveau centre, ouvert en d\u00e9cembre 2024, en seulement trois semaines. \u00ab Fin 2024, ma psychiatre m\u2019avait orient\u00e9 vers une hospitalisation au sein de la Clinique du Moulin, \u00e0 Bruz, mais <a href=\"https:\/\/www.letelegramme.fr\/ille-et-vilaine\/rennes-35000\/plusieurs-mois-apres-les-inondations-en-ille-et-vilaine-cette-clinique-est-toujours-fermee-6834951.php\" target=\"_blank\" rel=\"nofollow noopener\">elle a d\u00fb fermer en raison des inondations<\/a>, pointe Sol\u00e8ne. J\u2019ai donc \u00e9t\u00e9 admise au sein de la clinique L\u2019Esp\u00e9rance, \u00e0 Rennes, apr\u00e8s un mois et demi \u00bb.<\/p>\n<p>Une exp\u00e9rience \u00ab traumatisante \u00bb. \u00ab Je suis partie au bout de 24 heures car ce n\u2019est pas ce dont j\u2019avais besoin. L\u00e0-bas, j\u2019avais l\u2019impression d\u2019\u00eatre dans un mauvais film avec des patients tr\u00e8s m\u00e9dicament\u00e9s. Je comprends que certains en aient besoin, mais moi, c\u2019est un groupe d\u2019\u00e9coute dont j\u2019avais besoin. Mais le psychologue de l\u2019h\u00f4pital n\u2019\u00e9tait disponible que dix jours plus tard \u00bb.<\/p>\n<p>Temps d\u2019attente de deux semaines<\/p>\n<p>Elle a donc \u00e9t\u00e9 r\u00e9-orient\u00e9e vers ce nouveau centre du m\u00eame groupe hospitalier, Ramsay Sant\u00e9. \u00ab Pour le moment, le temps d\u2019attente avant une prise en charge ici est d\u2019environ deux semaines \u00bb, explique le docteur Ludovic Durand, psychiatre et r\u00e9f\u00e9rent m\u00e9dical de la structure. Des temps \u00ab tr\u00e8s courts \u00bb, affirme Sol\u00e8ne, au regard de la demande en psychiatrie sur le bassin rennais. \u00ab On a bien conscience des d\u00e9lais importants pour \u00eatre pris en charge, poursuit le psychiatre. Nos patients nous parlent de ces difficult\u00e9s d\u2019acc\u00e8s \u00e0 un psychiatre, que sur Rennes, c\u2019est compliqu\u00e9. J\u2019ai pass\u00e9 huit ans comme m\u00e9decin senior dans le service public, \u00e0 l\u2019H\u00f4pital Guillaume-R\u00e9gnier de Rennes o\u00f9 les d\u00e9lais \u00e9taient de trois mois en moyenne, avec tout de m\u00eame des fili\u00e8res qui permettent d\u2019\u00eatre pris en urgence dans la journ\u00e9e \u00bb.<\/p>\n<p>Medipsy se veut comme \u00ab une offre de psychiatrie ambulatoire compl\u00e9mentaire sur le territoire, pour des personnes qui souffrent de troubles psychiques, anxieux, d\u00e9pressifs, li\u00e9s a l\u2019addiction et \u00e0 des probl\u00e9matiques d\u2019ordre \u00e9motionnel \u00bb. Ici, les patients sont accueillis \u00e0 la demi-journ\u00e9e, et les soins mixent l\u2019accompagnement individuel et en petits groupes. \u00ab Il y a des groupes de parole, du sport adapt\u00e9, de la relaxation et gestion du stress \u00bb.<\/p>\n<p>Arriv\u00e9e il y a deux mois, Sol\u00e8ne fait donc partie des 30 patients actuellement suivis dans ce centre. Pour une dur\u00e9e moyenne de neuf mois. \u00ab C\u2019est une structure adapt\u00e9e \u00e0 ma pathologie. La prise en charge a \u00e9t\u00e9 rapide mais ce sera s\u00fbrement plus difficile \u00e0 l\u2019avenir d\u2019avoir une prise en charge rapide. \u00bb Encore en rodage, Medipsy ne tourne pas encore \u00e0 plein r\u00e9gime. Car, comme l\u2019indique le docteur Durand, \u00ab on garde encore des places vacantes, on ouvre de mani\u00e8re progressive. Mais on re\u00e7oit des demandes toutes les semaines \u00bb.<\/p>\n","protected":false},"excerpt":{"rendered":"Depuis deux mois, Sol\u00e8ne, habitante des alentours de Rennes, se rend plusieurs fois par semaines chez Medipsy, \u00e0&hellip;\n","protected":false},"author":2,"featured_media":202444,"comment_status":"","ping_status":"","sticky":false,"template":"","format":"standard","meta":{"footnotes":""},"categories":[2821],"tags":[1111,11,829,1777,674,1011,27,100,848,12,584,25,71],"class_list":{"0":"post-202443","1":"post","2":"type-post","3":"status-publish","4":"format-standard","5":"has-post-thumbnail","7":"category-rennes","8":"tag-actu","9":"tag-actualites","10":"tag-bretagne","11":"tag-eu","12":"tag-europe","13":"tag-fr","14":"tag-france","15":"tag-hopital","16":"tag-ille-et-vilaine","17":"tag-news","18":"tag-rennes","19":"tag-republique-francaise","20":"tag-sante"},"share_on_mastodon":{"url":"https:\/\/pubeurope.com\/@fr\/114742312590061358","error":""},"_links":{"self":[{"href":"https:\/\/www.europesays.com\/fr\/wp-json\/wp\/v2\/posts\/202443","targetHints":{"allow":["GET"]}}],"collection":[{"href":"https:\/\/www.europesays.com\/fr\/wp-json\/wp\/v2\/posts"}],"about":[{"href":"https:\/\/www.europesays.com\/fr\/wp-json\/wp\/v2\/types\/post"}],"author":[{"embeddable":true,"href":"https:\/\/www.europesays.com\/fr\/wp-json\/wp\/v2\/users\/2"}],"replies":[{"embeddable":true,"href":"https:\/\/www.europesays.com\/fr\/wp-json\/wp\/v2\/comments?post=202443"}],"version-history":[{"count":0,"href":"https:\/\/www.europesays.com\/fr\/wp-json\/wp\/v2\/posts\/202443\/revisions"}],"wp:featuredmedia":[{"embeddable":true,"href":"https:\/\/www.europesays.com\/fr\/wp-json\/wp\/v2\/media\/202444"}],"wp:attachment":[{"href":"https:\/\/www.europesays.com\/fr\/wp-json\/wp\/v2\/media?parent=202443"}],"wp:term":[{"taxonomy":"category","embeddable":true,"href":"https:\/\/www.europesays.com\/fr\/wp-json\/wp\/v2\/categories?post=202443"},{"taxonomy":"post_tag","embeddable":true,"href":"https:\/\/www.europesays.com\/fr\/wp-json\/wp\/v2\/tags?post=202443"}],"curies":[{"name":"wp","href":"https:\/\/api.w.org\/{rel}","templated":true}]}}